{"id":2698,"date":"2014-08-15T02:07:00","date_gmt":"2014-08-15T02:07:00","guid":{"rendered":"http:\/\/formalprision.info\/2014\/08\/15\/invitan-al-gobernador-toma-de-protesta\/"},"modified":"2015-06-03T08:36:09","modified_gmt":"2015-06-03T08:36:09","slug":"invitan-al-gobernador-toma-de-protesta","status":"publish","type":"post","link":"https:\/\/formalprision.com\/?p=2698","title":{"rendered":"Invitan al Gobernador a toma de protesta del Consejo Mundial de\nIngenieros Civiles"},"content":{"rendered":"<div style=\"font-family: Noteworthy; font-size: 20px; font-weight: bold; line-height: 26px; -webkit-tap-highlight-color: rgba(26, 26, 26, 0.296875); -webkit-composition-fill-color: rgba(130, 98, 83, 0.0976563); -webkit-composition-frame-color: rgba(191, 107, 82, 0.496094); \">M\u00e9rida, Yucat\u00e1n, 14 de agosto de 2014.- En representaci\u00f3n del titular del Poder Ejecutivo, Rolando Zapata Bello, el jefe del Despacho del Gobernador, Eric Rubio Barthell, recibi\u00f3 la visita del profesionista yucateco Alfonso Gonz\u00e1lez Fern\u00e1ndez, quien fue electo como presidente del Consejo Mundial de Ingenieros Civiles.<\/div>\n<div style=\"font-family: Noteworthy; font-size: 20px; font-weight: bold; line-height: 26px; -webkit-tap-highlight-color: rgba(26, 26, 26, 0.296875); -webkit-composition-fill-color: rgba(130, 98, 83, 0.0976563); -webkit-composition-frame-color: rgba(191, 107, 82, 0.496094); \">La reuni\u00f3n, que se llev\u00f3 a cabo en el Sal\u00f3n de los Retratos de Palacio de Gobierno, se realiz\u00f3 con motivo de invitar al mandatario a la toma de protesta en la cual Gonz\u00e1lez Fern\u00e1ndez ocupar\u00e1 formalmente el cargo y que tendr\u00e1 como sede Lisboa, Portugal, el pr\u00f3ximo 24 de noviembre del a\u00f1o en curso.<\/div>\n<div style=\"font-family: Noteworthy; font-size: 20px; font-weight: bold; line-height: 26px; -webkit-tap-highlight-color: rgba(26, 26, 26, 0.296875); -webkit-composition-fill-color: rgba(130, 98, 83, 0.0976563); -webkit-composition-frame-color: rgba(191, 107, 82, 0.496094); \">\u201cTendr\u00e1s la gran tarea de representar a los ingenieros civiles del mundo, a los de nuestro pa\u00eds y en especial a los de Yucat\u00e1n. Lo que has logrado habla bien de nuestro pa\u00eds y posiciona a nuestra entidad y a sus ingenieros civiles a nivel mundial\u201d, apunt\u00f3 Rubio Barthell, acompa\u00f1ado del secretario de Obras P\u00fablicas, Daniel Quintal Ic.<\/div>\n<div style=\"font-family: Noteworthy; font-size: 20px; font-weight: bold; line-height: 26px; -webkit-tap-highlight-color: rgba(26, 26, 26, 0.296875); -webkit-composition-fill-color: rgba(130, 98, 83, 0.0976563); -webkit-composition-frame-color: rgba(191, 107, 82, 0.496094); \">Asimismo, pidi\u00f3 al tambi\u00e9n presidente de la Federaci\u00f3n de Colegios de Ingenieros Civiles de la Rep\u00fablica Mexicana (Fecic), que comparta con sus colegas de otras latitudes acerca de lo que pueden encontrar en tierras yucatecas, como su gente, zonas arqueol\u00f3gicas y lengua materna, as\u00ed como el Festival Internacional de la Cultura Maya.<\/div>\n<div style=\"font-family: Noteworthy; font-size: 20px; font-weight: bold; line-height: 26px; -webkit-tap-highlight-color: rgba(26, 26, 26, 0.296875); -webkit-composition-fill-color: rgba(130, 98, 83, 0.0976563); -webkit-composition-frame-color: rgba(191, 107, 82, 0.496094); \">\u201cEs una gran responsabilidad que tendr\u00e9 para los pr\u00f3ximos siete a\u00f1os, por eso vine a invitar al Gobernador para que me acompa\u00f1e en tan significativo acontecimiento de la ingenier\u00eda civil mundial, en la que tendr\u00e9 la representaci\u00f3n de M\u00e9xico y con orgullo la de los ingenieros civiles de nuestro estado\u201d, manifest\u00f3 el profesionista.<\/div>\n<div style=\"font-family: Noteworthy; font-size: 20px; font-weight: bold; line-height: 26px; -webkit-tap-highlight-color: rgba(26, 26, 26, 0.296875); -webkit-composition-fill-color: rgba(130, 98, 83, 0.0976563); -webkit-composition-frame-color: rgba(191, 107, 82, 0.496094); \">Gonz\u00e1lez Fern\u00e1ndez es el primer miembro de un pa\u00eds con una econom\u00eda emergente en ser distinguido para presidir dicho Consejo, cuya sede permanente se encuentra en la ciudad de Madrid, Espa\u00f1a, y que tiene presencia en los cinco continentes a trav\u00e9s de actividades de intercambio, as\u00ed como de actualizaci\u00f3n que brindan expertos integrantes de los diferentes comit\u00e9s que existen por cada especialidad en el ramo.<\/div>\n<div style=\"font-family: Noteworthy; font-size: 20px; font-weight: bold; line-height: 26px; -webkit-tap-highlight-color: rgba(26, 26, 26, 0.296875); -webkit-composition-fill-color: rgba(130, 98, 83, 0.0976563); -webkit-composition-frame-color: rgba(191, 107, 82, 0.496094); \">El distinguido yucateco, quien por medio de un proceso se impuso al postulante de la Federaci\u00f3n Alemana de Ingenieros para asumir dicho cargo, curs\u00f3 su formaci\u00f3n acad\u00e9mica en escuelas p\u00fablicas, desde la primaria hasta el bachillerato. Posteriormente fue egresado de la Facultad de Ingenier\u00eda de la Universidad Aut\u00f3noma de Yucat\u00e1n (UADY).<\/p>\n<div class=\"separator\" style=\"clear: both;\"><a href=\"https:\/\/lh3.googleusercontent.com\/-NqJOFwgLJ5w\/U-1rUig7NTI\/AAAAAAAAi7A\/rkztls63vfQ\/s640\/blogger-image-67451104.jpg\" imageanchor=\"1\" style=\"margin-left: 1em; margin-right: 1em;\"><img decoding=\"async\" border=\"0\" src=\"https:\/\/lh3.googleusercontent.com\/-NqJOFwgLJ5w\/U-1rUig7NTI\/AAAAAAAAi7A\/rkztls63vfQ\/s640\/blogger-image-67451104.jpg\"><\/a><\/div>\n<\/div>\n<div style=\"font-family: Noteworthy; font-size: 20px; font-weight: bold; line-height: 26px; -webkit-tap-highlight-color: rgba(26, 26, 26, 0.296875); -webkit-composition-fill-color: rgba(130, 98, 83, 0.0976563); -webkit-composition-frame-color: rgba(191, 107, 82, 0.496094); \"><\/div>\n","protected":false},"excerpt":{"rendered":"<p>M\u00e9rida, Yucat\u00e1n, 14 de agosto de 2014.- En representaci\u00f3n del titular del Poder Ejecutivo, Rolando Zapata Bello, el jefe del Despacho del Gobernador, Eric Rubio Barthell, recibi\u00f3 la visita del<\/p>\n","protected":false},"author":1,"featured_media":15507,"comment_status":"open","ping_status":"open","sticky":false,"template":"","format":"standard","meta":{"jetpack_post_was_ever_published":false,"_jetpack_newsletter_access":"","_jetpack_dont_email_post_to_subs":false,"_jetpack_newsletter_tier_id":0,"_jetpack_memberships_contains_paywalled_content":false,"_jetpack_memberships_contains_paid_content":false,"footnotes":"","jetpack_publicize_message":"","jetpack_publicize_feature_enabled":true,"jetpack_social_post_already_shared":false,"jetpack_social_options":{"image_generator_settings":{"template":"highway","default_image_id":0,"font":"","enabled":false},"version":2}},"categories":[17,1],"tags":[],"class_list":["post-2698","post","type-post","status-publish","format-standard","has-post-thumbnail","hentry","category-politica-y-gobierno","category-sin-categoria"],"jetpack_publicize_connections":[],"jetpack_featured_media_url":"https:\/\/formalprision.com\/wp-content\/uploads\/2014\/08\/blogger-image-67451104.jpg","jetpack_sharing_enabled":true,"jetpack_shortlink":"https:\/\/wp.me\/p6id8p-Hw","_links":{"self":[{"href":"https:\/\/formalprision.com\/index.php?rest_route=\/wp\/v2\/posts\/2698","targetHints":{"allow":["GET"]}}],"collection":[{"href":"https:\/\/formalprision.com\/index.php?rest_route=\/wp\/v2\/posts"}],"about":[{"href":"https:\/\/formalprision.com\/index.php?rest_route=\/wp\/v2\/types\/post"}],"author":[{"embeddable":true,"href":"https:\/\/formalprision.com\/index.php?rest_route=\/wp\/v2\/users\/1"}],"replies":[{"embeddable":true,"href":"https:\/\/formalprision.com\/index.php?rest_route=%2Fwp%2Fv2%2Fcomments&post=2698"}],"version-history":[{"count":0,"href":"https:\/\/formalprision.com\/index.php?rest_route=\/wp\/v2\/posts\/2698\/revisions"}],"wp:featuredmedia":[{"embeddable":true,"href":"https:\/\/formalprision.com\/index.php?rest_route=\/wp\/v2\/media\/15507"}],"wp:attachment":[{"href":"https:\/\/formalprision.com\/index.php?rest_route=%2Fwp%2Fv2%2Fmedia&parent=2698"}],"wp:term":[{"taxonomy":"category","embeddable":true,"href":"https:\/\/formalprision.com\/index.php?rest_route=%2Fwp%2Fv2%2Fcategories&post=2698"},{"taxonomy":"post_tag","embeddable":true,"href":"https:\/\/formalprision.com\/index.php?rest_route=%2Fwp%2Fv2%2Ftags&post=2698"}],"curies":[{"name":"wp","href":"https:\/\/api.w.org\/{rel}","templated":true}]}}