{"id":2700,"date":"2014-08-14T23:58:00","date_gmt":"2014-08-14T23:58:00","guid":{"rendered":"http:\/\/formalprision.info\/2014\/08\/14\/25-anos-de-carcel-pandilleros-por-matar\/"},"modified":"2015-06-03T08:36:09","modified_gmt":"2015-06-03T08:36:09","slug":"25-anos-de-carcel-pandilleros-por-matar","status":"publish","type":"post","link":"https:\/\/formalprision.com\/?p=2700","title":{"rendered":"25 a\u00f1os de c\u00e1rcel a pandilleros por matar a un hombre en el sur"},"content":{"rendered":"<div style=\"font-family: Noteworthy; font-size: 20px; font-weight: bold; line-height: 26px; -webkit-tap-highlight-color: rgba(26, 26, 26, 0.296875); -webkit-composition-fill-color: rgba(130, 98, 83, 0.0976563); -webkit-composition-frame-color: rgba(191, 107, 82, 0.496094); \">El Tribunal Primero de Juicio Oral del Estado sentencio a 25 a\u00f1os a\u00f1os de c\u00e1rcel a cuatro miembros de la pandilla \u201cLos Pablines\u201d, por el crimen de un hombre en Oxkutzcab.<\/div>\n<div style=\"font-family: Noteworthy; font-size: 20px; font-weight: bold; line-height: 26px; -webkit-tap-highlight-color: rgba(26, 26, 26, 0.296875); -webkit-composition-fill-color: rgba(130, 98, 83, 0.0976563); -webkit-composition-frame-color: rgba(191, 107, 82, 0.496094); \">Los sentenciados son Gustavo Esteban Hern\u00e1ndez C\u00e1mara (a) \u201cTavo\u201d, Jorge Interi\u00e1n Cruz (a) \u201cPiwi\u201d, Liliana Guadalupe Puc Caamal (a) \u201cKari\u201d y C\u00e9sar Ulises Dom\u00ednguez Sanmiguel (a) \u201cMongol\u201d.<\/div>\n<div style=\"font-family: Noteworthy; font-size: 20px; font-weight: bold; line-height: 26px; -webkit-tap-highlight-color: rgba(26, 26, 26, 0.296875); -webkit-composition-fill-color: rgba(130, 98, 83, 0.0976563); -webkit-composition-frame-color: rgba(191, 107, 82, 0.496094); \">Fueron hallados culpables del asesinato de Valdemar Pacheco Dzib, padre de un pandillero rival,&nbsp;<\/div>\n<div style=\"font-family: Noteworthy; font-size: 20px; font-weight: bold; line-height: 26px; -webkit-tap-highlight-color: rgba(26, 26, 26, 0.296875); -webkit-composition-fill-color: rgba(130, 98, 83, 0.0976563); -webkit-composition-frame-color: rgba(191, 107, 82, 0.496094); \">El Tribunal tambi\u00e9n les impuso el pago de 1\u2019231,282.08 pesos por concepto de reparaci\u00f3n del da\u00f1o ocasionado.<\/div>\n<div style=\"font-family: Noteworthy; font-size: 20px; font-weight: bold; line-height: 26px; -webkit-tap-highlight-color: rgba(26, 26, 26, 0.296875); -webkit-composition-fill-color: rgba(130, 98, 83, 0.0976563); -webkit-composition-frame-color: rgba(191, 107, 82, 0.496094); \">En estos hechos igualmente est\u00e1n involucrados los menores Y.G.CH.B. y D.G.C.U., pero ellos &nbsp;enfrentan proceso en un \u00f3rgano de &nbsp;la justicia en adolescentes.<\/div>\n<div style=\"font-family: Noteworthy; font-size: 20px; font-weight: bold; line-height: 26px; -webkit-tap-highlight-color: rgba(26, 26, 26, 0.296875); -webkit-composition-fill-color: rgba(130, 98, 83, 0.0976563); -webkit-composition-frame-color: rgba(191, 107, 82, 0.496094); \">La presidenta del Tribunal Primero de Juicio Oral del Poder Judicial, Mar\u00eda del Socorro Tamayo Aranda, dio a conocer la decisi\u00f3n de ese Tribunal colegiado conformado tambi\u00e9n por las juezas Nidia Guadalupe Celis Fuentes y Fabiola Rodr\u00edguez Zurita.<\/div>\n<div style=\"font-family: Noteworthy; font-size: 20px; font-weight: bold; line-height: 26px; -webkit-tap-highlight-color: rgba(26, 26, 26, 0.296875); -webkit-composition-fill-color: rgba(130, 98, 83, 0.0976563); -webkit-composition-frame-color: rgba(191, 107, 82, 0.496094); \">Seg\u00fan el expediente, Pacheco Dzib muri\u00f3 a causa de las patadas que le propinaron en la regi\u00f3n abdominal y con una piedra que le arrojaron en el cr\u00e1neo.<\/div>\n<div style=\"font-family: Noteworthy; font-size: 20px; font-weight: bold; line-height: 26px; -webkit-tap-highlight-color: rgba(26, 26, 26, 0.296875); -webkit-composition-fill-color: rgba(130, 98, 83, 0.0976563); -webkit-composition-frame-color: rgba(191, 107, 82, 0.496094); \">Los hechos ocurrieron el pasado 25 de diciembre a las 5:30 horas, en la calle &nbsp;62 por 41 de la colonia El Rastro, de Oxkutzcab.<\/div>\n<div style=\"font-family: Noteworthy; font-size: 20px; font-weight: bold; line-height: 26px; -webkit-tap-highlight-color: rgba(26, 26, 26, 0.296875); -webkit-composition-fill-color: rgba(130, 98, 83, 0.0976563); -webkit-composition-frame-color: rgba(191, 107, 82, 0.496094); \">Entre las pruebas contra los implicados figuraron los testimonios de siete polic\u00edas antimotines que &nbsp;identificaron plenamente a los agresores.<\/div>\n<div style=\"font-family: Noteworthy; font-size: 20px; font-weight: bold; line-height: 26px; -webkit-tap-highlight-color: rgba(26, 26, 26, 0.296875); -webkit-composition-fill-color: rgba(130, 98, 83, 0.0976563); -webkit-composition-frame-color: rgba(191, 107, 82, 0.496094); \">Tambi\u00e9n compareci\u00f3 en el juicio la hija de la v\u00edctima, quien presenci\u00f3 los hechos y pudo identificar plenamente a los agresores.<\/p>\n<div class=\"separator\" style=\"clear: both;\"><a href=\"https:\/\/lh5.googleusercontent.com\/-7xgAqjPNL-c\/U-1NOtKNkFI\/AAAAAAAAi6o\/j_Uo4YMqWyY\/s640\/blogger-image-295238776.jpg\" imageanchor=\"1\" style=\"margin-left: 1em; margin-right: 1em;\"><img decoding=\"async\" border=\"0\" src=\"https:\/\/lh5.googleusercontent.com\/-7xgAqjPNL-c\/U-1NOtKNkFI\/AAAAAAAAi6o\/j_Uo4YMqWyY\/s640\/blogger-image-295238776.jpg\"><\/a><\/div>\n<\/div>\n<div><\/div>\n","protected":false},"excerpt":{"rendered":"<p>El Tribunal Primero de Juicio Oral del Estado sentencio a 25 a\u00f1os a\u00f1os de c\u00e1rcel a cuatro miembros de la pandilla \u201cLos Pablines\u201d, por el crimen de un hombre en<\/p>\n","protected":false},"author":1,"featured_media":15511,"comment_status":"open","ping_status":"open","sticky":false,"template":"","format":"standard","meta":{"jetpack_post_was_ever_published":false,"_jetpack_newsletter_access":"","_jetpack_dont_email_post_to_subs":false,"_jetpack_newsletter_tier_id":0,"_jetpack_memberships_contains_paywalled_content":false,"_jetpack_memberships_contains_paid_content":false,"footnotes":"","jetpack_publicize_message":"","jetpack_publicize_feature_enabled":true,"jetpack_social_post_already_shared":false,"jetpack_social_options":{"image_generator_settings":{"template":"highway","default_image_id":0,"font":"","enabled":false},"version":2}},"categories":[14,1,49],"tags":[],"class_list":["post-2700","post","type-post","status-publish","format-standard","has-post-thumbnail","hentry","category-merida","category-sin-categoria","category-tocho-morocho"],"jetpack_publicize_connections":[],"jetpack_featured_media_url":"https:\/\/formalprision.com\/wp-content\/uploads\/2014\/08\/blogger-image-295238776.jpg","jetpack_sharing_enabled":true,"jetpack_shortlink":"https:\/\/wp.me\/p6id8p-Hy","_links":{"self":[{"href":"https:\/\/formalprision.com\/index.php?rest_route=\/wp\/v2\/posts\/2700","targetHints":{"allow":["GET"]}}],"collection":[{"href":"https:\/\/formalprision.com\/index.php?rest_route=\/wp\/v2\/posts"}],"about":[{"href":"https:\/\/formalprision.com\/index.php?rest_route=\/wp\/v2\/types\/post"}],"author":[{"embeddable":true,"href":"https:\/\/formalprision.com\/index.php?rest_route=\/wp\/v2\/users\/1"}],"replies":[{"embeddable":true,"href":"https:\/\/formalprision.com\/index.php?rest_route=%2Fwp%2Fv2%2Fcomments&post=2700"}],"version-history":[{"count":0,"href":"https:\/\/formalprision.com\/index.php?rest_route=\/wp\/v2\/posts\/2700\/revisions"}],"wp:featuredmedia":[{"embeddable":true,"href":"https:\/\/formalprision.com\/index.php?rest_route=\/wp\/v2\/media\/15511"}],"wp:attachment":[{"href":"https:\/\/formalprision.com\/index.php?rest_route=%2Fwp%2Fv2%2Fmedia&parent=2700"}],"wp:term":[{"taxonomy":"category","embeddable":true,"href":"https:\/\/formalprision.com\/index.php?rest_route=%2Fwp%2Fv2%2Fcategories&post=2700"},{"taxonomy":"post_tag","embeddable":true,"href":"https:\/\/formalprision.com\/index.php?rest_route=%2Fwp%2Fv2%2Ftags&post=2700"}],"curies":[{"name":"wp","href":"https:\/\/api.w.org\/{rel}","templated":true}]}}