{"id":2702,"date":"2014-08-14T20:31:00","date_gmt":"2014-08-14T20:31:00","guid":{"rendered":"http:\/\/formalprision.info\/2014\/08\/14\/joven-que-violo-su-prima-dice-que-ella\/"},"modified":"2015-06-03T08:36:09","modified_gmt":"2015-06-03T08:36:09","slug":"joven-que-violo-su-prima-dice-que-ella","status":"publish","type":"post","link":"https:\/\/formalprision.com\/?p=2702","title":{"rendered":"Joven que viol\u00f3 a su prima dice que ella se le &quot;ofreci\u00f3&quot;"},"content":{"rendered":"<div style=\"font-family: Noteworthy; font-size: 20px; font-weight: bold; line-height: 26px; -webkit-tap-highlight-color: rgba(26, 26, 26, 0.296875); -webkit-composition-fill-color: rgba(130, 98, 83, 0.0976563); -webkit-composition-frame-color: rgba(191, 107, 82, 0.496094); -webkit-text-size-adjust: auto; \">Al rendir declaraci\u00f3n preparatoria, Michel Enrique Dami\u00e1n Guti\u00e9rrez, acusado ee abusar de su prima, dijo que no la viol\u00f3, sino que ella se le \u00abofreci\u00f3\u00bb.<\/div>\n<div style=\"font-family: Noteworthy; font-size: 20px; font-weight: bold; line-height: 26px; -webkit-tap-highlight-color: rgba(26, 26, 26, 0.296875); -webkit-composition-fill-color: rgba(130, 98, 83, 0.0976563); -webkit-composition-frame-color: rgba(191, 107, 82, 0.496094); -webkit-text-size-adjust: auto; \">Asegur\u00f3 que su prima lo buscaba y tuvieron relaciones de com\u00fan acuerdo, pero como fue descubierta, dio otra versi\u00f3n para evitar problemas con su madre.<\/div>\n<div style=\"font-family: Noteworthy; font-size: 20px; font-weight: bold; line-height: 26px; -webkit-tap-highlight-color: rgba(26, 26, 26, 0.296875); -webkit-composition-fill-color: rgba(130, 98, 83, 0.0976563); -webkit-composition-frame-color: rgba(191, 107, 82, 0.496094); -webkit-text-size-adjust: auto; \">Como informamos ayer, Michel Enrique fue detenido por una orden de aprehensi\u00f3n, acusado del delito de violaci\u00f3n en agravio de su prima M.J.U.D., de 15 a\u00f1os de edad.<\/div>\n<div style=\"font-family: Noteworthy; font-size: 20px; font-weight: bold; line-height: 26px; -webkit-tap-highlight-color: rgba(26, 26, 26, 0.296875); -webkit-composition-fill-color: rgba(130, 98, 83, 0.0976563); -webkit-composition-frame-color: rgba(191, 107, 82, 0.496094); -webkit-text-size-adjust: auto; \">Durante su comparecencia ante el Juzgado Octavo Penal, el detenido dijo que \u00abella quer\u00eda&#8230;yo no la obligue\u00bb.<\/div>\n<div style=\"font-family: Noteworthy; font-size: 20px; font-weight: bold; line-height: 26px; -webkit-tap-highlight-color: rgba(26, 26, 26, 0.296875); -webkit-composition-fill-color: rgba(130, 98, 83, 0.0976563); -webkit-composition-frame-color: rgba(191, 107, 82, 0.496094); -webkit-text-size-adjust: auto; \">La menor result\u00f3 embarazada presuntamente por la violaci\u00f3n de su primo, aunque el dijo desconocer si el ni\u00f1o es suyo.<\/div>\n<div style=\"font-family: Noteworthy; font-size: 20px; font-weight: bold; line-height: 26px; -webkit-tap-highlight-color: rgba(26, 26, 26, 0.296875); -webkit-composition-fill-color: rgba(130, 98, 83, 0.0976563); -webkit-composition-frame-color: rgba(191, 107, 82, 0.496094); -webkit-text-size-adjust: auto; \">Pese a que neg\u00f3 la violaci\u00f3n, el acusado no tiene derecho a la libertad bajo fianza.<\/div>\n<div style=\"font-family: Noteworthy; font-size: 20px; font-weight: bold; line-height: 26px; -webkit-tap-highlight-color: rgba(26, 26, 26, 0.296875); -webkit-composition-fill-color: rgba(130, 98, 83, 0.0976563); -webkit-composition-frame-color: rgba(191, 107, 82, 0.496094); -webkit-text-size-adjust: auto; \">Seg\u00fan el expediente, el sujeto acostumbraba acudir al domicilio de la agraviada, ubicado en la colonia San Antonio Xluch, y debido a que eran primos ten\u00edan una relaci\u00f3n cercana.<\/div>\n<div style=\"font-family: Noteworthy; font-size: 20px; font-weight: bold; line-height: 26px; -webkit-tap-highlight-color: rgba(26, 26, 26, 0.296875); -webkit-composition-fill-color: rgba(130, 98, 83, 0.0976563); -webkit-composition-frame-color: rgba(191, 107, 82, 0.496094); -webkit-text-size-adjust: auto; \">Sin embargo, en febrero de 2012, el sujeto comenz\u00f3 a acercarse m\u00e1s a ella y pese a que la menor se resist\u00eda siempre a las muestras de cari\u00f1o de su pariente, \u00e9ste la abrazaba a la fuerza y a partir de marzo de ese mismo a\u00f1o la comenz\u00f3 a manosear, hasta que en una ocasi\u00f3n, cuando la afectada sal\u00eda de su predio, el sujeto la llev\u00f3 a la fuerza a la casa de su abuelo y se aprovech\u00f3 de ella.<\/div>\n<div style=\"font-family: Noteworthy; font-size: 20px; font-weight: bold; line-height: 26px; -webkit-tap-highlight-color: rgba(26, 26, 26, 0.296875); -webkit-composition-fill-color: rgba(130, 98, 83, 0.0976563); -webkit-composition-frame-color: rgba(191, 107, 82, 0.496094); -webkit-text-size-adjust: auto; \">Michel Enrique fue denunciado por la madre de la afectada, luego de que \u00e9sta le contara lo que su primo le hizo.<\/p>\n<div class=\"separator\" style=\"clear: both;\"><a href=\"https:\/\/lh5.googleusercontent.com\/-OgTer4Q27jo\/U-0cpSHWyDI\/AAAAAAAAi6I\/ktEqD8ZmJ7U\/s640\/blogger-image--1242134058.jpg\" imageanchor=\"1\" style=\"margin-left: 1em; margin-right: 1em;\"><img decoding=\"async\" border=\"0\" src=\"https:\/\/lh5.googleusercontent.com\/-OgTer4Q27jo\/U-0cpSHWyDI\/AAAAAAAAi6I\/ktEqD8ZmJ7U\/s640\/blogger-image--1242134058.jpg\"><\/a><\/div>\n<\/div>\n","protected":false},"excerpt":{"rendered":"<p>Al rendir declaraci\u00f3n preparatoria, Michel Enrique Dami\u00e1n Guti\u00e9rrez, acusado ee abusar de su prima, dijo que no la viol\u00f3, sino que ella se le \u00abofreci\u00f3\u00bb. Asegur\u00f3 que su prima lo<\/p>\n","protected":false},"author":1,"featured_media":15515,"comment_status":"open","ping_status":"open","sticky":false,"template":"","format":"standard","meta":{"jetpack_post_was_ever_published":false,"_jetpack_newsletter_access":"","_jetpack_dont_email_post_to_subs":false,"_jetpack_newsletter_tier_id":0,"_jetpack_memberships_contains_paywalled_content":false,"_jetpack_memberships_contains_paid_content":false,"footnotes":"","jetpack_publicize_message":"","jetpack_publicize_feature_enabled":true,"jetpack_social_post_already_shared":false,"jetpack_social_options":{"image_generator_settings":{"template":"highway","default_image_id":0,"font":"","enabled":false},"version":2}},"categories":[8,1],"tags":[],"class_list":["post-2702","post","type-post","status-publish","format-standard","has-post-thumbnail","hentry","category-noticias-variadas","category-sin-categoria"],"jetpack_publicize_connections":[],"jetpack_featured_media_url":"https:\/\/formalprision.com\/wp-content\/uploads\/2014\/08\/blogger-image-1242134058.jpg","jetpack_sharing_enabled":true,"jetpack_shortlink":"https:\/\/wp.me\/p6id8p-HA","_links":{"self":[{"href":"https:\/\/formalprision.com\/index.php?rest_route=\/wp\/v2\/posts\/2702","targetHints":{"allow":["GET"]}}],"collection":[{"href":"https:\/\/formalprision.com\/index.php?rest_route=\/wp\/v2\/posts"}],"about":[{"href":"https:\/\/formalprision.com\/index.php?rest_route=\/wp\/v2\/types\/post"}],"author":[{"embeddable":true,"href":"https:\/\/formalprision.com\/index.php?rest_route=\/wp\/v2\/users\/1"}],"replies":[{"embeddable":true,"href":"https:\/\/formalprision.com\/index.php?rest_route=%2Fwp%2Fv2%2Fcomments&post=2702"}],"version-history":[{"count":0,"href":"https:\/\/formalprision.com\/index.php?rest_route=\/wp\/v2\/posts\/2702\/revisions"}],"wp:featuredmedia":[{"embeddable":true,"href":"https:\/\/formalprision.com\/index.php?rest_route=\/wp\/v2\/media\/15515"}],"wp:attachment":[{"href":"https:\/\/formalprision.com\/index.php?rest_route=%2Fwp%2Fv2%2Fmedia&parent=2702"}],"wp:term":[{"taxonomy":"category","embeddable":true,"href":"https:\/\/formalprision.com\/index.php?rest_route=%2Fwp%2Fv2%2Fcategories&post=2702"},{"taxonomy":"post_tag","embeddable":true,"href":"https:\/\/formalprision.com\/index.php?rest_route=%2Fwp%2Fv2%2Ftags&post=2702"}],"curies":[{"name":"wp","href":"https:\/\/api.w.org\/{rel}","templated":true}]}}