{"id":2704,"date":"2014-08-14T18:19:00","date_gmt":"2014-08-14T18:19:00","guid":{"rendered":"http:\/\/formalprision.info\/2014\/08\/14\/abanderan-delegacion-que-participara-en\/"},"modified":"2015-06-03T08:36:11","modified_gmt":"2015-06-03T08:36:11","slug":"abanderan-delegacion-que-participara-en","status":"publish","type":"post","link":"https:\/\/formalprision.com\/?p=2704","title":{"rendered":"Abanderan a delegaci\u00f3n que participar\u00e1 en Olimpiadas Especiales IMSS\n2014"},"content":{"rendered":"<div style=\"font-family: Noteworthy; font-size: 20px; font-weight: bold; line-height: 26px; -webkit-tap-highlight-color: rgba(26, 26, 26, 0.296875); -webkit-composition-fill-color: rgba(130, 98, 83, 0.0976563); -webkit-composition-frame-color: rgba(191, 107, 82, 0.496094); \">M\u00e9rida, Yucat\u00e1n, 14 de agosto de 2014.- La delegaci\u00f3n yucateca que participar\u00e1 en los XV Juegos Nacionales de Olimpiadas Especiales del Instituto Mexicano del Seguro Social (IMSS) 2014, conformada por 84 personas, fue abanderada esta ma\u00f1ana por el Gobernador Rolando Zapata Bello.<\/div>\n<div style=\"font-family: Noteworthy; font-size: 20px; font-weight: bold; line-height: 26px; -webkit-tap-highlight-color: rgba(26, 26, 26, 0.296875); -webkit-composition-fill-color: rgba(130, 98, 83, 0.0976563); -webkit-composition-frame-color: rgba(191, 107, 82, 0.496094); \">Durante la ceremonia realizada en el patio central de la sede del Poder Ejecutivo, el mandatario resalt\u00f3 la importancia de que los padres de familia y los entrenadores dediquen tiempo &nbsp;y brinden el apoyo necesario para que los j\u00f3venes den su m\u00e1ximo esfuerzo y obtengan los mejores resultados en las diversas ramas que practican.<\/div>\n<div style=\"font-family: Noteworthy; font-size: 20px; font-weight: bold; line-height: 26px; -webkit-tap-highlight-color: rgba(26, 26, 26, 0.296875); -webkit-composition-fill-color: rgba(130, 98, 83, 0.0976563); -webkit-composition-frame-color: rgba(191, 107, 82, 0.496094); \">\u201cQuienes participan en esta competencia son m\u00e1s que deportistas, son un ejemplo de disciplina y dedicaci\u00f3n, de lucha por el \u00e9xito. Todo Yucat\u00e1n se siente muy orgulloso del esfuerzo noble, leal y s\u00f3lido que cada uno de ustedes va a poner para traer medallas\u00bb, expres\u00f3.<\/div>\n<div style=\"font-family: Noteworthy; font-size: 20px; font-weight: bold; line-height: 26px; -webkit-tap-highlight-color: rgba(26, 26, 26, 0.296875); -webkit-composition-fill-color: rgba(130, 98, 83, 0.0976563); -webkit-composition-frame-color: rgba(191, 107, 82, 0.496094); \">Ante el presidente de Olimpiadas Especiales Yucat\u00e1n, Jos\u00e9 Maldonado de Regil, el Gobernador afirm\u00f3 que los j\u00f3venes que viajar\u00e1n para participar en la justa, a realizarse del 15 al 28 de agosto en Oaxtepec, Morelos, son ejemplo de vida, de fijarse metas y alcanzarlas con perseverancia, trabajo en equipo y fortaleza de esp\u00edritu.<\/div>\n<div style=\"font-family: Noteworthy; font-size: 20px; font-weight: bold; line-height: 26px; -webkit-tap-highlight-color: rgba(26, 26, 26, 0.296875); -webkit-composition-fill-color: rgba(130, 98, 83, 0.0976563); -webkit-composition-frame-color: rgba(191, 107, 82, 0.496094); \">En representaci\u00f3n de los 65 atletas, 15 entrenadores, dos jueces, un delegado y una doctora que conforman la delegaci\u00f3n yucateca, la &nbsp;nadadora Rebeca Navarrete Canul agradeci\u00f3 el respaldo que le han brindado a cada uno de sus compa\u00f1eros y afirm\u00f3 que dar\u00e1n lo mejor de s\u00ed para volver con \u00e9xitos a la entidad.<\/div>\n<div style=\"font-family: Noteworthy; font-size: 20px; font-weight: bold; line-height: 26px; -webkit-tap-highlight-color: rgba(26, 26, 26, 0.296875); -webkit-composition-fill-color: rgba(130, 98, 83, 0.0976563); -webkit-composition-frame-color: rgba(191, 107, 82, 0.496094); \">\u201cGracias al apoyo que hemos recibido, hemos podido mejorar tiempos y resistencia en nuestras disciplinas, por lo que estamos seguros que alcanzaremos nuestras metas en estas Olimpiadas\u201d, destac\u00f3.<\/div>\n<div style=\"font-family: Noteworthy; font-size: 20px; font-weight: bold; line-height: 26px; -webkit-tap-highlight-color: rgba(26, 26, 26, 0.296875); -webkit-composition-fill-color: rgba(130, 98, 83, 0.0976563); -webkit-composition-frame-color: rgba(191, 107, 82, 0.496094); \">Acompa\u00f1ado del director del Instituto del Deporte del Estado (IDEY), Juan Sosa Puerto, Maldonado de Regil resalt\u00f3 la entrega con la cual se han desempe\u00f1ado los yucatecos en 14 eventos nacionales, siete juegos mundiales, dos centroamericanos y dos panamericanos, en los cuales han dejado en alto el nombre del pa\u00eds y el estado.<\/div>\n<div style=\"font-family: Noteworthy; font-size: 20px; font-weight: bold; line-height: 26px; -webkit-tap-highlight-color: rgba(26, 26, 26, 0.296875); -webkit-composition-fill-color: rgba(130, 98, 83, 0.0976563); -webkit-composition-frame-color: rgba(191, 107, 82, 0.496094); \">\u00abNo existe mayor discapacidad que perder la habilidad de so\u00f1ar\u00bb, resalt\u00f3.<\/div>\n<div style=\"font-family: Noteworthy; font-size: 20px; font-weight: bold; line-height: 26px; -webkit-tap-highlight-color: rgba(26, 26, 26, 0.296875); -webkit-composition-fill-color: rgba(130, 98, 83, 0.0976563); -webkit-composition-frame-color: rgba(191, 107, 82, 0.496094); \">En la XV edici\u00f3n de esta justa participar\u00e1n mil 200 deportistas y 200 entrenadores de 21 entidades federativas y de la delegaci\u00f3n IMSS a nivel nacional. Asimismo, los Juegos ser\u00e1n selectivos para los eventos mundiales del ramo que se efectuar\u00e1n en 2015 en Los \u00c1ngeles, California, Estados Unidos.<\/div>\n<div style=\"font-family: Noteworthy; font-size: 20px; font-weight: bold; line-height: 26px; -webkit-tap-highlight-color: rgba(26, 26, 26, 0.296875); -webkit-composition-fill-color: rgba(130, 98, 83, 0.0976563); -webkit-composition-frame-color: rgba(191, 107, 82, 0.496094); \">Las disciplinas participantes son atletismo, basquetbol, bochas, ciclismo, f\u00fatbol cinco y unificado, gimnasia r\u00edtmica, levantamiento de pesas, nataci\u00f3n, softball, voleibol, tenis y patinaje art\u00edstico<\/div>\n<div style=\"font-family: Noteworthy; font-size: 20px; font-weight: bold; line-height: 26px; -webkit-tap-highlight-color: rgba(26, 26, 26, 0.296875); -webkit-composition-fill-color: rgba(130, 98, 83, 0.0976563); -webkit-composition-frame-color: rgba(191, 107, 82, 0.496094); \">Al abanderamiento asistieron el diputado federal, Mauricio Sahu\u00ed Rivero, y el director General del Sistema para el Desarrollo Integral de la Familia (DIF) Yucat\u00e1n, Limber Sosa Lara.(comunicado)<\/p>\n<div class=\"separator\" style=\"clear: both;\"><a href=\"https:\/\/lh4.googleusercontent.com\/-eAK4F5-4eY0\/U-z9wvBZe2I\/AAAAAAAAi5k\/VRSDG4V-758\/s640\/blogger-image--1397055464.jpg\" imageanchor=\"1\" style=\"margin-left: 1em; margin-right: 1em;\"><img decoding=\"async\" border=\"0\" src=\"https:\/\/lh4.googleusercontent.com\/-eAK4F5-4eY0\/U-z9wvBZe2I\/AAAAAAAAi5k\/VRSDG4V-758\/s640\/blogger-image--1397055464.jpg\"><\/a><\/div>\n<\/div>\n<div><\/div>\n","protected":false},"excerpt":{"rendered":"<p>M\u00e9rida, Yucat\u00e1n, 14 de agosto de 2014.- La delegaci\u00f3n yucateca que participar\u00e1 en los XV Juegos Nacionales de Olimpiadas Especiales del Instituto Mexicano del Seguro Social (IMSS) 2014, conformada por<\/p>\n","protected":false},"author":1,"featured_media":15519,"comment_status":"open","ping_status":"open","sticky":false,"template":"","format":"standard","meta":{"jetpack_post_was_ever_published":false,"_jetpack_newsletter_access":"","_jetpack_dont_email_post_to_subs":false,"_jetpack_newsletter_tier_id":0,"_jetpack_memberships_contains_paywalled_content":false,"_jetpack_memberships_contains_paid_content":false,"footnotes":"","jetpack_publicize_message":"","jetpack_publicize_feature_enabled":true,"jetpack_social_post_already_shared":false,"jetpack_social_options":{"image_generator_settings":{"template":"highway","default_image_id":0,"font":"","enabled":false},"version":2}},"categories":[17,1],"tags":[],"class_list":["post-2704","post","type-post","status-publish","format-standard","has-post-thumbnail","hentry","category-politica-y-gobierno","category-sin-categoria"],"jetpack_publicize_connections":[],"jetpack_featured_media_url":"https:\/\/formalprision.com\/wp-content\/uploads\/2014\/08\/blogger-image-1397055464.jpg","jetpack_sharing_enabled":true,"jetpack_shortlink":"https:\/\/wp.me\/p6id8p-HC","_links":{"self":[{"href":"https:\/\/formalprision.com\/index.php?rest_route=\/wp\/v2\/posts\/2704","targetHints":{"allow":["GET"]}}],"collection":[{"href":"https:\/\/formalprision.com\/index.php?rest_route=\/wp\/v2\/posts"}],"about":[{"href":"https:\/\/formalprision.com\/index.php?rest_route=\/wp\/v2\/types\/post"}],"author":[{"embeddable":true,"href":"https:\/\/formalprision.com\/index.php?rest_route=\/wp\/v2\/users\/1"}],"replies":[{"embeddable":true,"href":"https:\/\/formalprision.com\/index.php?rest_route=%2Fwp%2Fv2%2Fcomments&post=2704"}],"version-history":[{"count":0,"href":"https:\/\/formalprision.com\/index.php?rest_route=\/wp\/v2\/posts\/2704\/revisions"}],"wp:featuredmedia":[{"embeddable":true,"href":"https:\/\/formalprision.com\/index.php?rest_route=\/wp\/v2\/media\/15519"}],"wp:attachment":[{"href":"https:\/\/formalprision.com\/index.php?rest_route=%2Fwp%2Fv2%2Fmedia&parent=2704"}],"wp:term":[{"taxonomy":"category","embeddable":true,"href":"https:\/\/formalprision.com\/index.php?rest_route=%2Fwp%2Fv2%2Fcategories&post=2704"},{"taxonomy":"post_tag","embeddable":true,"href":"https:\/\/formalprision.com\/index.php?rest_route=%2Fwp%2Fv2%2Ftags&post=2704"}],"curies":[{"name":"wp","href":"https:\/\/api.w.org\/{rel}","templated":true}]}}