{"id":2706,"date":"2014-08-14T05:50:00","date_gmt":"2014-08-14T05:50:00","guid":{"rendered":"http:\/\/formalprision.info\/2014\/08\/14\/gobernador-encabeza-la-xiii-reunion-de\/"},"modified":"2015-06-03T08:36:11","modified_gmt":"2015-06-03T08:36:11","slug":"gobernador-encabeza-la-xiii-reunion-de","status":"publish","type":"post","link":"https:\/\/formalprision.com\/?p=2706","title":{"rendered":"Gobernador encabeza la XIII reuni\u00f3n de seguridad en el Sur de la entidad"},"content":{"rendered":"<div style=\"font-family: Noteworthy; font-size: 20px; font-weight: bold; line-height: 26px; -webkit-tap-highlight-color: rgba(26, 26, 26, 0.296875); -webkit-composition-fill-color: rgba(130, 98, 83, 0.0976563); -webkit-composition-frame-color: rgba(191, 107, 82, 0.496094); \">M\u00e9rida, Yucat\u00e1n, 13 de agosto de 2014.- Al encabezar la XIII Reuni\u00f3n Regional de Seguridad con el Grupo de Coordinaci\u00f3n Local y titulares de ayuntamientos de la entidad, el Gobernador Rolando Zapata Bello exhort\u00f3 a las autoridades a mantener el trabajo conjunto y la suma de esfuerzos, a fin de fortalecer las acciones en este rubro para continuar garantizando la armon\u00eda social entre los yucatecos.<\/div>\n<div style=\"font-family: Noteworthy; font-size: 20px; font-weight: bold; line-height: 26px; -webkit-tap-highlight-color: rgba(26, 26, 26, 0.296875); -webkit-composition-fill-color: rgba(130, 98, 83, 0.0976563); -webkit-composition-frame-color: rgba(191, 107, 82, 0.496094); \">Al reunirse por segunda ocasi\u00f3n con alcaldes de la zona Sur del estado, el titular del Poder Ejecutivo reconoci\u00f3 que se han atendido de buena manera los planteamientos expresados en el encuentro anterior, por lo que indic\u00f3 que la participaci\u00f3n de los representantes municipales demuestra una din\u00e1mica de avances en la materia.<\/div>\n<div style=\"font-family: Noteworthy; font-size: 20px; font-weight: bold; line-height: 26px; -webkit-tap-highlight-color: rgba(26, 26, 26, 0.296875); -webkit-composition-fill-color: rgba(130, 98, 83, 0.0976563); -webkit-composition-frame-color: rgba(191, 107, 82, 0.496094); \">El mandatario &nbsp;tambi\u00e9n destac\u00f3 la importancia de que exista una coordinaci\u00f3n constante entre los Consejos Municipales de Seguridad P\u00fablica y las autoridades tanto estatales como federales, para atender oportunamente las necesidades que surjan en este \u00e1mbito, en beneficio de la poblaci\u00f3n.<\/div>\n<div style=\"font-family: Noteworthy; font-size: 20px; font-weight: bold; line-height: 26px; -webkit-tap-highlight-color: rgba(26, 26, 26, 0.296875); -webkit-composition-fill-color: rgba(130, 98, 83, 0.0976563); -webkit-composition-frame-color: rgba(191, 107, 82, 0.496094); \">Asimismo, acompa\u00f1ado del secretario General de Gobierno, V\u00edctor Caballero Dur\u00e1n, Zapata Bello llam\u00f3 a fortalecer la capacitaci\u00f3n de los elementos que operan en los municipios de la regi\u00f3n, adem\u00e1s de las acciones relacionadas con la prevenci\u00f3n del delito.<\/div>\n<div style=\"font-family: Noteworthy; font-size: 20px; font-weight: bold; line-height: 26px; -webkit-tap-highlight-color: rgba(26, 26, 26, 0.296875); -webkit-composition-fill-color: rgba(130, 98, 83, 0.0976563); -webkit-composition-frame-color: rgba(191, 107, 82, 0.496094); \">Al evento, realizado en la Escuela Normal de Ticul, asistieron los alcaldes Orlando Medina Un, de la sede; Gilberto Medina Paredes, de Chochol\u00e1; Santos Dzul Beh, de Man\u00ed; Camilo May Cauich, de Maxcan\u00fa; y Pedro Calam Farf\u00e1n, de Muna.<\/div>\n<div style=\"font-family: Noteworthy; font-size: 20px; font-weight: bold; line-height: 26px; -webkit-tap-highlight-color: rgba(26, 26, 26, 0.296875); -webkit-composition-fill-color: rgba(130, 98, 83, 0.0976563); -webkit-composition-frame-color: rgba(191, 107, 82, 0.496094); \">Asimismo, los presidentes municipales de Santa Elena, Rogelio Kauil Moreno; Sacalum, Ana Balam Medina; Teabo, Roberto L\u00f3pez May; y Chumayel, Maritza Itz\u00e1 Brice\u00f1o; as\u00ed como la representante del Ayuntamiento de Kopom\u00e1, Lidia Ramos Ek.<\/div>\n<div style=\"font-family: Noteworthy; font-size: 20px; font-weight: bold; line-height: 26px; -webkit-tap-highlight-color: rgba(26, 26, 26, 0.296875); -webkit-composition-fill-color: rgba(130, 98, 83, 0.0976563); -webkit-composition-frame-color: rgba(191, 107, 82, 0.496094); \">Por parte del Grupo de Coordinaci\u00f3n Local estuvieron presentes el secretario de Seguridad P\u00fablica, Luis Felipe Said\u00e9n Ojeda, &nbsp;y la fiscal General del Estado, Celia Mar\u00eda Rivas Rodr\u00edguez.<\/div>\n<div style=\"font-family: Noteworthy; font-size: 20px; font-weight: bold; line-height: 26px; -webkit-tap-highlight-color: rgba(26, 26, 26, 0.296875); -webkit-composition-fill-color: rgba(130, 98, 83, 0.0976563); -webkit-composition-frame-color: rgba(191, 107, 82, 0.496094); \">De igual manera, el coordinador estatal de la Polic\u00eda Federal, Jos\u00e9 Ram\u00f3n Hern\u00e1ndez; los comandantes de la IX Zona Naval, Felipe Solano Armenta, y de la XXXII Zona Militar, Raymundo Larios Saiz; adem\u00e1s del delegado de la Procuradur\u00eda General de la Rep\u00fablica, Juan Le\u00f3n Le\u00f3n.<\/p>\n<div class=\"separator\" style=\"clear: both;\"><a href=\"https:\/\/lh4.googleusercontent.com\/-Q8tSlBRmVhg\/U-xOFri5oUI\/AAAAAAAAi5I\/CNSoiMddjos\/s640\/blogger-image--22501549.jpg\" imageanchor=\"1\" style=\"margin-left: 1em; margin-right: 1em;\"><img decoding=\"async\" border=\"0\" src=\"https:\/\/lh4.googleusercontent.com\/-Q8tSlBRmVhg\/U-xOFri5oUI\/AAAAAAAAi5I\/CNSoiMddjos\/s640\/blogger-image--22501549.jpg\"><\/a><\/div>\n<\/div>\n<div><\/div>\n","protected":false},"excerpt":{"rendered":"<p>M\u00e9rida, Yucat\u00e1n, 13 de agosto de 2014.- Al encabezar la XIII Reuni\u00f3n Regional de Seguridad con el Grupo de Coordinaci\u00f3n Local y titulares de ayuntamientos de la entidad, el Gobernador<\/p>\n","protected":false},"author":1,"featured_media":15523,"comment_status":"open","ping_status":"open","sticky":false,"template":"","format":"standard","meta":{"jetpack_post_was_ever_published":false,"_jetpack_newsletter_access":"","_jetpack_dont_email_post_to_subs":false,"_jetpack_newsletter_tier_id":0,"_jetpack_memberships_contains_paywalled_content":false,"_jetpack_memberships_contains_paid_content":false,"footnotes":"","jetpack_publicize_message":"","jetpack_publicize_feature_enabled":true,"jetpack_social_post_already_shared":false,"jetpack_social_options":{"image_generator_settings":{"template":"highway","default_image_id":0,"font":"","enabled":false},"version":2}},"categories":[17,1],"tags":[],"class_list":["post-2706","post","type-post","status-publish","format-standard","has-post-thumbnail","hentry","category-politica-y-gobierno","category-sin-categoria"],"jetpack_publicize_connections":[],"jetpack_featured_media_url":"https:\/\/formalprision.com\/wp-content\/uploads\/2014\/08\/blogger-image-22501549.jpg","jetpack_sharing_enabled":true,"jetpack_shortlink":"https:\/\/wp.me\/p6id8p-HE","_links":{"self":[{"href":"https:\/\/formalprision.com\/index.php?rest_route=\/wp\/v2\/posts\/2706","targetHints":{"allow":["GET"]}}],"collection":[{"href":"https:\/\/formalprision.com\/index.php?rest_route=\/wp\/v2\/posts"}],"about":[{"href":"https:\/\/formalprision.com\/index.php?rest_route=\/wp\/v2\/types\/post"}],"author":[{"embeddable":true,"href":"https:\/\/formalprision.com\/index.php?rest_route=\/wp\/v2\/users\/1"}],"replies":[{"embeddable":true,"href":"https:\/\/formalprision.com\/index.php?rest_route=%2Fwp%2Fv2%2Fcomments&post=2706"}],"version-history":[{"count":0,"href":"https:\/\/formalprision.com\/index.php?rest_route=\/wp\/v2\/posts\/2706\/revisions"}],"wp:featuredmedia":[{"embeddable":true,"href":"https:\/\/formalprision.com\/index.php?rest_route=\/wp\/v2\/media\/15523"}],"wp:attachment":[{"href":"https:\/\/formalprision.com\/index.php?rest_route=%2Fwp%2Fv2%2Fmedia&parent=2706"}],"wp:term":[{"taxonomy":"category","embeddable":true,"href":"https:\/\/formalprision.com\/index.php?rest_route=%2Fwp%2Fv2%2Fcategories&post=2706"},{"taxonomy":"post_tag","embeddable":true,"href":"https:\/\/formalprision.com\/index.php?rest_route=%2Fwp%2Fv2%2Ftags&post=2706"}],"curies":[{"name":"wp","href":"https:\/\/api.w.org\/{rel}","templated":true}]}}