{"id":2707,"date":"2014-08-14T05:47:00","date_gmt":"2014-08-14T05:47:00","guid":{"rendered":"http:\/\/formalprision.info\/2014\/08\/14\/tekax-ya-cuenta-con-oficina-regiona\/"},"modified":"2015-06-03T08:36:11","modified_gmt":"2015-06-03T08:36:11","slug":"tekax-ya-cuenta-con-oficina-regiona","status":"publish","type":"post","link":"https:\/\/formalprision.com\/?p=2707","title":{"rendered":"Tekax ya cuenta con Oficina Regional del Gobierno del Estado"},"content":{"rendered":"<div style=\"font-family: Noteworthy; font-size: 20px; font-weight: bold; line-height: 26px; -webkit-tap-highlight-color: rgba(26, 26, 26, 0.296875); -webkit-composition-fill-color: rgba(130, 98, 83, 0.0976563); -webkit-composition-frame-color: rgba(191, 107, 82, 0.496094); \">Tekax, Yucat\u00e1n, 13 de agosto de 2014.- Con la premisa de brindar atenci\u00f3n y servicios de manera igualitaria en los 106 municipios del territorio, el Gobernador Rolando Zapata Bello inaugur\u00f3 en Tekax una Oficina Regional del Gobierno del Estado, tras una inversi\u00f3n cercana a los dos millones de pesos.<\/div>\n<div style=\"font-family: Noteworthy; font-size: 20px; font-weight: bold; line-height: 26px; -webkit-tap-highlight-color: rgba(26, 26, 26, 0.296875); -webkit-composition-fill-color: rgba(130, 98, 83, 0.0976563); -webkit-composition-frame-color: rgba(191, 107, 82, 0.496094); \">En el evento, el titular del Poder Ejecutivo indic\u00f3 que esta unidad recibir\u00e1 solicitudes y otorgar\u00e1 amplia informaci\u00f3n a los habitantes de 22 municipios de la zona, incluido Tekax, a trav\u00e9s de los m\u00f3dulos de las Secretar\u00edas de Desarrollo Rural (Seder) y Desarrollo Social (Sedesol), as\u00ed como del Instituto de Desarrollo Regional y Municipal (Inderm).<\/div>\n<div style=\"font-family: Noteworthy; font-size: 20px; font-weight: bold; line-height: 26px; -webkit-tap-highlight-color: rgba(26, 26, 26, 0.296875); -webkit-composition-fill-color: rgba(130, 98, 83, 0.0976563); -webkit-composition-frame-color: rgba(191, 107, 82, 0.496094); \">\u00abLo m\u00e1s resaltable de acercar las ventanillas de servicio a las diferentes regiones de la entidad &nbsp;es que generan mayor acceso a la informaci\u00f3n de los proyectos y convocatorias, adem\u00e1s se atender\u00e1 con m\u00e1s prontitud a los beneficiarios de los programas sociales\u00bb, expres\u00f3.<\/div>\n<div style=\"font-family: Noteworthy; font-size: 20px; font-weight: bold; line-height: 26px; -webkit-tap-highlight-color: rgba(26, 26, 26, 0.296875); -webkit-composition-fill-color: rgba(130, 98, 83, 0.0976563); -webkit-composition-frame-color: rgba(191, 107, 82, 0.496094); \">Como parte de estas acciones, Zapata Bello instruy\u00f3 al titular de la Sedesol estatal, Nerio Torres Arcila, que se ponga a disposici\u00f3n de la zona 25 folios de cr\u00e9ditos sociales.<\/div>\n<div style=\"font-family: Noteworthy; font-size: 20px; font-weight: bold; line-height: 26px; -webkit-tap-highlight-color: rgba(26, 26, 26, 0.296875); -webkit-composition-fill-color: rgba(130, 98, 83, 0.0976563); -webkit-composition-frame-color: rgba(191, 107, 82, 0.496094); \">Record\u00f3 que en breve se echar\u00e1 a andar una segunda fase de este tipo de Oficinas para que Izamal, Maxcan\u00fa, Ticul y Tizim\u00edn tambi\u00e9n cuenten con su centro de operaci\u00f3n territorial, que ofrezca servicios integrales de las dependencias del Gobierno estatal a habitantes de esas regiones.<\/div>\n<div style=\"font-family: Noteworthy; font-size: 20px; font-weight: bold; line-height: 26px; -webkit-tap-highlight-color: rgba(26, 26, 26, 0.296875); -webkit-composition-fill-color: rgba(130, 98, 83, 0.0976563); -webkit-composition-frame-color: rgba(191, 107, 82, 0.496094); \">En presencia de la alcaldesa de Tekax, Consuelo del Carmen Navarrete Navarro, el titular de la Seder, Felipe Cervera Hern\u00e1ndez, refiri\u00f3 que la sede de dicha demarcaci\u00f3n se suma a las otras que ya se encuentran en funcionamiento en Motul, Yaxcab\u00e1 y Valladolid.<\/div>\n<div style=\"font-family: Noteworthy; font-size: 20px; font-weight: bold; line-height: 26px; -webkit-tap-highlight-color: rgba(26, 26, 26, 0.296875); -webkit-composition-fill-color: rgba(130, 98, 83, 0.0976563); -webkit-composition-frame-color: rgba(191, 107, 82, 0.496094); \">\u00abEsta unidad cuenta con seis cub\u00edculos de atenci\u00f3n, dos cuartos sanitarios y una amplia bodega para almac\u00e9n y distribuci\u00f3n de herramientas e insumos, lo cual permitir\u00e1 el ahorro en tiempo y econom\u00eda para las familias que ya no tendr\u00e1n que viajar a la capital del estado para recibir sus apoyos\u00bb, asegur\u00f3.<\/div>\n<div style=\"font-family: Noteworthy; font-size: 20px; font-weight: bold; line-height: 26px; -webkit-tap-highlight-color: rgba(26, 26, 26, 0.296875); -webkit-composition-fill-color: rgba(130, 98, 83, 0.0976563); -webkit-composition-frame-color: rgba(191, 107, 82, 0.496094); \">Por su parte, Torres Arcila hizo un llamado para que los vecinos del Sur de la entidad aprovechen la apertura del punto de encuentro en el que funcionarios realizar\u00e1n reuniones para generar cercan\u00eda con la ciudadan\u00eda.<\/div>\n<div style=\"font-family: Noteworthy; font-size: 20px; font-weight: bold; line-height: 26px; -webkit-tap-highlight-color: rgba(26, 26, 26, 0.296875); -webkit-composition-fill-color: rgba(130, 98, 83, 0.0976563); -webkit-composition-frame-color: rgba(191, 107, 82, 0.496094); \">\u00abLa Oficina representa igualdad de oportunidades para acceder a iniciativas de Gobierno, sin importar el lugar en que se resida, basta con tener ganas de salir adelante trabajando fuertemente\u00bb, se\u00f1al\u00f3.<\/div>\n<div style=\"font-family: Noteworthy; font-size: 20px; font-weight: bold; line-height: 26px; -webkit-tap-highlight-color: rgba(26, 26, 26, 0.296875); -webkit-composition-fill-color: rgba(130, 98, 83, 0.0976563); -webkit-composition-frame-color: rgba(191, 107, 82, 0.496094); \">La unidad estar\u00e1 abierta de lunes a viernes de 8:00 a 13:00 horas y adem\u00e1s de la cabecera mencionada atender\u00e1 a Akil, Chacsink\u00edn, Chapab, Chumayel, Dzan, Halach\u00f3, Man\u00ed, Mama, Maxcan\u00fa, Mayap\u00e1n, Muna, Oxkutzcab, Opich\u00e9n, Peto, Sacalum, Santa Elena, Tahdzi\u00fa, Teabo, Ticul, Tixm\u00e9huac y Tzucacab.<\/div>\n<div style=\"font-family: Noteworthy; font-size: 20px; font-weight: bold; line-height: 26px; -webkit-tap-highlight-color: rgba(26, 26, 26, 0.296875); -webkit-composition-fill-color: rgba(130, 98, 83, 0.0976563); -webkit-composition-frame-color: rgba(191, 107, 82, 0.496094); \">Como parte de la gira, Zapata Bello inaugur\u00f3 en Akil los trabajos de reconstrucci\u00f3n de 9.4 kil\u00f3metros del tramo carretero Xohuay\u00e1n &#8211; Kancab, con una inversi\u00f3n cercana a los dos millones de pesos. Esta labor mejora las condiciones de comercializaci\u00f3n con las que cuentan los productores de la zona.<\/div>\n<div style=\"font-family: Noteworthy; font-size: 20px; font-weight: bold; line-height: 26px; -webkit-tap-highlight-color: rgba(26, 26, 26, 0.296875); -webkit-composition-fill-color: rgba(130, 98, 83, 0.0976563); -webkit-composition-frame-color: rgba(191, 107, 82, 0.496094); \">En su intervenci\u00f3n, el director del Instituto de Infraestructura Carretera de Yucat\u00e1n (Incay), Javier Osante Sol\u00eds, puntualiz\u00f3 que este es el municipio en el que se han construido m\u00e1s kil\u00f3metros de carreteras saca cosechas.<\/div>\n<div style=\"font-family: Noteworthy; font-size: 20px; font-weight: bold; line-height: 26px; -webkit-tap-highlight-color: rgba(26, 26, 26, 0.296875); -webkit-composition-fill-color: rgba(130, 98, 83, 0.0976563); -webkit-composition-frame-color: rgba(191, 107, 82, 0.496094); \">Detall\u00f3 que en esta zona ya suman 28 kil\u00f3metros de estas v\u00edas, lo que representa una inversi\u00f3n superior a los 35 millones de pesos, para beneficio de miles de agricultores.<\/div>\n<div style=\"font-family: Noteworthy; font-size: 20px; font-weight: bold; line-height: 26px; -webkit-tap-highlight-color: rgba(26, 26, 26, 0.296875); -webkit-composition-fill-color: rgba(130, 98, 83, 0.0976563); -webkit-composition-frame-color: rgba(191, 107, 82, 0.496094); \">Asimismo, el mandatario entreg\u00f3 material deportivo y techumbre de la cancha de usos m\u00faltiples de Akil. En representaci\u00f3n de los m\u00e1s de mil 200 atletas del municipio, el ni\u00f1o Elian Jos\u00e9 Vela Canto agradeci\u00f3 que se construyera el domo del lugar, que se usa todos los d\u00edas para actividades escolares y comunitarias.<\/div>\n<div style=\"font-family: Noteworthy; font-size: 20px; font-weight: bold; line-height: 26px; -webkit-tap-highlight-color: rgba(26, 26, 26, 0.296875); -webkit-composition-fill-color: rgba(130, 98, 83, 0.0976563); -webkit-composition-frame-color: rgba(191, 107, 82, 0.496094); \">Posteriormente en Ticul, inaugur\u00f3 otro espacio para el deporte en la colonia Obrera, el cual tuvo un costo de 1.9 millones de pesos. El sitio cuenta con dos porter\u00edas de f\u00fatbol r\u00e1pido, dos tableros de basquetbol, tres estructuras de gradas port\u00e1tiles y ba\u00f1os.<\/div>\n<div style=\"font-family: Noteworthy; font-size: 20px; font-weight: bold; line-height: 26px; -webkit-tap-highlight-color: rgba(26, 26, 26, 0.296875); -webkit-composition-fill-color: rgba(130, 98, 83, 0.0976563); -webkit-composition-frame-color: rgba(191, 107, 82, 0.496094); \">El recinto le permite a los usuarios establecer un primer contacto con la activaci\u00f3n f\u00edsica, mejorar su salud y promover la sana convivencia.<\/div>\n<div style=\"font-family: Noteworthy; font-size: 20px; font-weight: bold; line-height: 26px; -webkit-tap-highlight-color: rgba(26, 26, 26, 0.296875); -webkit-composition-fill-color: rgba(130, 98, 83, 0.0976563); -webkit-composition-frame-color: rgba(191, 107, 82, 0.496094); \">A estos eventos asistieron los diputados federal, Marco Vela Reyes, y locales, Fernando Romero \u00c1vila, Dafne L\u00f3pez Mart\u00ednez y Rafael Chan Maga\u00f1a.<\/div>\n<div style=\"font-family: Noteworthy; font-size: 20px; font-weight: bold; line-height: 26px; -webkit-tap-highlight-color: rgba(26, 26, 26, 0.296875); -webkit-composition-fill-color: rgba(130, 98, 83, 0.0976563); -webkit-composition-frame-color: rgba(191, 107, 82, 0.496094); \">De igual modo, el secretario de Obras P\u00fablicas del Estado, Daniel Quintal Ic; el director General del Inderm, Juan Jos\u00e9 Canul P\u00e9rez; as\u00ed como los alcaldes de Akil, Juli\u00e1n Javier Nic Navarrete, y de Ticul, Orlando Rafael Medina Un.(comunicado)<\/p>\n<div class=\"separator\" style=\"clear: both;\"><a href=\"https:\/\/lh5.googleusercontent.com\/-XsKlWLw8h00\/U-xNYCoEqKI\/AAAAAAAAi5A\/V-RyLpATOyA\/s640\/blogger-image-607293909.jpg\" imageanchor=\"1\" style=\"margin-left: 1em; margin-right: 1em;\"><img decoding=\"async\" border=\"0\" src=\"https:\/\/lh5.googleusercontent.com\/-XsKlWLw8h00\/U-xNYCoEqKI\/AAAAAAAAi5A\/V-RyLpATOyA\/s640\/blogger-image-607293909.jpg\"><\/a><\/div>\n<\/div>\n","protected":false},"excerpt":{"rendered":"<p>Tekax, Yucat\u00e1n, 13 de agosto de 2014.- Con la premisa de brindar atenci\u00f3n y servicios de manera igualitaria en los 106 municipios del territorio, el Gobernador Rolando Zapata Bello inaugur\u00f3<\/p>\n","protected":false},"author":1,"featured_media":15525,"comment_status":"open","ping_status":"open","sticky":false,"template":"","format":"standard","meta":{"jetpack_post_was_ever_published":false,"_jetpack_newsletter_access":"","_jetpack_dont_email_post_to_subs":false,"_jetpack_newsletter_tier_id":0,"_jetpack_memberships_contains_paywalled_content":false,"_jetpack_memberships_contains_paid_content":false,"footnotes":"","jetpack_publicize_message":"","jetpack_publicize_feature_enabled":true,"jetpack_social_post_already_shared":false,"jetpack_social_options":{"image_generator_settings":{"template":"highway","default_image_id":0,"font":"","enabled":false},"version":2}},"categories":[17,1],"tags":[],"class_list":["post-2707","post","type-post","status-publish","format-standard","has-post-thumbnail","hentry","category-politica-y-gobierno","category-sin-categoria"],"jetpack_publicize_connections":[],"jetpack_featured_media_url":"https:\/\/formalprision.com\/wp-content\/uploads\/2014\/08\/blogger-image-607293909.jpg","jetpack_sharing_enabled":true,"jetpack_shortlink":"https:\/\/wp.me\/p6id8p-HF","_links":{"self":[{"href":"https:\/\/formalprision.com\/index.php?rest_route=\/wp\/v2\/posts\/2707","targetHints":{"allow":["GET"]}}],"collection":[{"href":"https:\/\/formalprision.com\/index.php?rest_route=\/wp\/v2\/posts"}],"about":[{"href":"https:\/\/formalprision.com\/index.php?rest_route=\/wp\/v2\/types\/post"}],"author":[{"embeddable":true,"href":"https:\/\/formalprision.com\/index.php?rest_route=\/wp\/v2\/users\/1"}],"replies":[{"embeddable":true,"href":"https:\/\/formalprision.com\/index.php?rest_route=%2Fwp%2Fv2%2Fcomments&post=2707"}],"version-history":[{"count":0,"href":"https:\/\/formalprision.com\/index.php?rest_route=\/wp\/v2\/posts\/2707\/revisions"}],"wp:featuredmedia":[{"embeddable":true,"href":"https:\/\/formalprision.com\/index.php?rest_route=\/wp\/v2\/media\/15525"}],"wp:attachment":[{"href":"https:\/\/formalprision.com\/index.php?rest_route=%2Fwp%2Fv2%2Fmedia&parent=2707"}],"wp:term":[{"taxonomy":"category","embeddable":true,"href":"https:\/\/formalprision.com\/index.php?rest_route=%2Fwp%2Fv2%2Fcategories&post=2707"},{"taxonomy":"post_tag","embeddable":true,"href":"https:\/\/formalprision.com\/index.php?rest_route=%2Fwp%2Fv2%2Ftags&post=2707"}],"curies":[{"name":"wp","href":"https:\/\/api.w.org\/{rel}","templated":true}]}}