{"id":2708,"date":"2014-08-14T04:28:00","date_gmt":"2014-08-14T04:28:00","guid":{"rendered":"http:\/\/formalprision.info\/2014\/08\/14\/llega-merida-kanye-west-esposo-de-ki\/"},"modified":"2015-06-03T08:36:12","modified_gmt":"2015-06-03T08:36:12","slug":"llega-merida-kanye-west-esposo-de-ki","status":"publish","type":"post","link":"https:\/\/formalprision.com\/?p=2708","title":{"rendered":"Llega a M\u00e9rida Kanye West, esposo de Kim Kardashian"},"content":{"rendered":"<div style=\"font-family: Noteworthy; font-size: 20px; font-weight: bold; line-height: 26px; -webkit-tap-highlight-color: rgba(26, 26, 26, 0.296875); -webkit-composition-fill-color: rgba(130, 98, 83, 0.0976563); -webkit-composition-frame-color: rgba(191, 107, 82, 0.496094); \">\n<div>&nbsp;Esta noche arrib\u00f3 a M\u00e9rida el cantautor y productor Kanye West, quien acompa\u00f1ado de un peque\u00f1o equipo de trabajo, lleg\u00f3 en vuelo de la l\u00ednea Aerom\u00e9xico, proveniente de del Distrito Federal, luego de visitar Puerto Vallarta, Jalisco.<\/div>\n<div>Su presencia en el avi\u00f3n llam\u00f3 la atenci\u00f3n de los pasajeros, que no daban cr\u00e9dito de que el esposo de Kim Kardashian viajara en la misma corrida.<\/div>\n<div>En el proceso de llegada, el joven David Scholz le pidi\u00f3 una foto del recuerdo y subi\u00f3 en su cuenta de Instagram una imagen en la que daba cuenta de la haza\u00f1a.<\/div>\n<\/div>\n<div style=\"font-family: Noteworthy; font-size: 20px; font-weight: bold; line-height: 26px; -webkit-tap-highlight-color: rgba(26, 26, 26, 0.296875); -webkit-composition-fill-color: rgba(130, 98, 83, 0.0976563); -webkit-composition-frame-color: rgba(191, 107, 82, 0.496094); \">\n<div>Kanye West viaj\u00f3 en primera clase y no pudo evitar llamar la atenci\u00f3n de los paseantes y viajeros del Aeropuerto Internacional de M\u00e9rida.<\/div>\n<div>Sergio Serranova, fundador de Glittergroove Agency, luego de consultar con la agencia y disquera del artista, corrobor\u00f3 los datos de su presencia en capital yucateca.<\/div>\n<div>Tambi\u00e9n el creativo mexicano Carlos Arceo, cercano a la producci\u00f3n del rapero y el estudio en el que lo atendieron en Jalisco, revel\u00f3 que uno de los motivos de su paso por diferentes puntos de M\u00e9xico tiene que ver con al grabaci\u00f3n de su nueva producci\u00f3n discogr\u00e1fica. (Sipse)<\/p>\n<div class=\"separator\" style=\"clear: both;\"><a href=\"https:\/\/lh5.googleusercontent.com\/-zK6Ho_ogYGE\/U-w66xnx2TI\/AAAAAAAAi4w\/MH9i426E2yM\/s640\/blogger-image--1215154681.jpg\" imageanchor=\"1\" style=\"margin-left: 1em; margin-right: 1em;\"><img decoding=\"async\" border=\"0\" src=\"https:\/\/lh5.googleusercontent.com\/-zK6Ho_ogYGE\/U-w66xnx2TI\/AAAAAAAAi4w\/MH9i426E2yM\/s640\/blogger-image--1215154681.jpg\"><\/a><\/div>\n<\/div>\n<\/div>\n","protected":false},"excerpt":{"rendered":"<p>&nbsp;Esta noche arrib\u00f3 a M\u00e9rida el cantautor y productor Kanye West, quien acompa\u00f1ado de un peque\u00f1o equipo de trabajo, lleg\u00f3 en vuelo de la l\u00ednea Aerom\u00e9xico, proveniente de del Distrito<\/p>\n","protected":false},"author":1,"featured_media":15527,"comment_status":"open","ping_status":"open","sticky":false,"template":"","format":"standard","meta":{"jetpack_post_was_ever_published":false,"_jetpack_newsletter_access":"","_jetpack_dont_email_post_to_subs":false,"_jetpack_newsletter_tier_id":0,"_jetpack_memberships_contains_paywalled_content":false,"_jetpack_memberships_contains_paid_content":false,"footnotes":"","jetpack_publicize_message":"","jetpack_publicize_feature_enabled":true,"jetpack_social_post_already_shared":false,"jetpack_social_options":{"image_generator_settings":{"template":"highway","default_image_id":0,"font":"","enabled":false},"version":2}},"categories":[1,49],"tags":[],"class_list":["post-2708","post","type-post","status-publish","format-standard","has-post-thumbnail","hentry","category-sin-categoria","category-tocho-morocho"],"jetpack_publicize_connections":[],"jetpack_featured_media_url":"https:\/\/formalprision.com\/wp-content\/uploads\/2014\/08\/blogger-image-1215154681.jpg","jetpack_sharing_enabled":true,"jetpack_shortlink":"https:\/\/wp.me\/p6id8p-HG","_links":{"self":[{"href":"https:\/\/formalprision.com\/index.php?rest_route=\/wp\/v2\/posts\/2708","targetHints":{"allow":["GET"]}}],"collection":[{"href":"https:\/\/formalprision.com\/index.php?rest_route=\/wp\/v2\/posts"}],"about":[{"href":"https:\/\/formalprision.com\/index.php?rest_route=\/wp\/v2\/types\/post"}],"author":[{"embeddable":true,"href":"https:\/\/formalprision.com\/index.php?rest_route=\/wp\/v2\/users\/1"}],"replies":[{"embeddable":true,"href":"https:\/\/formalprision.com\/index.php?rest_route=%2Fwp%2Fv2%2Fcomments&post=2708"}],"version-history":[{"count":0,"href":"https:\/\/formalprision.com\/index.php?rest_route=\/wp\/v2\/posts\/2708\/revisions"}],"wp:featuredmedia":[{"embeddable":true,"href":"https:\/\/formalprision.com\/index.php?rest_route=\/wp\/v2\/media\/15527"}],"wp:attachment":[{"href":"https:\/\/formalprision.com\/index.php?rest_route=%2Fwp%2Fv2%2Fmedia&parent=2708"}],"wp:term":[{"taxonomy":"category","embeddable":true,"href":"https:\/\/formalprision.com\/index.php?rest_route=%2Fwp%2Fv2%2Fcategories&post=2708"},{"taxonomy":"post_tag","embeddable":true,"href":"https:\/\/formalprision.com\/index.php?rest_route=%2Fwp%2Fv2%2Ftags&post=2708"}],"curies":[{"name":"wp","href":"https:\/\/api.w.org\/{rel}","templated":true}]}}