{"id":2711,"date":"2014-08-13T22:28:00","date_gmt":"2014-08-13T22:28:00","guid":{"rendered":"http:\/\/formalprision.info\/2014\/08\/13\/amplian-hospital-de-tekax\/"},"modified":"2015-06-03T08:36:12","modified_gmt":"2015-06-03T08:36:12","slug":"amplian-hospital-de-tekax","status":"publish","type":"post","link":"https:\/\/formalprision.com\/?p=2711","title":{"rendered":"Ampl\u00edan hospital de Tekax"},"content":{"rendered":"<div style=\"font-family: Noteworthy; font-size: 20px; font-weight: bold; line-height: 26px; -webkit-tap-highlight-color: rgba(26, 26, 26, 0.296875); -webkit-composition-fill-color: rgba(130, 98, 83, 0.0976563); -webkit-composition-frame-color: rgba(191, 107, 82, 0.496094); \">\n<div>Tekax, Yucat\u00e1n, 13 de agosto de 2014.- Con el fin de fortalecer la atenci\u00f3n y la prevenci\u00f3n m\u00e9dica al Sur de la entidad, el Gobierno del Estado invierte m\u00e1s de 17 millones de pesos en el Centro de Salud y Servicios Ampliados (Cessa) de Tekax, as\u00ed como en la rehabilitaci\u00f3n del nosocomio de Kinil, comisar\u00eda de este municipio, en beneficio de m\u00e1s de 29 mil 900 habitantes de la regi\u00f3n.<\/div>\n<div>En gira de trabajo por el Sur de Yucat\u00e1n, el Gobernador Rolando Zapata Bello supervis\u00f3 las obras que se realizan en el Cessa de la demarcaci\u00f3n, las cuales comprenden la edificaci\u00f3n de un \u00e1rea que albergar\u00e1 m\u00e1s m\u00f3dulos para consulta externa, as\u00ed como la construcci\u00f3n de un nuevo complejo donde se ofrecer\u00e1n los servicios de estomatolog\u00eda, laboratorio, rayos X y ultrasonido, curaciones, consultorio de 24 horas, telemedicina y medicina preventiva.<\/div>\n<div>Tambi\u00e9n, en las nuevas instalaciones se contempla contar con un peque\u00f1o quir\u00f3fano para efectuar cirug\u00edas menores y con ello poder atender una amplia gama de casos en el municipio sin necesidad de enviar a los pacientes a otros lugares como Ticul o M\u00e9rida. As\u00ed, el Cessa de Tekax se establecer\u00e1 en un \u00e1rea superior a los dos mil 400 metros cuadrados de construcci\u00f3n.<\/div>\n<div>\u201cEs necesario que el Centro de Salud est\u00e9 en buenas condiciones, para que el servicio que se brinde sea de calidad, as\u00ed no importa d\u00f3nde viva la persona, en la ciudad, en una comisar\u00eda, en un municipio, el compromiso del Gobierno es que los servicios se presten con calidad\u201d, afirm\u00f3 Zapata Bello.<\/div>\n<div>Al finalizar el recorrido por el Cessa, el Gobernador entreg\u00f3 las llaves de un nuevo veh\u00edculo de traslado m\u00e9dico al comisario de Benito Ju\u00e1rez, Tekax, Carlos Manuel Can Fuentes. Este transporte tendr\u00e1 como base dicha localidad y brindar\u00e1 atenci\u00f3n a la zona que comprende las comisar\u00edas San Mart\u00edn Hilil, Chan Dzinup, Nuevo Yalcob\u00e1, San Agust\u00edn, San Isidro Yaxch\u00e9 y San Pedro.<\/div>\n<div>Previamente, en la comisar\u00eda Kinil, el mandatario, acompa\u00f1ado por el titular de la Secretar\u00eda estatal del ramo (SSY), Jorge Eduardo Mendoza M\u00e9zquita, entreg\u00f3 los trabajos de rehabilitaci\u00f3n del Centro de Salud de ese lugar, los cuales significaron una inversi\u00f3n superior a los 1.1 millones de pesos en beneficio de 661 habitantes.<\/div>\n<div>Adem\u00e1s, anunci\u00f3 que el pr\u00f3ximo 25 de agosto arrancar\u00e1 labores un Telebachillerato Comunitario Intercultural en la localidad, en el que los j\u00f3venes de Kinil podr\u00e1n continuar sus estudios del nivel medio superior. A la primera generaci\u00f3n de educandos se le otorgar\u00e1 un equipo de c\u00f3mputo por alumno, para que \u00e9stos ejecuten sus labores acad\u00e9micas sin inconvenientes.<\/div>\n<div>Al hacer uso de la palabra, Mendoza M\u00e9zquita indic\u00f3 que el conservar en buenas condiciones los Centros de Salud de la entidad responde a un compromiso del Gobierno del Estado para que la poblaci\u00f3n se mantenga saludable y pueda continuar con sus actividades productivas, adem\u00e1s de que las familias pueden contar con los programas de prevenci\u00f3n existentes y con la atenci\u00f3n m\u00e9dica en caso de requerirla, de forma cercana.<\/div>\n<div>La alcaldesa anfitriona, Consuelo del Carmen Navarrete Navarro, agradeci\u00f3 las acciones ejercidas en la materia por parte del Gobierno estatal en esta y otras zonas de Yucat\u00e1n, pues acercan los servicios b\u00e1sicos a la gente que vive alejada de los grandes centros urbanos, lo que contribuye a mejorar su calidad de vida.<\/div>\n<div>En el evento estuvieron, el director General del Instituto para el Desarrollo Regional y Municipal (Inderm), Juan Jos\u00e9 Canul P\u00e9rez; los diputados Marco Vela Reyes, Fernando, Romero \u00c1vila, Rafael Chan Maga\u00f1a y Dafne L\u00f3pez Mart\u00ednez, as\u00ed como representantes sindicales y autoridades m\u00e9dicas de la entidad.<\/p>\n<div class=\"separator\" style=\"clear: both;\"><a href=\"https:\/\/lh5.googleusercontent.com\/-afXDnnlPVnA\/U-vmiyFKcQI\/AAAAAAAAi38\/uXXCYro-raY\/s640\/blogger-image--771470306.jpg\" imageanchor=\"1\" style=\"margin-left: 1em; margin-right: 1em;\"><img decoding=\"async\" border=\"0\" src=\"https:\/\/lh5.googleusercontent.com\/-afXDnnlPVnA\/U-vmiyFKcQI\/AAAAAAAAi38\/uXXCYro-raY\/s640\/blogger-image--771470306.jpg\"><\/a><\/div>\n<\/div>\n<div><\/div>\n<\/div>\n","protected":false},"excerpt":{"rendered":"<p>Tekax, Yucat\u00e1n, 13 de agosto de 2014.- Con el fin de fortalecer la atenci\u00f3n y la prevenci\u00f3n m\u00e9dica al Sur de la entidad, el Gobierno del Estado invierte m\u00e1s de<\/p>\n","protected":false},"author":1,"featured_media":15533,"comment_status":"open","ping_status":"open","sticky":false,"template":"","format":"standard","meta":{"jetpack_post_was_ever_published":false,"_jetpack_newsletter_access":"","_jetpack_dont_email_post_to_subs":false,"_jetpack_newsletter_tier_id":0,"_jetpack_memberships_contains_paywalled_content":false,"_jetpack_memberships_contains_paid_content":false,"footnotes":"","jetpack_publicize_message":"","jetpack_publicize_feature_enabled":true,"jetpack_social_post_already_shared":false,"jetpack_social_options":{"image_generator_settings":{"template":"highway","default_image_id":0,"font":"","enabled":false},"version":2}},"categories":[17,1],"tags":[],"class_list":["post-2711","post","type-post","status-publish","format-standard","has-post-thumbnail","hentry","category-politica-y-gobierno","category-sin-categoria"],"jetpack_publicize_connections":[],"jetpack_featured_media_url":"https:\/\/formalprision.com\/wp-content\/uploads\/2014\/08\/blogger-image-771470306.jpg","jetpack_sharing_enabled":true,"jetpack_shortlink":"https:\/\/wp.me\/p6id8p-HJ","_links":{"self":[{"href":"https:\/\/formalprision.com\/index.php?rest_route=\/wp\/v2\/posts\/2711","targetHints":{"allow":["GET"]}}],"collection":[{"href":"https:\/\/formalprision.com\/index.php?rest_route=\/wp\/v2\/posts"}],"about":[{"href":"https:\/\/formalprision.com\/index.php?rest_route=\/wp\/v2\/types\/post"}],"author":[{"embeddable":true,"href":"https:\/\/formalprision.com\/index.php?rest_route=\/wp\/v2\/users\/1"}],"replies":[{"embeddable":true,"href":"https:\/\/formalprision.com\/index.php?rest_route=%2Fwp%2Fv2%2Fcomments&post=2711"}],"version-history":[{"count":0,"href":"https:\/\/formalprision.com\/index.php?rest_route=\/wp\/v2\/posts\/2711\/revisions"}],"wp:featuredmedia":[{"embeddable":true,"href":"https:\/\/formalprision.com\/index.php?rest_route=\/wp\/v2\/media\/15533"}],"wp:attachment":[{"href":"https:\/\/formalprision.com\/index.php?rest_route=%2Fwp%2Fv2%2Fmedia&parent=2711"}],"wp:term":[{"taxonomy":"category","embeddable":true,"href":"https:\/\/formalprision.com\/index.php?rest_route=%2Fwp%2Fv2%2Fcategories&post=2711"},{"taxonomy":"post_tag","embeddable":true,"href":"https:\/\/formalprision.com\/index.php?rest_route=%2Fwp%2Fv2%2Ftags&post=2711"}],"curies":[{"name":"wp","href":"https:\/\/api.w.org\/{rel}","templated":true}]}}