{"id":2712,"date":"2014-08-13T22:21:00","date_gmt":"2014-08-13T22:21:00","guid":{"rendered":"http:\/\/formalprision.info\/2014\/08\/13\/detenido-por-violar-su-prima-quinceanera\/"},"modified":"2015-06-03T08:36:12","modified_gmt":"2015-06-03T08:36:12","slug":"detenido-por-violar-su-prima-quinceanera","status":"publish","type":"post","link":"https:\/\/formalprision.com\/?p=2712","title":{"rendered":"Detenido por violar a su prima quincea\u00f1era"},"content":{"rendered":"<div style=\"font-family: Noteworthy; font-size: 20px; font-weight: bold; line-height: 26px; -webkit-tap-highlight-color: rgba(26, 26, 26, 0.296875); -webkit-composition-fill-color: rgba(130, 98, 83, 0.0976563); -webkit-composition-frame-color: rgba(191, 107, 82, 0.496094); \">Polic\u00edas Ministeriales detuvieron a Michel Enrique Dami\u00e1n&nbsp;Guti\u00e9rrez, acusado ee abusar de su prima.<\/div>\n<div style=\"font-family: Noteworthy; font-size: 20px; font-weight: bold; line-height: 26px; -webkit-tap-highlight-color: rgba(26, 26, 26, 0.296875); -webkit-composition-fill-color: rgba(130, 98, 83, 0.0976563); -webkit-composition-frame-color: rgba(191, 107, 82, 0.496094); \">Se le detuvo en cumplimiento de &nbsp;una orden de aprehensi\u00f3n, acusado del delito de violaci\u00f3n en&nbsp;agravio de su prima M.J.U.D., de 15 a\u00f1os de edad.<\/div>\n<div style=\"font-family: Noteworthy; font-size: 20px; font-weight: bold; line-height: 26px; -webkit-tap-highlight-color: rgba(26, 26, 26, 0.296875); -webkit-composition-fill-color: rgba(130, 98, 83, 0.0976563); -webkit-composition-frame-color: rgba(191, 107, 82, 0.496094); \">Hoy mismo fue requerido por el Juez&nbsp;Octavo Penal.<\/div>\n<div style=\"font-family: Noteworthy; font-size: 20px; font-weight: bold; line-height: 26px; -webkit-tap-highlight-color: rgba(26, 26, 26, 0.296875); -webkit-composition-fill-color: rgba(130, 98, 83, 0.0976563); -webkit-composition-frame-color: rgba(191, 107, 82, 0.496094); \">Seg\u00fan el expediente, el sujeto acostumbraba&nbsp;acudir al domicilio de la agraviada, , ubicado&nbsp;en la colonia San Antonio Xluch, y debido a que eran primos ten\u00edan una relaci\u00f3n cercana.<\/div>\n<div style=\"font-family: Noteworthy; font-size: 20px; font-weight: bold; line-height: 26px; -webkit-tap-highlight-color: rgba(26, 26, 26, 0.296875); -webkit-composition-fill-color: rgba(130, 98, 83, 0.0976563); -webkit-composition-frame-color: rgba(191, 107, 82, 0.496094); \">Sin embargo, en febrero de&nbsp;2002, el sujeto comenz\u00f3 a acercarse m\u00e1s a ella.<\/div>\n<div style=\"font-family: Noteworthy; font-size: 20px; font-weight: bold; line-height: 26px; -webkit-tap-highlight-color: rgba(26, 26, 26, 0.296875); -webkit-composition-fill-color: rgba(130, 98, 83, 0.0976563); -webkit-composition-frame-color: rgba(191, 107, 82, 0.496094); \">Pese a que la menor se&nbsp;resist\u00eda siempre a las muestras de cari\u00f1o de su pariente, \u00e9ste la abrazaba a la&nbsp;fuerza y a partir de marzo de ese mismo a\u00f1o la comenz\u00f3 a manosear, hasta que en&nbsp;una ocasi\u00f3n, cuando la afectada sal\u00eda de su predio, el sujeto la llev\u00f3 a la&nbsp;fuerza a la casa de su abuelo y se aprovech\u00f3 de ella.<\/div>\n<div style=\"font-family: Noteworthy; font-size: 20px; font-weight: bold; line-height: 26px; -webkit-tap-highlight-color: rgba(26, 26, 26, 0.296875); -webkit-composition-fill-color: rgba(130, 98, 83, 0.0976563); -webkit-composition-frame-color: rgba(191, 107, 82, 0.496094); \">Michel Enrique fue denunciado&nbsp;por la madre de la afectada, luego de que \u00e9sta le contara lo que su primo le hizo.<\/p>\n<div class=\"separator\" style=\"clear: both;\"><a href=\"https:\/\/lh4.googleusercontent.com\/-sE6hjsvlIwc\/U-vk5Zz7WKI\/AAAAAAAAi30\/_xBA7FXAx7I\/s640\/blogger-image--1515723755.jpg\" imageanchor=\"1\" style=\"margin-left: 1em; margin-right: 1em;\"><img decoding=\"async\" border=\"0\" src=\"https:\/\/lh4.googleusercontent.com\/-sE6hjsvlIwc\/U-vk5Zz7WKI\/AAAAAAAAi30\/_xBA7FXAx7I\/s640\/blogger-image--1515723755.jpg\"><\/a><\/div>\n<\/div>\n","protected":false},"excerpt":{"rendered":"<p>Polic\u00edas Ministeriales detuvieron a Michel Enrique Dami\u00e1n&nbsp;Guti\u00e9rrez, acusado ee abusar de su prima. Se le detuvo en cumplimiento de &nbsp;una orden de aprehensi\u00f3n, acusado del delito de violaci\u00f3n en&nbsp;agravio de<\/p>\n","protected":false},"author":1,"featured_media":15535,"comment_status":"open","ping_status":"open","sticky":false,"template":"","format":"standard","meta":{"jetpack_post_was_ever_published":false,"_jetpack_newsletter_access":"","_jetpack_dont_email_post_to_subs":false,"_jetpack_newsletter_tier_id":0,"_jetpack_memberships_contains_paywalled_content":false,"_jetpack_memberships_contains_paid_content":false,"footnotes":"","jetpack_publicize_message":"","jetpack_publicize_feature_enabled":true,"jetpack_social_post_already_shared":false,"jetpack_social_options":{"image_generator_settings":{"template":"highway","default_image_id":0,"font":"","enabled":false},"version":2}},"categories":[14,26,1,49],"tags":[],"class_list":["post-2712","post","type-post","status-publish","format-standard","has-post-thumbnail","hentry","category-merida","category-noti-pueblitos","category-sin-categoria","category-tocho-morocho"],"jetpack_publicize_connections":[],"jetpack_featured_media_url":"https:\/\/formalprision.com\/wp-content\/uploads\/2014\/08\/blogger-image-1515723755.jpg","jetpack_sharing_enabled":true,"jetpack_shortlink":"https:\/\/wp.me\/p6id8p-HK","_links":{"self":[{"href":"https:\/\/formalprision.com\/index.php?rest_route=\/wp\/v2\/posts\/2712","targetHints":{"allow":["GET"]}}],"collection":[{"href":"https:\/\/formalprision.com\/index.php?rest_route=\/wp\/v2\/posts"}],"about":[{"href":"https:\/\/formalprision.com\/index.php?rest_route=\/wp\/v2\/types\/post"}],"author":[{"embeddable":true,"href":"https:\/\/formalprision.com\/index.php?rest_route=\/wp\/v2\/users\/1"}],"replies":[{"embeddable":true,"href":"https:\/\/formalprision.com\/index.php?rest_route=%2Fwp%2Fv2%2Fcomments&post=2712"}],"version-history":[{"count":0,"href":"https:\/\/formalprision.com\/index.php?rest_route=\/wp\/v2\/posts\/2712\/revisions"}],"wp:featuredmedia":[{"embeddable":true,"href":"https:\/\/formalprision.com\/index.php?rest_route=\/wp\/v2\/media\/15535"}],"wp:attachment":[{"href":"https:\/\/formalprision.com\/index.php?rest_route=%2Fwp%2Fv2%2Fmedia&parent=2712"}],"wp:term":[{"taxonomy":"category","embeddable":true,"href":"https:\/\/formalprision.com\/index.php?rest_route=%2Fwp%2Fv2%2Fcategories&post=2712"},{"taxonomy":"post_tag","embeddable":true,"href":"https:\/\/formalprision.com\/index.php?rest_route=%2Fwp%2Fv2%2Ftags&post=2712"}],"curies":[{"name":"wp","href":"https:\/\/api.w.org\/{rel}","templated":true}]}}