{"id":2716,"date":"2014-08-13T05:27:00","date_gmt":"2014-08-13T05:27:00","guid":{"rendered":"http:\/\/formalprision.info\/2014\/08\/13\/gerardo-tata-martino-nuevo-director\/"},"modified":"2015-06-03T08:36:13","modified_gmt":"2015-06-03T08:36:13","slug":"gerardo-tata-martino-nuevo-director","status":"publish","type":"post","link":"https:\/\/formalprision.com\/?p=2716","title":{"rendered":"Gerardo \u2018Tata\u2019 Martino nuevo director t\u00e9cnico de la selecci\u00f3n Argentina"},"content":{"rendered":"<div>\n<div style=\"font-family: Noteworthy; font-size: 20px; font-weight: bold; line-height: 26px; -webkit-tap-highlight-color: rgba(26, 26, 26, 0.296875); -webkit-composition-fill-color: rgba(130, 98, 83, 0.0976563); -webkit-composition-frame-color: rgba(191, 107, 82, 0.496094); -webkit-text-size-adjust: auto; \">BUENOS AIRES, 12 de agosto.- Gerardo \u2018Tata\u2019 Martino se convirti\u00f3 hoy en el nuevo director t\u00e9cnico de Argentina, luego que la selecci\u00f3n quedara sin tim\u00f3n tras la renuncia de Alejandro Sabella.<\/div>\n<div style=\"font-family: Noteworthy; font-size: 20px; font-weight: bold; line-height: 26px; -webkit-tap-highlight-color: rgba(26, 26, 26, 0.296875); -webkit-composition-fill-color: rgba(130, 98, 83, 0.0976563); -webkit-composition-frame-color: rgba(191, 107, 82, 0.496094); -webkit-text-size-adjust: auto; \">La Asociaci\u00f3n del Futbol Argentino (AFA) confirm\u00f3 hoy que Martino acept\u00f3 la propuesta que al t\u00e9rmino del Mundial Brasil 2014 le realiz\u00f3 Julio Grondona, quien ya sab\u00eda que ser\u00eda muy dif\u00edcil convencer a Sabella de que no abandonara al equipo.<\/div>\n<div>El nombramiento de Martino, quien ser\u00e1 presentado a m\u00e1s tardar el viernes, se posterg\u00f3 precisamente por la repentina muerte de Grondona, el hombre que control\u00f3 el futbol argentino durante 35 a\u00f1os y que falleci\u00f3 el pasado 30 de junio.<\/div>\n<\/div>\n<div>\n<div style=\"font-family: Noteworthy; font-size: 20px; font-weight: bold; line-height: 26px; -webkit-tap-highlight-color: rgba(26, 26, 26, 0.296875); -webkit-composition-fill-color: rgba(130, 98, 83, 0.0976563); -webkit-composition-frame-color: rgba(191, 107, 82, 0.496094); \">De esta manera, el \u2018Tata\u2019 enfrentar\u00e1, a sus 51 a\u00f1os, el desafi\u00f3 m\u00e1s importante de una carrera que comenz\u00f3 en 1980 como futbolista en Newell\u2019s, su amado club, y que continu\u00f3 en el Tenerife, en Espa\u00f1a.<\/div>\n<div style=\"font-family: Noteworthy; font-size: 20px; font-weight: bold; line-height: 26px; -webkit-tap-highlight-color: rgba(26, 26, 26, 0.296875); -webkit-composition-fill-color: rgba(130, 98, 83, 0.0976563); -webkit-composition-frame-color: rgba(191, 107, 82, 0.496094); \">En 1991, Martino volvi\u00f3 a Newell\u2019s, luego jug\u00f3 en Lan\u00fas y finalmente concluy\u00f3 su carrera como futbolista en clubes de Chile y Ecuador.<\/div>\n<div style=\"font-family: Noteworthy; font-size: 20px; font-weight: bold; line-height: 26px; -webkit-tap-highlight-color: rgba(26, 26, 26, 0.296875); -webkit-composition-fill-color: rgba(130, 98, 83, 0.0976563); -webkit-composition-frame-color: rgba(191, 107, 82, 0.496094); \">Martino viene de dirigir al Barcelona en la \u00faltima temporada del futbol espa\u00f1ol, despu\u00e9s del exitoso trabajo que tuvo como DT de Paraguay en el Mundial Sud\u00e1frica 2010, en donde logr\u00f3 llevar al equipo a cuartos de final por primera vez en su historia.<\/div>\n<div style=\"font-family: Noteworthy; font-size: 20px; font-weight: bold; line-height: 26px; -webkit-tap-highlight-color: rgba(26, 26, 26, 0.296875); -webkit-composition-fill-color: rgba(130, 98, 83, 0.0976563); -webkit-composition-frame-color: rgba(191, 107, 82, 0.496094); \">La semana pr\u00f3xima, Martino se estrenar\u00e1 en el cargo con la convocatoria de jugadores que disputar\u00e1n dos partidos amistosos contra Alemania y Brasil, en septiembre y octubre pr\u00f3ximos.<\/p>\n<div class=\"separator\" style=\"clear: both;\"><a href=\"https:\/\/lh6.googleusercontent.com\/-Dp3OlAS1WCk\/U-r3WUiymgI\/AAAAAAAAi24\/tb6cEJecDPw\/s640\/blogger-image-30417440.jpg\" imageanchor=\"1\" style=\"margin-left: 1em; margin-right: 1em;\"><img decoding=\"async\" border=\"0\" src=\"https:\/\/lh6.googleusercontent.com\/-Dp3OlAS1WCk\/U-r3WUiymgI\/AAAAAAAAi24\/tb6cEJecDPw\/s640\/blogger-image-30417440.jpg\"><\/a><\/div>\n<\/div>\n<\/div>\n","protected":false},"excerpt":{"rendered":"<p>BUENOS AIRES, 12 de agosto.- Gerardo \u2018Tata\u2019 Martino se convirti\u00f3 hoy en el nuevo director t\u00e9cnico de Argentina, luego que la selecci\u00f3n quedara sin tim\u00f3n tras la renuncia de Alejandro<\/p>\n","protected":false},"author":1,"featured_media":15543,"comment_status":"open","ping_status":"open","sticky":false,"template":"","format":"standard","meta":{"jetpack_post_was_ever_published":false,"_jetpack_newsletter_access":"","_jetpack_dont_email_post_to_subs":false,"_jetpack_newsletter_tier_id":0,"_jetpack_memberships_contains_paywalled_content":false,"_jetpack_memberships_contains_paid_content":false,"footnotes":"","jetpack_publicize_message":"","jetpack_publicize_feature_enabled":true,"jetpack_social_post_already_shared":false,"jetpack_social_options":{"image_generator_settings":{"template":"highway","default_image_id":0,"font":"","enabled":false},"version":2}},"categories":[4,1],"tags":[],"class_list":["post-2716","post","type-post","status-publish","format-standard","has-post-thumbnail","hentry","category-deportes","category-sin-categoria"],"jetpack_publicize_connections":[],"jetpack_featured_media_url":"https:\/\/formalprision.com\/wp-content\/uploads\/2014\/08\/blogger-image-30417440.jpg","jetpack_sharing_enabled":true,"jetpack_shortlink":"https:\/\/wp.me\/p6id8p-HO","_links":{"self":[{"href":"https:\/\/formalprision.com\/index.php?rest_route=\/wp\/v2\/posts\/2716","targetHints":{"allow":["GET"]}}],"collection":[{"href":"https:\/\/formalprision.com\/index.php?rest_route=\/wp\/v2\/posts"}],"about":[{"href":"https:\/\/formalprision.com\/index.php?rest_route=\/wp\/v2\/types\/post"}],"author":[{"embeddable":true,"href":"https:\/\/formalprision.com\/index.php?rest_route=\/wp\/v2\/users\/1"}],"replies":[{"embeddable":true,"href":"https:\/\/formalprision.com\/index.php?rest_route=%2Fwp%2Fv2%2Fcomments&post=2716"}],"version-history":[{"count":0,"href":"https:\/\/formalprision.com\/index.php?rest_route=\/wp\/v2\/posts\/2716\/revisions"}],"wp:featuredmedia":[{"embeddable":true,"href":"https:\/\/formalprision.com\/index.php?rest_route=\/wp\/v2\/media\/15543"}],"wp:attachment":[{"href":"https:\/\/formalprision.com\/index.php?rest_route=%2Fwp%2Fv2%2Fmedia&parent=2716"}],"wp:term":[{"taxonomy":"category","embeddable":true,"href":"https:\/\/formalprision.com\/index.php?rest_route=%2Fwp%2Fv2%2Fcategories&post=2716"},{"taxonomy":"post_tag","embeddable":true,"href":"https:\/\/formalprision.com\/index.php?rest_route=%2Fwp%2Fv2%2Ftags&post=2716"}],"curies":[{"name":"wp","href":"https:\/\/api.w.org\/{rel}","templated":true}]}}