{"id":2717,"date":"2014-08-13T04:36:00","date_gmt":"2014-08-13T04:36:00","guid":{"rendered":"http:\/\/formalprision.info\/2014\/08\/13\/entregan-premio-estatal-de-la-juventud\/"},"modified":"2015-06-03T08:36:13","modified_gmt":"2015-06-03T08:36:13","slug":"entregan-premio-estatal-de-la-juventud","status":"publish","type":"post","link":"https:\/\/formalprision.com\/?p=2717","title":{"rendered":"Entregan Premio Estatal de la Juventud 2013"},"content":{"rendered":"<div style=\"font-family: Noteworthy; font-size: 20px; font-weight: bold; line-height: 26px; -webkit-tap-highlight-color: rgba(26, 26, 26, 0.296875); -webkit-composition-fill-color: rgba(130, 98, 83, 0.0976563); -webkit-composition-frame-color: rgba(191, 107, 82, 0.496094); \">M\u00e9rida, Yucat\u00e1n, 12 de agosto de 2014.- Por las aportaciones y actividades que realizan a favor del desarrollo productivo de la entidad, nueve j\u00f3venes yucatecos fueron galardonados con el Premio Estatal de la Juventud 2013, en sus diferentes categor\u00edas.<\/div>\n<div style=\"font-family: Noteworthy; font-size: 20px; font-weight: bold; line-height: 26px; -webkit-tap-highlight-color: rgba(26, 26, 26, 0.296875); -webkit-composition-fill-color: rgba(130, 98, 83, 0.0976563); -webkit-composition-frame-color: rgba(191, 107, 82, 0.496094); \">El Gobernador Rolando Zapata Bello entreg\u00f3 los respectivos reconocimientos y est\u00edmulos econ\u00f3micos de 16 mil pesos a cada uno de los seleccionados para recibir la distinci\u00f3n, quienes demostraron una notable trayectoria en las modalidades de Labor Social, Innovaci\u00f3n Tecnol\u00f3gica, Protecci\u00f3n al Medio Ambiente, Desarrollo Cultural, as\u00ed como Actividades Productivas, Art\u00edsticas &nbsp;y Acad\u00e9micas.<\/div>\n<div style=\"font-family: Noteworthy; font-size: 20px; font-weight: bold; line-height: 26px; -webkit-tap-highlight-color: rgba(26, 26, 26, 0.296875); -webkit-composition-fill-color: rgba(130, 98, 83, 0.0976563); -webkit-composition-frame-color: rgba(191, 107, 82, 0.496094); \">Al dirigir un mensaje durante la ceremonia de premiaci\u00f3n realizada en el Sal\u00f3n de la Historia del Palacio de Gobierno, el mandatario estatal asegur\u00f3 que el grupo de galardonados est\u00e1 decidido a contribuir y a transformar al territorio en una entidad en la que se viva con bienestar.<\/div>\n<div style=\"font-family: Noteworthy; font-size: 20px; font-weight: bold; line-height: 26px; -webkit-tap-highlight-color: rgba(26, 26, 26, 0.296875); -webkit-composition-fill-color: rgba(130, 98, 83, 0.0976563); -webkit-composition-frame-color: rgba(191, 107, 82, 0.496094); \">\u201cActualmente, lo que reconocemos en Yucat\u00e1n es lo que nuestros j\u00f3venes est\u00e1n haciendo, en el presente y en el ahora para dinamizar el desarrollo integral de nuestro estado. Reconocemos una serie de aportaciones que tienen un impacto concreto en todos los sectores estrat\u00e9gicos de nuestra actividad econ\u00f3mica, social y cultural\u201d, apunt\u00f3 Zapata Bello.<\/div>\n<div style=\"font-family: Noteworthy; font-size: 20px; font-weight: bold; line-height: 26px; -webkit-tap-highlight-color: rgba(26, 26, 26, 0.296875); -webkit-composition-fill-color: rgba(130, 98, 83, 0.0976563); -webkit-composition-frame-color: rgba(191, 107, 82, 0.496094); \">Los ganadores son Eduardo Gir\u00f3n Esquivo, en la categor\u00eda de Protecci\u00f3n al Medio Ambiente; Daniel Puc Chi, en Innovaci\u00f3n Tecnol\u00f3gica; Isabella Rivas Castilla y Roberto Ruz Sahrur, en Labor Social; Juan Loera Acevedo, en Actividades Productivas; V\u00edctor Celis Padr\u00f3n, en Actividades Art\u00edsticas; Miguel Chan Dzul, en Desarrollo Cultural; y Al\u00e1n Ayora Quintal, as\u00ed como Osmar Rodr\u00edguez Aguilar, en Actividades Acad\u00e9micas.<\/div>\n<div style=\"font-family: Noteworthy; font-size: 20px; font-weight: bold; line-height: 26px; -webkit-tap-highlight-color: rgba(26, 26, 26, 0.296875); -webkit-composition-fill-color: rgba(130, 98, 83, 0.0976563); -webkit-composition-frame-color: rgba(191, 107, 82, 0.496094); \">A nombre de los premiados, Gir\u00f3n Esquivo, creador de la empresa ambiental \u201cEnerg\u00eda Gir\u00f3n\u201d que se dedica a dar tratamiento a los residuos s\u00f3lidos, se\u00f1al\u00f3 que actualmente varios j\u00f3venes son factores de cambio y parte activa en la transformaci\u00f3n del entorno, por lo que agradeci\u00f3 que autoridades y sociedad en general conf\u00eden en sus potencialidades.<\/div>\n<div style=\"font-family: Noteworthy; font-size: 20px; font-weight: bold; line-height: 26px; -webkit-tap-highlight-color: rgba(26, 26, 26, 0.296875); -webkit-composition-fill-color: rgba(130, 98, 83, 0.0976563); -webkit-composition-frame-color: rgba(191, 107, 82, 0.496094); \">Por su parte, la titular de la Secretar\u00eda estatal del ramo (Sejuve), Alaine L\u00f3pez Brice\u00f1o, coment\u00f3 que cada acci\u00f3n que se realiza en el Mes de la Juventud refrenda el compromiso de construir a diario un bienestar para los j\u00f3venes. Asimismo, apunt\u00f3 que el Gobierno del Estado reconoce e impulsa d\u00eda a d\u00eda la cultura emprendedora y de esfuerzo de este sector.<\/div>\n<div style=\"font-family: Noteworthy; font-size: 20px; font-weight: bold; line-height: 26px; -webkit-tap-highlight-color: rgba(26, 26, 26, 0.296875); -webkit-composition-fill-color: rgba(130, 98, 83, 0.0976563); -webkit-composition-frame-color: rgba(191, 107, 82, 0.496094); \">Durante la ceremonia tambi\u00e9n se inform\u00f3 que para la convocatoria de la edici\u00f3n 2013 del Premio Estatal de la Juventud se propuso a 190 prospectos de diferentes localidades del territorio yucateco, de los cuales fueron elegidos los nueve mencionados.<\/div>\n<div style=\"font-family: Noteworthy; font-size: 20px; font-weight: bold; line-height: 26px; -webkit-tap-highlight-color: rgba(26, 26, 26, 0.296875); -webkit-composition-fill-color: rgba(130, 98, 83, 0.0976563); -webkit-composition-frame-color: rgba(191, 107, 82, 0.496094); \">Al evento asistieron los presidentes de la Junta de Gobierno y Coordinaci\u00f3n Pol\u00edtica del Congreso local, Luis Hevia Jim\u00e9nez; y del Tribunal Superior de Justicia de Yucat\u00e1n, Marcos Celis Quintal; y el secretario de Desarrollo Social, Nerio Torres Arcila.<\/div>\n<div style=\"font-family: Noteworthy; font-size: 20px; font-weight: bold; line-height: 26px; -webkit-tap-highlight-color: rgba(26, 26, 26, 0.296875); -webkit-composition-fill-color: rgba(130, 98, 83, 0.0976563); -webkit-composition-frame-color: rgba(191, 107, 82, 0.496094); \">Asimismo, el diputado federal, Mauricio Sahu\u00ed Rivero, as\u00ed como autoridades municipales, representantes de la sociedad civil, empresarios, acad\u00e9micos y familiares de los premiados. &nbsp;&nbsp;<\/p>\n<div class=\"separator\" style=\"clear: both;\"><a href=\"https:\/\/lh3.googleusercontent.com\/-RrNrTjRrCT8\/U-rrZjaW7mI\/AAAAAAAAi2o\/CBQoM_97n54\/s640\/blogger-image-1455994752.jpg\" imageanchor=\"1\" style=\"margin-left: 1em; margin-right: 1em;\"><img decoding=\"async\" border=\"0\" src=\"https:\/\/lh3.googleusercontent.com\/-RrNrTjRrCT8\/U-rrZjaW7mI\/AAAAAAAAi2o\/CBQoM_97n54\/s640\/blogger-image-1455994752.jpg\"><\/a><\/div>\n<\/div>\n","protected":false},"excerpt":{"rendered":"<p>M\u00e9rida, Yucat\u00e1n, 12 de agosto de 2014.- Por las aportaciones y actividades que realizan a favor del desarrollo productivo de la entidad, nueve j\u00f3venes yucatecos fueron galardonados con el Premio<\/p>\n","protected":false},"author":1,"featured_media":15545,"comment_status":"open","ping_status":"open","sticky":false,"template":"","format":"standard","meta":{"jetpack_post_was_ever_published":false,"_jetpack_newsletter_access":"","_jetpack_dont_email_post_to_subs":false,"_jetpack_newsletter_tier_id":0,"_jetpack_memberships_contains_paywalled_content":false,"_jetpack_memberships_contains_paid_content":false,"footnotes":"","jetpack_publicize_message":"","jetpack_publicize_feature_enabled":true,"jetpack_social_post_already_shared":false,"jetpack_social_options":{"image_generator_settings":{"template":"highway","default_image_id":0,"font":"","enabled":false},"version":2}},"categories":[17,1],"tags":[],"class_list":["post-2717","post","type-post","status-publish","format-standard","has-post-thumbnail","hentry","category-politica-y-gobierno","category-sin-categoria"],"jetpack_publicize_connections":[],"jetpack_featured_media_url":"https:\/\/formalprision.com\/wp-content\/uploads\/2014\/08\/blogger-image-1455994752.jpg","jetpack_sharing_enabled":true,"jetpack_shortlink":"https:\/\/wp.me\/p6id8p-HP","_links":{"self":[{"href":"https:\/\/formalprision.com\/index.php?rest_route=\/wp\/v2\/posts\/2717","targetHints":{"allow":["GET"]}}],"collection":[{"href":"https:\/\/formalprision.com\/index.php?rest_route=\/wp\/v2\/posts"}],"about":[{"href":"https:\/\/formalprision.com\/index.php?rest_route=\/wp\/v2\/types\/post"}],"author":[{"embeddable":true,"href":"https:\/\/formalprision.com\/index.php?rest_route=\/wp\/v2\/users\/1"}],"replies":[{"embeddable":true,"href":"https:\/\/formalprision.com\/index.php?rest_route=%2Fwp%2Fv2%2Fcomments&post=2717"}],"version-history":[{"count":0,"href":"https:\/\/formalprision.com\/index.php?rest_route=\/wp\/v2\/posts\/2717\/revisions"}],"wp:featuredmedia":[{"embeddable":true,"href":"https:\/\/formalprision.com\/index.php?rest_route=\/wp\/v2\/media\/15545"}],"wp:attachment":[{"href":"https:\/\/formalprision.com\/index.php?rest_route=%2Fwp%2Fv2%2Fmedia&parent=2717"}],"wp:term":[{"taxonomy":"category","embeddable":true,"href":"https:\/\/formalprision.com\/index.php?rest_route=%2Fwp%2Fv2%2Fcategories&post=2717"},{"taxonomy":"post_tag","embeddable":true,"href":"https:\/\/formalprision.com\/index.php?rest_route=%2Fwp%2Fv2%2Ftags&post=2717"}],"curies":[{"name":"wp","href":"https:\/\/api.w.org\/{rel}","templated":true}]}}