{"id":2720,"date":"2014-08-13T00:09:00","date_gmt":"2014-08-13T00:09:00","guid":{"rendered":"http:\/\/formalprision.info\/2014\/08\/13\/arranca-programa-interno-de-proteccion\/"},"modified":"2015-06-03T08:36:13","modified_gmt":"2015-06-03T08:36:13","slug":"arranca-programa-interno-de-proteccion","status":"publish","type":"post","link":"https:\/\/formalprision.com\/?p=2720","title":{"rendered":"Arranca Programa Interno de Protecci\u00f3n Civil para trabajadores de la\nJAPAY"},"content":{"rendered":"<div style=\"font-family: Noteworthy; font-size: 20px; font-weight: bold; line-height: 26px; -webkit-tap-highlight-color: rgba(26, 26, 26, 0.296875); -webkit-composition-fill-color: rgba(130, 98, 83, 0.0976563); -webkit-composition-frame-color: rgba(191, 107, 82, 0.496094); \">M\u00e9rida, Yucat\u00e1n 12 de agosto 2014.- El secretario General de Gobierno, V\u00edctor Caballero Dur\u00e1n, particip\u00f3 en el arranque del Programa Interno de Protecci\u00f3n Civil para los trabajadores de la Junta de Agua Potable del Estado (JAPAY), como parte de la estrategia del Gobierno del Estado que enfoca sus esfuerzos en la prevenci\u00f3n.<\/div>\n<div style=\"font-family: Noteworthy; font-size: 20px; font-weight: bold; line-height: 26px; -webkit-tap-highlight-color: rgba(26, 26, 26, 0.296875); -webkit-composition-fill-color: rgba(130, 98, 83, 0.0976563); -webkit-composition-frame-color: rgba(191, 107, 82, 0.496094); \">Entre las acciones que se ejecutar\u00e1n a trav\u00e9s de personal de la Unidad Estatal de Protecci\u00f3n Civil (Procivy), destacan la capacitaci\u00f3n del personal de la JAPAY en &nbsp;inspecciones, asesor\u00eda en primeros auxilios, b\u00fasqueda y rescate en caso de emergencia, adem\u00e1s de simulacros de evacuaci\u00f3n necesaria.<\/div>\n<div style=\"font-family: Noteworthy; font-size: 20px; font-weight: bold; line-height: 26px; -webkit-tap-highlight-color: rgba(26, 26, 26, 0.296875); -webkit-composition-fill-color: rgba(130, 98, 83, 0.0976563); -webkit-composition-frame-color: rgba(191, 107, 82, 0.496094); \">Caballero Dur\u00e1n resalt\u00f3 que el Programa Interno de Protecci\u00f3n Civil toma en la JAPAY gran relevancia por la gran cantidad de usuarios que dependen del organismo para obtener el vital l\u00edquido.<\/div>\n<div style=\"font-family: Noteworthy; font-size: 20px; font-weight: bold; line-height: 26px; -webkit-tap-highlight-color: rgba(26, 26, 26, 0.296875); -webkit-composition-fill-color: rgba(130, 98, 83, 0.0976563); -webkit-composition-frame-color: rgba(191, 107, 82, 0.496094); \">Al dirigir su mensaje a los trabajadores de la JAPAY les record\u00f3 que entre todos atienden a m\u00e1s de un mill\u00f3n de habitantes en la capital yucateca, adem\u00e1s de dotar de agua a 88 comunidades en 40 municipios del interior del Estado.<\/div>\n<div style=\"font-family: Noteworthy; font-size: 20px; font-weight: bold; line-height: 26px; -webkit-tap-highlight-color: rgba(26, 26, 26, 0.296875); -webkit-composition-fill-color: rgba(130, 98, 83, 0.0976563); -webkit-composition-frame-color: rgba(191, 107, 82, 0.496094); \">\u201cUstedes, amigas y amigos, deben entender con toda precisi\u00f3n la transcendencia de la responsabilidad que tienen en la JAPAY, no solamente por velar por sus vidas y por las vidas de sus compa\u00f1eros, que es lo m\u00e1s importante, sino c\u00f3mo tener elementos para que bajo ninguna circunstancia dejemos de prestar este vital servicio a la poblaci\u00f3n\u201d, les dijo.<\/div>\n<div style=\"font-family: Noteworthy; font-size: 20px; font-weight: bold; line-height: 26px; -webkit-tap-highlight-color: rgba(26, 26, 26, 0.296875); -webkit-composition-fill-color: rgba(130, 98, 83, 0.0976563); -webkit-composition-frame-color: rgba(191, 107, 82, 0.496094); \">En su turno al habla el titular de la Procivy, Aar\u00f3n Palomo Eu\u00e1n, explic\u00f3 que el proceso de capacitaci\u00f3n abarcar\u00e1 al personal que labora en todas las instalaciones de la JAPAY, incluyendo tanto al personal t\u00e9cnico como operativo, as\u00ed como al personal administrativo que labora en cada uno de los edificios y espacios de la dependencia.<\/div>\n<div style=\"font-family: Noteworthy; font-size: 20px; font-weight: bold; line-height: 26px; -webkit-tap-highlight-color: rgba(26, 26, 26, 0.296875); -webkit-composition-fill-color: rgba(130, 98, 83, 0.0976563); -webkit-composition-frame-color: rgba(191, 107, 82, 0.496094); \">Asever\u00f3 que una dependencia bien preparada es una dependencia m\u00e1s segura no solo para el servicio de los usuarios externos, sino tambi\u00e9n para el servicio de los usuarios internos, por lo que el programa ya se ha realizado en otras oficinas p\u00fablicas.<\/div>\n<div style=\"font-family: Noteworthy; font-size: 20px; font-weight: bold; line-height: 26px; -webkit-tap-highlight-color: rgba(26, 26, 26, 0.296875); -webkit-composition-fill-color: rgba(130, 98, 83, 0.0976563); -webkit-composition-frame-color: rgba(191, 107, 82, 0.496094); \">Por su parte el director de la JAPAY, Manuel Bonilla Campo, agradeci\u00f3 al funcionario la prontitud con la que se autoriz\u00f3 la capacitaci\u00f3n del Programa en la dependencia.<\/div>\n<div style=\"font-family: Noteworthy; font-size: 20px; font-weight: bold; line-height: 26px; -webkit-tap-highlight-color: rgba(26, 26, 26, 0.296875); -webkit-composition-fill-color: rgba(130, 98, 83, 0.0976563); -webkit-composition-frame-color: rgba(191, 107, 82, 0.496094); \">Agreg\u00f3 que en la JAPAY la capacitaci\u00f3n es un tema de gran relevancia y que sus mil 33 trabajadores, repartidos en 141 edificios, reciben cursos de manera constante de acuerdo al \u00e1rea en la que laboran, como atenci\u00f3n al cliente en lengua maya, manejo de retro excavadoras para los t\u00e9cnicos y contabilidad gubernamental para el \u00e1rea comercial por citar algunas.<\/div>\n<div style=\"font-family: Noteworthy; font-size: 20px; font-weight: bold; line-height: 26px; -webkit-tap-highlight-color: rgba(26, 26, 26, 0.296875); -webkit-composition-fill-color: rgba(130, 98, 83, 0.0976563); -webkit-composition-frame-color: rgba(191, 107, 82, 0.496094); \">Al inicio de la capacitaci\u00f3n tambi\u00e9n asisti\u00f3 la secretaria General del Sindicato de la JAPAY, Leidy Centuri\u00f3n Canul. (Comunicado)<\/p>\n<div class=\"separator\" style=\"clear: both;\"><a href=\"https:\/\/lh4.googleusercontent.com\/-PoYh_SO8zfY\/U-qszECxOkI\/AAAAAAAAi10\/GsMCU4JRO_k\/s640\/blogger-image-90081216.jpg\" imageanchor=\"1\" style=\"margin-left: 1em; margin-right: 1em;\"><img decoding=\"async\" border=\"0\" src=\"https:\/\/lh4.googleusercontent.com\/-PoYh_SO8zfY\/U-qszECxOkI\/AAAAAAAAi10\/GsMCU4JRO_k\/s640\/blogger-image-90081216.jpg\"><\/a><\/div>\n<\/div>\n<div><\/div>\n","protected":false},"excerpt":{"rendered":"<p>M\u00e9rida, Yucat\u00e1n 12 de agosto 2014.- El secretario General de Gobierno, V\u00edctor Caballero Dur\u00e1n, particip\u00f3 en el arranque del Programa Interno de Protecci\u00f3n Civil para los trabajadores de la Junta<\/p>\n","protected":false},"author":1,"featured_media":15551,"comment_status":"open","ping_status":"open","sticky":false,"template":"","format":"standard","meta":{"jetpack_post_was_ever_published":false,"_jetpack_newsletter_access":"","_jetpack_dont_email_post_to_subs":false,"_jetpack_newsletter_tier_id":0,"_jetpack_memberships_contains_paywalled_content":false,"_jetpack_memberships_contains_paid_content":false,"footnotes":"","jetpack_publicize_message":"","jetpack_publicize_feature_enabled":true,"jetpack_social_post_already_shared":false,"jetpack_social_options":{"image_generator_settings":{"template":"highway","default_image_id":0,"font":"","enabled":false},"version":2}},"categories":[17,1],"tags":[],"class_list":["post-2720","post","type-post","status-publish","format-standard","has-post-thumbnail","hentry","category-politica-y-gobierno","category-sin-categoria"],"jetpack_publicize_connections":[],"jetpack_featured_media_url":"https:\/\/formalprision.com\/wp-content\/uploads\/2014\/08\/blogger-image-90081216.jpg","jetpack_sharing_enabled":true,"jetpack_shortlink":"https:\/\/wp.me\/p6id8p-HS","_links":{"self":[{"href":"https:\/\/formalprision.com\/index.php?rest_route=\/wp\/v2\/posts\/2720","targetHints":{"allow":["GET"]}}],"collection":[{"href":"https:\/\/formalprision.com\/index.php?rest_route=\/wp\/v2\/posts"}],"about":[{"href":"https:\/\/formalprision.com\/index.php?rest_route=\/wp\/v2\/types\/post"}],"author":[{"embeddable":true,"href":"https:\/\/formalprision.com\/index.php?rest_route=\/wp\/v2\/users\/1"}],"replies":[{"embeddable":true,"href":"https:\/\/formalprision.com\/index.php?rest_route=%2Fwp%2Fv2%2Fcomments&post=2720"}],"version-history":[{"count":0,"href":"https:\/\/formalprision.com\/index.php?rest_route=\/wp\/v2\/posts\/2720\/revisions"}],"wp:featuredmedia":[{"embeddable":true,"href":"https:\/\/formalprision.com\/index.php?rest_route=\/wp\/v2\/media\/15551"}],"wp:attachment":[{"href":"https:\/\/formalprision.com\/index.php?rest_route=%2Fwp%2Fv2%2Fmedia&parent=2720"}],"wp:term":[{"taxonomy":"category","embeddable":true,"href":"https:\/\/formalprision.com\/index.php?rest_route=%2Fwp%2Fv2%2Fcategories&post=2720"},{"taxonomy":"post_tag","embeddable":true,"href":"https:\/\/formalprision.com\/index.php?rest_route=%2Fwp%2Fv2%2Ftags&post=2720"}],"curies":[{"name":"wp","href":"https:\/\/api.w.org\/{rel}","templated":true}]}}