{"id":2722,"date":"2014-08-12T22:56:00","date_gmt":"2014-08-12T22:56:00","guid":{"rendered":"http:\/\/formalprision.info\/2014\/08\/12\/proponen-un-conjunto-de-ciclopistas\/"},"modified":"2015-06-03T08:36:13","modified_gmt":"2015-06-03T08:36:13","slug":"proponen-un-conjunto-de-ciclopistas","status":"publish","type":"post","link":"https:\/\/formalprision.com\/?p=2722","title":{"rendered":"Proponen un conjunto de ciclopistas para estudiantes del Sur de M\u00e9rida"},"content":{"rendered":"<div style=\"font-family: Noteworthy; font-size: 20px; font-weight: bold; line-height: 26px; -webkit-tap-highlight-color: rgba(26, 26, 26, 0.296875); -webkit-composition-fill-color: rgba(130, 98, 83, 0.0976563); -webkit-composition-frame-color: rgba(191, 107, 82, 0.496094); \">M\u00e9rida contar\u00eda con un conjunto de ciclov\u00edas para estudiantes de escuelas del Sur.<\/div>\n<div style=\"font-family: Noteworthy; font-size: 20px; font-weight: bold; line-height: 26px; -webkit-tap-highlight-color: rgba(26, 26, 26, 0.296875); -webkit-composition-fill-color: rgba(130, 98, 83, 0.0976563); -webkit-composition-frame-color: rgba(191, 107, 82, 0.496094); \">Esto forma parte de un proyecto propuesto hoy durante la cuarta sesi\u00f3n extraordinaria del Consejo Consultivo de Tr\u00e1nsito y Vialidad del estado, evento presidido por el secretario de Seguridad P\u00fablica, Luis Felipe Said\u00e9n Ojeda.<\/div>\n<div style=\"font-family: Noteworthy; font-size: 20px; font-weight: bold; line-height: 26px; -webkit-tap-highlight-color: rgba(26, 26, 26, 0.296875); -webkit-composition-fill-color: rgba(130, 98, 83, 0.0976563); -webkit-composition-frame-color: rgba(191, 107, 82, 0.496094); \">Tambi\u00e9n se analizaron 22 proyectos para &nbsp;varios sectores de la ciudad.<\/div>\n<div style=\"font-family: Noteworthy; font-size: 20px; font-weight: bold; line-height: 26px; -webkit-tap-highlight-color: rgba(26, 26, 26, 0.296875); -webkit-composition-fill-color: rgba(130, 98, 83, 0.0976563); -webkit-composition-frame-color: rgba(191, 107, 82, 0.496094); \">En el marco de dicha reuni\u00f3n, el Colegio Yucateco de Arquitectos present\u00f3 el plan de ciclo-v\u00edas en colonias del Sur de M\u00e9rida, cre\u00e1ndose una ruta para ser utilizada por estudiantes, principalmente de planteles cercanos como son las Escuelas Secundarias General n\u00famero 4, T\u00e9cnica n\u00famero 66 y \u00abSerapio Rend\u00f3n\u00bb.<\/div>\n<div style=\"font-family: Noteworthy; font-size: 20px; font-weight: bold; line-height: 26px; -webkit-tap-highlight-color: rgba(26, 26, 26, 0.296875); -webkit-composition-fill-color: rgba(130, 98, 83, 0.0976563); -webkit-composition-frame-color: rgba(191, 107, 82, 0.496094); \">Adem\u00e1s, de la Preparatoria &nbsp;Estatal n\u00famero 1, del Colegio de Bachilleres de Yucat\u00e1n (Cobay) y de la Universidad Tecnol\u00f3gica Metropolitana (UTM) en la<\/div>\n<div style=\"font-family: Noteworthy; font-size: 20px; font-weight: bold; line-height: 26px; -webkit-tap-highlight-color: rgba(26, 26, 26, 0.296875); -webkit-composition-fill-color: rgba(130, 98, 83, 0.0976563); -webkit-composition-frame-color: rgba(191, 107, 82, 0.496094); \">colonia Santa Rosa, as\u00ed como usuarios en general que elijan la bicicleta como medio de transporte.<\/div>\n<div style=\"font-family: Noteworthy; font-size: 20px; font-weight: bold; line-height: 26px; -webkit-tap-highlight-color: rgba(26, 26, 26, 0.296875); -webkit-composition-fill-color: rgba(130, 98, 83, 0.0976563); -webkit-composition-frame-color: rgba(191, 107, 82, 0.496094); \">Se trata de rutas para que acudan a sus planteles en dicho veh\u00edculo o a pie, para lo cual se requerir\u00e1 de dotar de infraestructura a toda esa zona.<\/div>\n<div style=\"font-family: Noteworthy; font-size: 20px; font-weight: bold; line-height: 26px; -webkit-tap-highlight-color: rgba(26, 26, 26, 0.296875); -webkit-composition-fill-color: rgba(130, 98, 83, 0.0976563); -webkit-composition-frame-color: rgba(191, 107, 82, 0.496094); \">En seguimiento a este tema se acord\u00f3 efectuar una reuni\u00f3n la pr\u00f3xima semana a la que asistan &nbsp;representantes de las Secretar\u00edas de Seguridad P\u00fablica y de Educaci\u00f3n estatal, de la Direcci\u00f3n de Transporte del Estado,&nbsp;Ayuntamiento de M\u00e9rida, de la iniciativa privada y de la agrupaci\u00f3n Ciclo Turixes, para analizar a fondo el proyecto ante el impacto vial que pueda generar.<\/div>\n<div style=\"font-family: Noteworthy; font-size: 20px; font-weight: bold; line-height: 26px; -webkit-tap-highlight-color: rgba(26, 26, 26, 0.296875); -webkit-composition-fill-color: rgba(130, 98, 83, 0.0976563); -webkit-composition-frame-color: rgba(191, 107, 82, 0.496094); \">Entre los asistentes estuvieron representantes de c\u00e1maras empresariales, concesionarios y permisionarios de transporte, miembros de colegios de notarios y abogados, as\u00ed como directivos de universidades, adem\u00e1s autoridades de los tres \u00f3rdenes de Gobierno.<\/div>\n<div style=\"font-family: Noteworthy; font-size: 20px; font-weight: bold; line-height: 26px; -webkit-tap-highlight-color: rgba(26, 26, 26, 0.296875); -webkit-composition-fill-color: rgba(130, 98, 83, 0.0976563); -webkit-composition-frame-color: rgba(191, 107, 82, 0.496094); \">Durante la sesi\u00f3n analizaron cada proyecto, entre los que estaban&nbsp;desarrollos habitacionales, departamentos, viviendas multifamiliares, locales comerciales y oficinas, con el objetivo de garantizar la seguridad&nbsp;y fluidez vial para que no existan problemas en este tema.&nbsp;<\/p>\n<div class=\"separator\" style=\"clear: both;\"><a href=\"https:\/\/lh6.googleusercontent.com\/--ZLWDtT0vSA\/U-qboUNSohI\/AAAAAAAAi1U\/foAz0Xt7xaA\/s640\/blogger-image-883155623.jpg\" imageanchor=\"1\" style=\"margin-left: 1em; margin-right: 1em;\"><img decoding=\"async\" border=\"0\" src=\"https:\/\/lh6.googleusercontent.com\/--ZLWDtT0vSA\/U-qboUNSohI\/AAAAAAAAi1U\/foAz0Xt7xaA\/s640\/blogger-image-883155623.jpg\"><\/a><\/div>\n<\/div>\n<div><\/div>\n","protected":false},"excerpt":{"rendered":"<p>M\u00e9rida contar\u00eda con un conjunto de ciclov\u00edas para estudiantes de escuelas del Sur. Esto forma parte de un proyecto propuesto hoy durante la cuarta sesi\u00f3n extraordinaria del Consejo Consultivo de<\/p>\n","protected":false},"author":1,"featured_media":15555,"comment_status":"open","ping_status":"open","sticky":false,"template":"","format":"standard","meta":{"jetpack_post_was_ever_published":false,"_jetpack_newsletter_access":"","_jetpack_dont_email_post_to_subs":false,"_jetpack_newsletter_tier_id":0,"_jetpack_memberships_contains_paywalled_content":false,"_jetpack_memberships_contains_paid_content":false,"footnotes":"","jetpack_publicize_message":"","jetpack_publicize_feature_enabled":true,"jetpack_social_post_already_shared":false,"jetpack_social_options":{"image_generator_settings":{"template":"highway","default_image_id":0,"font":"","enabled":false},"version":2}},"categories":[1,49],"tags":[],"class_list":["post-2722","post","type-post","status-publish","format-standard","has-post-thumbnail","hentry","category-sin-categoria","category-tocho-morocho"],"jetpack_publicize_connections":[],"jetpack_featured_media_url":"https:\/\/formalprision.com\/wp-content\/uploads\/2014\/08\/blogger-image-883155623.jpg","jetpack_sharing_enabled":true,"jetpack_shortlink":"https:\/\/wp.me\/p6id8p-HU","_links":{"self":[{"href":"https:\/\/formalprision.com\/index.php?rest_route=\/wp\/v2\/posts\/2722","targetHints":{"allow":["GET"]}}],"collection":[{"href":"https:\/\/formalprision.com\/index.php?rest_route=\/wp\/v2\/posts"}],"about":[{"href":"https:\/\/formalprision.com\/index.php?rest_route=\/wp\/v2\/types\/post"}],"author":[{"embeddable":true,"href":"https:\/\/formalprision.com\/index.php?rest_route=\/wp\/v2\/users\/1"}],"replies":[{"embeddable":true,"href":"https:\/\/formalprision.com\/index.php?rest_route=%2Fwp%2Fv2%2Fcomments&post=2722"}],"version-history":[{"count":0,"href":"https:\/\/formalprision.com\/index.php?rest_route=\/wp\/v2\/posts\/2722\/revisions"}],"wp:featuredmedia":[{"embeddable":true,"href":"https:\/\/formalprision.com\/index.php?rest_route=\/wp\/v2\/media\/15555"}],"wp:attachment":[{"href":"https:\/\/formalprision.com\/index.php?rest_route=%2Fwp%2Fv2%2Fmedia&parent=2722"}],"wp:term":[{"taxonomy":"category","embeddable":true,"href":"https:\/\/formalprision.com\/index.php?rest_route=%2Fwp%2Fv2%2Fcategories&post=2722"},{"taxonomy":"post_tag","embeddable":true,"href":"https:\/\/formalprision.com\/index.php?rest_route=%2Fwp%2Fv2%2Ftags&post=2722"}],"curies":[{"name":"wp","href":"https:\/\/api.w.org\/{rel}","templated":true}]}}