{"id":2724,"date":"2014-08-12T19:15:00","date_gmt":"2014-08-12T19:15:00","guid":{"rendered":"http:\/\/formalprision.info\/2014\/08\/12\/el-gobernador-entrega-el-distintivo\/"},"modified":"2015-06-03T08:36:14","modified_gmt":"2015-06-03T08:36:14","slug":"el-gobernador-entrega-el-distintivo","status":"publish","type":"post","link":"https:\/\/formalprision.com\/?p=2724","title":{"rendered":"El Gobernador entrega el Distintivo \u201cH\u201d a la planta procesadora \u201cTere\nCazola\u201d."},"content":{"rendered":"<div style=\"font-family: Noteworthy; font-size: 20px; font-weight: bold; line-height: 26px; -webkit-tap-highlight-color: rgba(26, 26, 26, 0.296875); -webkit-composition-fill-color: rgba(130, 98, 83, 0.0976563); -webkit-composition-frame-color: rgba(191, 107, 82, 0.496094); \">M\u00e9rida, Yucat\u00e1n, 12 de agosto de 2014.- El Gobernador Rolando Zapata Bello entreg\u00f3 el Distintivo \u201cH\u201d a la planta procesadora \u201cTere Cazola\u201d, empresa local que durante nueve a\u00f1os consecutivos ha conseguido dicho reconocimiento al ofrecer productos de alta calidad alimentaria, lo que le ha permitido mantenerse en el gusto de los consumidores y generar empleo formal en beneficio de los yucatecos.<\/div>\n<div style=\"font-family: Noteworthy; font-size: 20px; font-weight: bold; line-height: 26px; -webkit-tap-highlight-color: rgba(26, 26, 26, 0.296875); -webkit-composition-fill-color: rgba(130, 98, 83, 0.0976563); -webkit-composition-frame-color: rgba(191, 107, 82, 0.496094); \">Tras realizar un recorrido por las oficinas y \u00e1reas de producci\u00f3n de la planta de reposter\u00eda fina m\u00e1s grande del Sureste, el mandatario asegur\u00f3 que en el estado se respalda a proyectos de emprendimiento como \u00e9ste, que ofrecen alimentos de alta calidad y combinan en su elaboraci\u00f3n t\u00e9cnicas artesanales y modernas.<\/div>\n<div style=\"font-family: Noteworthy; font-size: 20px; font-weight: bold; line-height: 26px; -webkit-tap-highlight-color: rgba(26, 26, 26, 0.296875); -webkit-composition-fill-color: rgba(130, 98, 83, 0.0976563); -webkit-composition-frame-color: rgba(191, 107, 82, 0.496094); \">Acompa\u00f1ado por la directora General de la compa\u00f1\u00eda, Mar\u00eda Teresa Cazola Bravo, dijo que la entrega del reconocimiento simboliza la visi\u00f3n que tiene el Gobierno estatal por alcanzar metas con base en la innovaci\u00f3n y el esfuerzo diario, y muestra de ello es que en la entidad se cuenta con empresarios locales que miran al futuro con solidez y realizan una fuerte apuesta por el capital humano yucateco.<\/div>\n<div style=\"font-family: Noteworthy; font-size: 20px; font-weight: bold; line-height: 26px; -webkit-tap-highlight-color: rgba(26, 26, 26, 0.296875); -webkit-composition-fill-color: rgba(130, 98, 83, 0.0976563); -webkit-composition-frame-color: rgba(191, 107, 82, 0.496094); \">\u00abA trav\u00e9s del fortalecimiento de la empresa, los empleados miran el fortalecimiento de su bienestar familiar\u00bb, indic\u00f3.<\/div>\n<div style=\"font-family: Noteworthy; font-size: 20px; font-weight: bold; line-height: 26px; -webkit-tap-highlight-color: rgba(26, 26, 26, 0.296875); -webkit-composition-fill-color: rgba(130, 98, 83, 0.0976563); -webkit-composition-frame-color: rgba(191, 107, 82, 0.496094); \">Por su parte, el secretario de Fomento Tur\u00edstico, Sa\u00fal Ancona Salazar, precis\u00f3 que actualmente m\u00e1s negocios de la regi\u00f3n capacitan a su personal para cumplir con los est\u00e1ndares que se requieren para obtener el Distintivo \u201cH\u201d, lo que implica registrar un 90 por ciento de satisfacci\u00f3n en el local solicitante.<\/div>\n<div style=\"font-family: Noteworthy; font-size: 20px; font-weight: bold; line-height: 26px; -webkit-tap-highlight-color: rgba(26, 26, 26, 0.296875); -webkit-composition-fill-color: rgba(130, 98, 83, 0.0976563); -webkit-composition-frame-color: rgba(191, 107, 82, 0.496094); \">\u201cEl Distintivo \u2018H\u2019 es una certificaci\u00f3n con vigencia de un a\u00f1o que otorgan la Secretar\u00eda de Turismo federal y la Secretar\u00eda de Salud a aquellas empresas de alimentos y bebidas que se apegan a la Norma Mexicana NMX-F605 NORMEX 2004 para el manejo higi\u00e9nico de los mismos\u00bb, inform\u00f3.<\/div>\n<div style=\"font-family: Noteworthy; font-size: 20px; font-weight: bold; line-height: 26px; -webkit-tap-highlight-color: rgba(26, 26, 26, 0.296875); -webkit-composition-fill-color: rgba(130, 98, 83, 0.0976563); -webkit-composition-frame-color: rgba(191, 107, 82, 0.496094); \">En su turno al habla, Cazola Bravo record\u00f3 que en 2004 se inaugur\u00f3 la planta de producci\u00f3n ubicada en Santa Gertrudis Cop\u00f3, al Norte de esta capital, que este d\u00eda recorrieron funcionarios estatales y delegados federales, y que cuenta con oficinas administrativas y centro de atenci\u00f3n telef\u00f3nica, as\u00ed como \u00e1reas de almac\u00e9n, empaquetado, pasteler\u00eda y panader\u00eda.<\/div>\n<div style=\"font-family: Noteworthy; font-size: 20px; font-weight: bold; line-height: 26px; -webkit-tap-highlight-color: rgba(26, 26, 26, 0.296875); -webkit-composition-fill-color: rgba(130, 98, 83, 0.0976563); -webkit-composition-frame-color: rgba(191, 107, 82, 0.496094); \">Abund\u00f3 que las t\u00e9cnicas caseras de \u201cTere Cazola\u201d datan de 1985, cuando inici\u00f3 el negocio familiar con dos productos. Actualmente, la marca cuenta con m\u00e1s de 90 postres y panes que se distribuyen en 38 sucursales ubicadas en Campeche, Quintana Roo, Tabasco y Yucat\u00e1n. En sus planes futuros est\u00e1 el alcanzar presencia en toda la Rep\u00fablica, lo cual se traducir\u00eda en m\u00e1s empleos para beneficio de todos los mexicanos.<\/div>\n<div style=\"font-family: Noteworthy; font-size: 20px; font-weight: bold; line-height: 26px; -webkit-tap-highlight-color: rgba(26, 26, 26, 0.296875); -webkit-composition-fill-color: rgba(130, 98, 83, 0.0976563); -webkit-composition-frame-color: rgba(191, 107, 82, 0.496094); \">Al t\u00e9rmino del acto protocolario, Cazola Bravo, acompa\u00f1ada por los colaboradores de la planta procesadora, brind\u00f3 al Gobernador un pastel, ya que recientemente el mandatario cumpli\u00f3 a\u00f1os.<\/div>\n<div style=\"font-family: Noteworthy; font-size: 20px; font-weight: bold; line-height: 26px; -webkit-tap-highlight-color: rgba(26, 26, 26, 0.296875); -webkit-composition-fill-color: rgba(130, 98, 83, 0.0976563); -webkit-composition-frame-color: rgba(191, 107, 82, 0.496094); \">Al evento asistieron los secretarios de Salud, Jorge Eduardo Mendoza M\u00e9zquita, y del Trabajo y Previsi\u00f3n Social, Enrique Castillo Ruz, adem\u00e1s del delegado federal de \u00e9ste \u00faltimo rubro, Ricardo B\u00e9jar Herrera.<\/div>\n<div style=\"font-family: Noteworthy; font-size: 20px; font-weight: bold; line-height: 26px; -webkit-tap-highlight-color: rgba(26, 26, 26, 0.296875); -webkit-composition-fill-color: rgba(130, 98, 83, 0.0976563); -webkit-composition-frame-color: rgba(191, 107, 82, 0.496094); \">Asimismo, el presidente de la Confederaci\u00f3n Patronal de la Rep\u00fablica Mexicana (Coparmex) en M\u00e9rida, Nicol\u00e1s Mad\u00e1huar Boehm, y el gerente de Administraci\u00f3n de la planta procesadora \u201cTere Cazola\u201d, Ignacio G\u00fcemes Quintal, entre otros.(comunicado)<\/p>\n<div class=\"separator\" style=\"clear: both;\"><a href=\"https:\/\/lh4.googleusercontent.com\/-Ukn7CBEZlJA\/U-pnxNF9h9I\/AAAAAAAAi04\/rlhhYGlOWA8\/s640\/blogger-image-701156223.jpg\" imageanchor=\"1\" style=\"margin-left: 1em; margin-right: 1em;\"><img decoding=\"async\" border=\"0\" src=\"https:\/\/lh4.googleusercontent.com\/-Ukn7CBEZlJA\/U-pnxNF9h9I\/AAAAAAAAi04\/rlhhYGlOWA8\/s640\/blogger-image-701156223.jpg\"><\/a><\/div>\n<\/div>\n<div style=\"font-family: Noteworthy; font-size: 20px; font-weight: bold; line-height: 26px; -webkit-tap-highlight-color: rgba(26, 26, 26, 0.296875); -webkit-composition-fill-color: rgba(130, 98, 83, 0.0976563); -webkit-composition-frame-color: rgba(191, 107, 82, 0.496094); \"><\/div>\n","protected":false},"excerpt":{"rendered":"<p>M\u00e9rida, Yucat\u00e1n, 12 de agosto de 2014.- El Gobernador Rolando Zapata Bello entreg\u00f3 el Distintivo \u201cH\u201d a la planta procesadora \u201cTere Cazola\u201d, empresa local que durante nueve a\u00f1os consecutivos ha<\/p>\n","protected":false},"author":1,"featured_media":15559,"comment_status":"open","ping_status":"open","sticky":false,"template":"","format":"standard","meta":{"jetpack_post_was_ever_published":false,"_jetpack_newsletter_access":"","_jetpack_dont_email_post_to_subs":false,"_jetpack_newsletter_tier_id":0,"_jetpack_memberships_contains_paywalled_content":false,"_jetpack_memberships_contains_paid_content":false,"footnotes":"","jetpack_publicize_message":"","jetpack_publicize_feature_enabled":true,"jetpack_social_post_already_shared":false,"jetpack_social_options":{"image_generator_settings":{"template":"highway","default_image_id":0,"font":"","enabled":false},"version":2}},"categories":[17,1],"tags":[],"class_list":["post-2724","post","type-post","status-publish","format-standard","has-post-thumbnail","hentry","category-politica-y-gobierno","category-sin-categoria"],"jetpack_publicize_connections":[],"jetpack_featured_media_url":"https:\/\/formalprision.com\/wp-content\/uploads\/2014\/08\/blogger-image-701156223.jpg","jetpack_sharing_enabled":true,"jetpack_shortlink":"https:\/\/wp.me\/p6id8p-HW","_links":{"self":[{"href":"https:\/\/formalprision.com\/index.php?rest_route=\/wp\/v2\/posts\/2724","targetHints":{"allow":["GET"]}}],"collection":[{"href":"https:\/\/formalprision.com\/index.php?rest_route=\/wp\/v2\/posts"}],"about":[{"href":"https:\/\/formalprision.com\/index.php?rest_route=\/wp\/v2\/types\/post"}],"author":[{"embeddable":true,"href":"https:\/\/formalprision.com\/index.php?rest_route=\/wp\/v2\/users\/1"}],"replies":[{"embeddable":true,"href":"https:\/\/formalprision.com\/index.php?rest_route=%2Fwp%2Fv2%2Fcomments&post=2724"}],"version-history":[{"count":0,"href":"https:\/\/formalprision.com\/index.php?rest_route=\/wp\/v2\/posts\/2724\/revisions"}],"wp:featuredmedia":[{"embeddable":true,"href":"https:\/\/formalprision.com\/index.php?rest_route=\/wp\/v2\/media\/15559"}],"wp:attachment":[{"href":"https:\/\/formalprision.com\/index.php?rest_route=%2Fwp%2Fv2%2Fmedia&parent=2724"}],"wp:term":[{"taxonomy":"category","embeddable":true,"href":"https:\/\/formalprision.com\/index.php?rest_route=%2Fwp%2Fv2%2Fcategories&post=2724"},{"taxonomy":"post_tag","embeddable":true,"href":"https:\/\/formalprision.com\/index.php?rest_route=%2Fwp%2Fv2%2Ftags&post=2724"}],"curies":[{"name":"wp","href":"https:\/\/api.w.org\/{rel}","templated":true}]}}