{"id":2727,"date":"2014-08-12T04:35:00","date_gmt":"2014-08-12T04:35:00","guid":{"rendered":"http:\/\/formalprision.info\/2014\/08\/12\/rolando-zapata-inaugura-unidades-de\/"},"modified":"2015-06-03T08:36:14","modified_gmt":"2015-06-03T08:36:14","slug":"rolando-zapata-inaugura-unidades-de","status":"publish","type":"post","link":"https:\/\/formalprision.com\/?p=2727","title":{"rendered":"Rolando Zapata inaugura unidades de vigilancia de la SSP en El Paseo\nVerde&#8230;"},"content":{"rendered":"<div style=\"font-family: Noteworthy; font-size: 20px; font-weight: bold; line-height: 26px; -webkit-tap-highlight-color: rgba(26, 26, 26, 0.296875); -webkit-composition-fill-color: rgba(130, 98, 83, 0.0976563); -webkit-composition-frame-color: rgba(191, 107, 82, 0.496094); \">M\u00e9rida, Yucat\u00e1n, 11 de agosto de 2014.- El Parque Metropolitano de M\u00e9rida Paseo Verde ya cuenta con seis unidades que ofrecer\u00e1n servicios m\u00faltiples y vigilancia a los cerca de 400 mil usuarios potenciales que de manera cotidiana realizan actividades deportivas y de esparcimiento en este espacio ecol\u00f3gico.<\/div>\n<div style=\"font-family: Noteworthy; font-size: 20px; font-weight: bold; line-height: 26px; -webkit-tap-highlight-color: rgba(26, 26, 26, 0.296875); -webkit-composition-fill-color: rgba(130, 98, 83, 0.0976563); -webkit-composition-frame-color: rgba(191, 107, 82, 0.496094); \">El Gobernador Rolando Zapata Bello cort\u00f3 el list\u00f3n inaugural de cada una de dichas unidades, que significaron una inversi\u00f3n superior a los 9.7 millones de pesos. \u00c9stas cuentan con una caseta de vigilancia a cargo de elementos de la Secretar\u00eda de Seguridad P\u00fablica (SSP), \u00e1rea de cafeter\u00eda, ba\u00f1os para hombre, mujeres y personas con discapacidad, as\u00ed como una zona de convivencia.<\/div>\n<div style=\"font-family: Noteworthy; font-size: 20px; font-weight: bold; line-height: 26px; -webkit-tap-highlight-color: rgba(26, 26, 26, 0.296875); -webkit-composition-fill-color: rgba(130, 98, 83, 0.0976563); -webkit-composition-frame-color: rgba(191, 107, 82, 0.496094); \">Al ofrecer un saludo a las miles de personas reunidas en dicho parque ubicado al Poniente de la capital del estado y considerado el m\u00e1s grande del Sureste mexicano, el titular del Poder Ejecutivo exhort\u00f3 a los ciudadanos a mantener el Paseo Verde como un espacio vivo, con la realizaci\u00f3n de eventos deportivos, art\u00edsticos, culturales y recreativos.<\/div>\n<div style=\"font-family: Noteworthy; font-size: 20px; font-weight: bold; line-height: 26px; -webkit-tap-highlight-color: rgba(26, 26, 26, 0.296875); -webkit-composition-fill-color: rgba(130, 98, 83, 0.0976563); -webkit-composition-frame-color: rgba(191, 107, 82, 0.496094); \">Acompa\u00f1ado de autoridades estatales y federales, Zapata Bello asegur\u00f3 a los vecinos que la vigilancia del lugar ser\u00e1 de 24 horas y que los elementos a cargo de esta labor tendr\u00e1n conexi\u00f3n v\u00eda radio para poder responder de manera pronta y oportuna con el fin de garantizar la seguridad.<\/div>\n<div style=\"font-family: Noteworthy; font-size: 20px; font-weight: bold; line-height: 26px; -webkit-tap-highlight-color: rgba(26, 26, 26, 0.296875); -webkit-composition-fill-color: rgba(130, 98, 83, 0.0976563); -webkit-composition-frame-color: rgba(191, 107, 82, 0.496094); \">Por su parte, el director de la Coordinaci\u00f3n Metropolitana de Yucat\u00e1n (Comey), Pablo Gamboa Miner, agradeci\u00f3 las acciones que el Gobierno del Estado ha llevado a cabo para dotar al Paseo Verde de iluminaci\u00f3n a lo largo de sus siete kil\u00f3metros, andadores, ciclopista y las nuevas unidades de servicio.<\/div>\n<div style=\"font-family: Noteworthy; font-size: 20px; font-weight: bold; line-height: 26px; -webkit-tap-highlight-color: rgba(26, 26, 26, 0.296875); -webkit-composition-fill-color: rgba(130, 98, 83, 0.0976563); -webkit-composition-frame-color: rgba(191, 107, 82, 0.496094); \">En las casetas de vigilancia de cada unidad habr\u00e1 elementos de la SSP realizando labores de vigilancia las 24 horas, lo cual se sumar\u00e1 a motociclistas de la corporaci\u00f3n que dar\u00e1n cobertura especial al parque, as\u00ed como a los elementos comisionados al sector Poniente de la ciudad.<\/div>\n<div style=\"font-family: Noteworthy; font-size: 20px; font-weight: bold; line-height: 26px; -webkit-tap-highlight-color: rgba(26, 26, 26, 0.296875); -webkit-composition-fill-color: rgba(130, 98, 83, 0.0976563); -webkit-composition-frame-color: rgba(191, 107, 82, 0.496094); \">Durante el recorrido, el Gobernador aprovech\u00f3 para cortar el pastel por motivo de su cumplea\u00f1os n\u00famero 46, por lo que recibi\u00f3 diversas felicitaciones por parte de los vecinos y autoridades presentes en las inauguraciones.&nbsp;<\/p>\n<div class=\"separator\" style=\"clear: both;\"><a href=\"https:\/\/lh5.googleusercontent.com\/-o6c46Sl7wz8\/U-mZn2sEU9I\/AAAAAAAAi0M\/OodsfSuaTe0\/s640\/blogger-image--2049577783.jpg\" imageanchor=\"1\" style=\"margin-left: 1em; margin-right: 1em;\"><img decoding=\"async\" border=\"0\" src=\"https:\/\/lh5.googleusercontent.com\/-o6c46Sl7wz8\/U-mZn2sEU9I\/AAAAAAAAi0M\/OodsfSuaTe0\/s640\/blogger-image--2049577783.jpg\"><\/a><\/div>\n<\/div>\n<div style=\"font-family: Noteworthy; font-size: 20px; font-weight: bold; line-height: 26px; -webkit-tap-highlight-color: rgba(26, 26, 26, 0.296875); -webkit-composition-fill-color: rgba(130, 98, 83, 0.0976563); -webkit-composition-frame-color: rgba(191, 107, 82, 0.496094); \"><\/div>\n","protected":false},"excerpt":{"rendered":"<p>M\u00e9rida, Yucat\u00e1n, 11 de agosto de 2014.- El Parque Metropolitano de M\u00e9rida Paseo Verde ya cuenta con seis unidades que ofrecer\u00e1n servicios m\u00faltiples y vigilancia a los cerca de 400<\/p>\n","protected":false},"author":1,"featured_media":15565,"comment_status":"open","ping_status":"open","sticky":false,"template":"","format":"standard","meta":{"jetpack_post_was_ever_published":false,"_jetpack_newsletter_access":"","_jetpack_dont_email_post_to_subs":false,"_jetpack_newsletter_tier_id":0,"_jetpack_memberships_contains_paywalled_content":false,"_jetpack_memberships_contains_paid_content":false,"footnotes":"","jetpack_publicize_message":"","jetpack_publicize_feature_enabled":true,"jetpack_social_post_already_shared":false,"jetpack_social_options":{"image_generator_settings":{"template":"highway","default_image_id":0,"font":"","enabled":false},"version":2}},"categories":[17,1],"tags":[],"class_list":["post-2727","post","type-post","status-publish","format-standard","has-post-thumbnail","hentry","category-politica-y-gobierno","category-sin-categoria"],"jetpack_publicize_connections":[],"jetpack_featured_media_url":"https:\/\/formalprision.com\/wp-content\/uploads\/2014\/08\/blogger-image-2049577783.jpg","jetpack_sharing_enabled":true,"jetpack_shortlink":"https:\/\/wp.me\/p6id8p-HZ","_links":{"self":[{"href":"https:\/\/formalprision.com\/index.php?rest_route=\/wp\/v2\/posts\/2727","targetHints":{"allow":["GET"]}}],"collection":[{"href":"https:\/\/formalprision.com\/index.php?rest_route=\/wp\/v2\/posts"}],"about":[{"href":"https:\/\/formalprision.com\/index.php?rest_route=\/wp\/v2\/types\/post"}],"author":[{"embeddable":true,"href":"https:\/\/formalprision.com\/index.php?rest_route=\/wp\/v2\/users\/1"}],"replies":[{"embeddable":true,"href":"https:\/\/formalprision.com\/index.php?rest_route=%2Fwp%2Fv2%2Fcomments&post=2727"}],"version-history":[{"count":0,"href":"https:\/\/formalprision.com\/index.php?rest_route=\/wp\/v2\/posts\/2727\/revisions"}],"wp:featuredmedia":[{"embeddable":true,"href":"https:\/\/formalprision.com\/index.php?rest_route=\/wp\/v2\/media\/15565"}],"wp:attachment":[{"href":"https:\/\/formalprision.com\/index.php?rest_route=%2Fwp%2Fv2%2Fmedia&parent=2727"}],"wp:term":[{"taxonomy":"category","embeddable":true,"href":"https:\/\/formalprision.com\/index.php?rest_route=%2Fwp%2Fv2%2Fcategories&post=2727"},{"taxonomy":"post_tag","embeddable":true,"href":"https:\/\/formalprision.com\/index.php?rest_route=%2Fwp%2Fv2%2Ftags&post=2727"}],"curies":[{"name":"wp","href":"https:\/\/api.w.org\/{rel}","templated":true}]}}