{"id":2732,"date":"2014-08-12T01:30:00","date_gmt":"2014-08-12T01:30:00","guid":{"rendered":"http:\/\/formalprision.info\/2014\/08\/12\/recopilan-en-libro-dos-siglos-de\/"},"modified":"2015-06-03T08:36:15","modified_gmt":"2015-06-03T08:36:15","slug":"recopilan-en-libro-dos-siglos-de","status":"publish","type":"post","link":"https:\/\/formalprision.com\/?p=2732","title":{"rendered":"Recopilan en libro dos siglos de dramaturgia regional en Yucat\u00e1n"},"content":{"rendered":"<div style=\"font-family: Noteworthy; font-size: 20px; font-weight: bold; line-height: 26px; -webkit-tap-highlight-color: rgba(26, 26, 26, 0.296875); -webkit-composition-fill-color: rgba(130, 98, 83, 0.0976563); -webkit-composition-frame-color: rgba(191, 107, 82, 0.496094); \">M\u00e9rida, Yucat\u00e1n, 11 de agosto de 2014.- Luego de un minucioso trabajo para<\/div>\n<div style=\"font-family: Noteworthy; font-size: 20px; font-weight: bold; line-height: 26px; -webkit-tap-highlight-color: rgba(26, 26, 26, 0.296875); -webkit-composition-fill-color: rgba(130, 98, 83, 0.0976563); -webkit-composition-frame-color: rgba(191, 107, 82, 0.496094); \">recopilar obras teatrales representativas producidas en la entidad, el<\/div>\n<div style=\"font-family: Noteworthy; font-size: 20px; font-weight: bold; line-height: 26px; -webkit-tap-highlight-color: rgba(26, 26, 26, 0.296875); -webkit-composition-fill-color: rgba(130, 98, 83, 0.0976563); -webkit-composition-frame-color: rgba(191, 107, 82, 0.496094); \">investigador Fernando Mu\u00f1oz Castillo presentar\u00e1 el primer tomo de su libro<\/div>\n<div style=\"font-family: Noteworthy; font-size: 20px; font-weight: bold; line-height: 26px; -webkit-tap-highlight-color: rgba(26, 26, 26, 0.296875); -webkit-composition-fill-color: rgba(130, 98, 83, 0.0976563); -webkit-composition-frame-color: rgba(191, 107, 82, 0.496094); \">\u201cDos siglos de dramaturgia regional de Yucat\u00e1n\u201d, el cual servir\u00e1 como<\/div>\n<div style=\"font-family: Noteworthy; font-size: 20px; font-weight: bold; line-height: 26px; -webkit-tap-highlight-color: rgba(26, 26, 26, 0.296875); -webkit-composition-fill-color: rgba(130, 98, 83, 0.0976563); -webkit-composition-frame-color: rgba(191, 107, 82, 0.496094); \">referencia a futuras generaciones interesadas en esta disciplina art\u00edstica.<\/div>\n<div style=\"font-family: Noteworthy; font-size: 20px; font-weight: bold; line-height: 26px; -webkit-tap-highlight-color: rgba(26, 26, 26, 0.296875); -webkit-composition-fill-color: rgba(130, 98, 83, 0.0976563); -webkit-composition-frame-color: rgba(191, 107, 82, 0.496094); \">En el marco del Festival de Teatro \u201cWilberto Cant\u00f3n\u201d 2014, el volumen,<\/div>\n<div style=\"font-family: Noteworthy; font-size: 20px; font-weight: bold; line-height: 26px; -webkit-tap-highlight-color: rgba(26, 26, 26, 0.296875); -webkit-composition-fill-color: rgba(130, 98, 83, 0.0976563); -webkit-composition-frame-color: rgba(191, 107, 82, 0.496094); \">coeditado entre la Secretar\u00eda de la Cultura y las Artes (Sedeculta) y<\/div>\n<div style=\"font-family: Noteworthy; font-size: 20px; font-weight: bold; line-height: 26px; -webkit-tap-highlight-color: rgba(26, 26, 26, 0.296875); -webkit-composition-fill-color: rgba(130, 98, 83, 0.0976563); -webkit-composition-frame-color: rgba(191, 107, 82, 0.496094); \">Escenolog\u00eda, ser\u00e1 presentado el jueves 14 de agosto a las 18:00 horas, en&nbsp;el Foro Alternativo \u201cRub\u00e9n Chac\u00f3n\u201d y los comentarios estar\u00e1n a cargo de las&nbsp;escritoras Celia Pedrero y Elena Novelo.<\/div>\n<div style=\"font-family: Noteworthy; font-size: 20px; font-weight: bold; line-height: 26px; -webkit-tap-highlight-color: rgba(26, 26, 26, 0.296875); -webkit-composition-fill-color: rgba(130, 98, 83, 0.0976563); -webkit-composition-frame-color: rgba(191, 107, 82, 0.496094); \">En rueda de prensa en la que estuvo acompa\u00f1ado del coordinador del&nbsp;Departamento de Teatro de la dependencia estatal, Luis Vel\u00e1zquez Cabrera,&nbsp;el autor del texto indic\u00f3 que en este primer tomo el lector podr\u00e1 acercarse&nbsp;al plano real de la dramaturgia regional de Yucat\u00e1n y le servir\u00e1 para&nbsp;futuros an\u00e1lisis y reflexiones sobre este arte.<\/div>\n<div style=\"font-family: Noteworthy; font-size: 20px; font-weight: bold; line-height: 26px; -webkit-tap-highlight-color: rgba(26, 26, 26, 0.296875); -webkit-composition-fill-color: rgba(130, 98, 83, 0.0976563); -webkit-composition-frame-color: rgba(191, 107, 82, 0.496094); \">El especialista precis\u00f3 que, de acuerdo con sus investigaciones, los&nbsp;or\u00edgenes del teatro regional yucateco datan en 1813, con la pieza \u201cDi\u00e1logo&nbsp;entre los indios Juan y Pascual\u201d de Francisco Jos\u00e9 Bates, editor y escritor&nbsp;de la primera revista impresa en el estado, \u201cEl miscel\u00e1neo\u201d.<\/div>\n<div style=\"font-family: Noteworthy; font-size: 20px; font-weight: bold; line-height: 26px; -webkit-tap-highlight-color: rgba(26, 26, 26, 0.296875); -webkit-composition-fill-color: rgba(130, 98, 83, 0.0976563); -webkit-composition-frame-color: rgba(191, 107, 82, 0.496094); \">Mu\u00f1oz Castillo explic\u00f3 que en dicho di\u00e1logo, considerado como&nbsp;proto-teatro, los personajes hablan sobre las Cortes de C\u00e1diz. En aqu\u00e9lla,\u00e9poca, la gente no sab\u00eda leer y la informaci\u00f3n se divulgaba por medio de&nbsp;personajes que se dedicaban a transmitirles a los dem\u00e1s las noticias que&nbsp;les llegaban.<\/div>\n<div style=\"font-family: Noteworthy; font-size: 20px; font-weight: bold; line-height: 26px; -webkit-tap-highlight-color: rgba(26, 26, 26, 0.296875); -webkit-composition-fill-color: rgba(130, 98, 83, 0.0976563); -webkit-composition-frame-color: rgba(191, 107, 82, 0.496094); \">\u201cEste libro es una compilaci\u00f3n no una antolog\u00eda, es un muestrario que da&nbsp;cuenta de la evoluci\u00f3n en la forma de pensar a lo largo de 200 a\u00f1os. Es un&nbsp;panorama dramat\u00fargico espec\u00edfico del teatro regional en Yucat\u00e1n&nbsp;desarrollado en casi dos siglos y en el que el lector encontrar\u00e1 textos,&nbsp;estilos y g\u00e9neros diversos\u201d, se\u00f1al\u00f3.<\/div>\n<div style=\"font-family: Noteworthy; font-size: 20px; font-weight: bold; line-height: 26px; -webkit-tap-highlight-color: rgba(26, 26, 26, 0.296875); -webkit-composition-fill-color: rgba(130, 98, 83, 0.0976563); -webkit-composition-frame-color: rgba(191, 107, 82, 0.496094); \">Adem\u00e1s, destac\u00f3 que para este trabajo se consideraron obras aparecidas en<\/div>\n<div style=\"font-family: Noteworthy; font-size: 20px; font-weight: bold; line-height: 26px; -webkit-tap-highlight-color: rgba(26, 26, 26, 0.296875); -webkit-composition-fill-color: rgba(130, 98, 83, 0.0976563); -webkit-composition-frame-color: rgba(191, 107, 82, 0.496094); \">publicaciones peri\u00f3dicas y las que se presentaron durante varias d\u00e9cadas en&nbsp;las escuelas del interior del estado, escritas y dirigidas por maestros,&nbsp;como una muestra de la forma en que el g\u00e9nero popular perme\u00f3 en la sociedad&nbsp;yucateca.<\/div>\n<div style=\"font-family: Noteworthy; font-size: 20px; font-weight: bold; line-height: 26px; -webkit-tap-highlight-color: rgba(26, 26, 26, 0.296875); -webkit-composition-fill-color: rgba(130, 98, 83, 0.0976563); -webkit-composition-frame-color: rgba(191, 107, 82, 0.496094); \">Entre los autores que forman parte de este tomo se cuentan Ermilo Abreu&nbsp;G\u00f3mez, Ra\u00fal C\u00e1ceres Carenzo, Juan Garc\u00eda Ponce, Wilberth Herrera P\u00e9rez,<\/div>\n<div style=\"font-family: Noteworthy; font-size: 20px; font-weight: bold; line-height: 26px; -webkit-tap-highlight-color: rgba(26, 26, 26, 0.296875); -webkit-composition-fill-color: rgba(130, 98, 83, 0.0976563); -webkit-composition-frame-color: rgba(191, 107, 82, 0.496094); \">Elena Novelo, Socorro Loaeza Flores, Sara Molina, Nancy Roche Reyes, Gilma<\/div>\n<div style=\"font-family: Noteworthy; font-size: 20px; font-weight: bold; line-height: 26px; -webkit-tap-highlight-color: rgba(26, 26, 26, 0.296875); -webkit-composition-fill-color: rgba(130, 98, 83, 0.0976563); -webkit-composition-frame-color: rgba(191, 107, 82, 0.496094); \">Tuyub, Santos Gabriel Pist\u00e9 Canch\u00e9, Leopoldo Peniche Vallado y Jos\u00e9 Pe\u00f3n<\/div>\n<div style=\"font-family: Noteworthy; font-size: 20px; font-weight: bold; line-height: 26px; -webkit-tap-highlight-color: rgba(26, 26, 26, 0.296875); -webkit-composition-fill-color: rgba(130, 98, 83, 0.0976563); -webkit-composition-frame-color: rgba(191, 107, 82, 0.496094); \">Contreras.<\/div>\n<div style=\"font-family: Noteworthy; font-size: 20px; font-weight: bold; line-height: 26px; -webkit-tap-highlight-color: rgba(26, 26, 26, 0.296875); -webkit-composition-fill-color: rgba(130, 98, 83, 0.0976563); -webkit-composition-frame-color: rgba(191, 107, 82, 0.496094); \">Los g\u00e9neros y modalidades que aborda son melodrama, \u00e9pico, costumbrista,&nbsp;de revista pol\u00edtica, comedia, farsa, \u00f3pera, poema sinf\u00f3nico, zarzuela, &nbsp;comedia musical costumbrista, sketch, performance y dramaturgia&nbsp;coreogr\u00e1fica.<\/div>\n<div style=\"font-family: Noteworthy; font-size: 20px; font-weight: bold; line-height: 26px; -webkit-tap-highlight-color: rgba(26, 26, 26, 0.296875); -webkit-composition-fill-color: rgba(130, 98, 83, 0.0976563); -webkit-composition-frame-color: rgba(191, 107, 82, 0.496094); \">Por \u00faltimo, coment\u00f3 que la ortograf\u00eda de los textos reproducidos es&nbsp;\u00edntegra, especialmente los editados en el siglo XIX y principios del XX.<\/p>\n<div class=\"separator\" style=\"clear: both;\"><a href=\"https:\/\/lh6.googleusercontent.com\/-_LiKEg8eX0k\/U-luGt7uDsI\/AAAAAAAAizE\/AWqJ4pwOJng\/s640\/blogger-image-1342103748.jpg\" imageanchor=\"1\" style=\"margin-left: 1em; margin-right: 1em;\"><img decoding=\"async\" border=\"0\" src=\"https:\/\/lh6.googleusercontent.com\/-_LiKEg8eX0k\/U-luGt7uDsI\/AAAAAAAAizE\/AWqJ4pwOJng\/s640\/blogger-image-1342103748.jpg\"><\/a><\/div>\n<\/div>\n<div><\/div>\n","protected":false},"excerpt":{"rendered":"<p>M\u00e9rida, Yucat\u00e1n, 11 de agosto de 2014.- Luego de un minucioso trabajo para recopilar obras teatrales representativas producidas en la entidad, el investigador Fernando Mu\u00f1oz Castillo presentar\u00e1 el primer tomo<\/p>\n","protected":false},"author":1,"featured_media":15575,"comment_status":"open","ping_status":"open","sticky":false,"template":"","format":"standard","meta":{"jetpack_post_was_ever_published":false,"_jetpack_newsletter_access":"","_jetpack_dont_email_post_to_subs":false,"_jetpack_newsletter_tier_id":0,"_jetpack_memberships_contains_paywalled_content":false,"_jetpack_memberships_contains_paid_content":false,"footnotes":"","jetpack_publicize_message":"","jetpack_publicize_feature_enabled":true,"jetpack_social_post_already_shared":false,"jetpack_social_options":{"image_generator_settings":{"template":"highway","default_image_id":0,"font":"","enabled":false},"version":2}},"categories":[1,49],"tags":[],"class_list":["post-2732","post","type-post","status-publish","format-standard","has-post-thumbnail","hentry","category-sin-categoria","category-tocho-morocho"],"jetpack_publicize_connections":[],"jetpack_featured_media_url":"https:\/\/formalprision.com\/wp-content\/uploads\/2014\/08\/blogger-image-1342103748.jpg","jetpack_sharing_enabled":true,"jetpack_shortlink":"https:\/\/wp.me\/p6id8p-I4","_links":{"self":[{"href":"https:\/\/formalprision.com\/index.php?rest_route=\/wp\/v2\/posts\/2732","targetHints":{"allow":["GET"]}}],"collection":[{"href":"https:\/\/formalprision.com\/index.php?rest_route=\/wp\/v2\/posts"}],"about":[{"href":"https:\/\/formalprision.com\/index.php?rest_route=\/wp\/v2\/types\/post"}],"author":[{"embeddable":true,"href":"https:\/\/formalprision.com\/index.php?rest_route=\/wp\/v2\/users\/1"}],"replies":[{"embeddable":true,"href":"https:\/\/formalprision.com\/index.php?rest_route=%2Fwp%2Fv2%2Fcomments&post=2732"}],"version-history":[{"count":0,"href":"https:\/\/formalprision.com\/index.php?rest_route=\/wp\/v2\/posts\/2732\/revisions"}],"wp:featuredmedia":[{"embeddable":true,"href":"https:\/\/formalprision.com\/index.php?rest_route=\/wp\/v2\/media\/15575"}],"wp:attachment":[{"href":"https:\/\/formalprision.com\/index.php?rest_route=%2Fwp%2Fv2%2Fmedia&parent=2732"}],"wp:term":[{"taxonomy":"category","embeddable":true,"href":"https:\/\/formalprision.com\/index.php?rest_route=%2Fwp%2Fv2%2Fcategories&post=2732"},{"taxonomy":"post_tag","embeddable":true,"href":"https:\/\/formalprision.com\/index.php?rest_route=%2Fwp%2Fv2%2Ftags&post=2732"}],"curies":[{"name":"wp","href":"https:\/\/api.w.org\/{rel}","templated":true}]}}