{"id":2741,"date":"2014-08-10T19:42:00","date_gmt":"2014-08-10T19:42:00","guid":{"rendered":"http:\/\/formalprision.info\/2014\/08\/10\/gobernador-supervisa-trabajos-de\/"},"modified":"2015-06-03T08:36:16","modified_gmt":"2015-06-03T08:36:16","slug":"gobernador-supervisa-trabajos-de","status":"publish","type":"post","link":"https:\/\/formalprision.com\/?p=2741","title":{"rendered":"Gobernador supervisa trabajos de recuperaci\u00f3n de playas entre Chuburn\u00e1\ny Yucalpet\u00e9n."},"content":{"rendered":"<div style=\"font-family: Noteworthy; font-size: 20px; font-weight: bold; line-height: 26px; -webkit-tap-highlight-color: rgba(26, 26, 26, 0.296875); -webkit-composition-fill-color: rgba(130, 98, 83, 0.0976563); -webkit-composition-frame-color: rgba(191, 107, 82, 0.496094); \">\n<div>\n<div class=\"separator\" style=\"clear: both;\"><a href=\"https:\/\/lh4.googleusercontent.com\/-74lB9glMGDQ\/U-fLFvDSC9I\/AAAAAAAAiw4\/zzc7kJfxcbY\/s640\/blogger-image--1418231605.jpg\" imageanchor=\"1\" style=\"margin-left: 1em; margin-right: 1em;\"><img decoding=\"async\" border=\"0\" src=\"https:\/\/lh4.googleusercontent.com\/-74lB9glMGDQ\/U-fLFvDSC9I\/AAAAAAAAiw4\/zzc7kJfxcbY\/s640\/blogger-image--1418231605.jpg\"><\/a><\/div>\n<p>&nbsp;Progreso, Yucat\u00e1n, 10 de agosto de 2014.- &nbsp;M\u00e1s de 53 mil habitantes del municipio de Progreso, adem\u00e1s de vacacionistas y comerciantes de la demarcaci\u00f3n, disfrutan de mejores espacios naturales y mayores ventas, tras la ejecuci\u00f3n de los trabajos de conservaci\u00f3n, mantenimiento y recuperaci\u00f3n de playas que se realizan en la franja costera entre Chuburn\u00e1 Puerto y Yucalpet\u00e9n.<\/p><\/div>\n<div>Este d\u00eda, el Gobernador Rolando Zapata Bello recorri\u00f3 la zona en la que se efect\u00faan dichas obras para constatar los avances de este proyecto, que a trav\u00e9s de una inversi\u00f3n cercana a los 50 millones de pesos contempla la reforestaci\u00f3n de la duna costera, el reordenamiento de las estructuras de control tipo espigones, el relleno con arena de \u00e1reas estrat\u00e9gicas y disipadores de energ\u00eda.<\/div>\n<div>Acompa\u00f1ado del alcalde de Progreso, Daniel Zacar\u00edas Mart\u00ednez, el titular del Poder Ejecutivo asegur\u00f3 que lo m\u00e1s importante es que se mantengan los trabajos una vez concluidos, para lo cual es indispensable la participaci\u00f3n ciudadana.<\/div>\n<div>En ese sentido, el titular de la Secretar\u00eda de Desarrollo Urbano y Medio Ambiente (Seduma), Eduardo Batllori Sampedro, inform\u00f3 que se ha avanzado casi en un 100 por ciento en las obras para conservar y mitigar la erosi\u00f3n en el tramo de 6.4 kil\u00f3metros que comprende la secci\u00f3n entre Chuburn\u00e1 Puerto y Yucalpet\u00e9n.<\/div>\n<div>\u00abDentro de un esquema que hemos denominado Revive tu Playa, se han realizado talleres con el objeto de involucrar a los lugare\u00f1os, para que sean ellos mismos quienes apoyen en el monitoreo, mantenimiento y control de playas sanas\u00bb, indic\u00f3.<\/div>\n<div>Durante el recorrido por la comisar\u00eda progrese\u00f1a de Chelem que est\u00e1 en el \u00e1rea de rescate, Zapata Bello pudo escuchar a los vecinos y locatarios de la costa yucateca, quienes manifestaron lo favorable de las tareas que el Gobierno del Estado emprende para contar con una playa m\u00e1s amplia en la zona, lo que a su vez beneficiar\u00e1 a las especies naturales que habitan el \u00e1rea.<\/div>\n<div>\u201cDefinitivamente se han incrementado las familias visitantes y en proporci\u00f3n las ventas y el trabajo para los empleados, ahora los ni\u00f1os pueden jugar a la orilla del restaurante, cosa que antes era imposible\u00bb, expres\u00f3 Gustavo Acosta propietario del comedor La Playa.<\/div>\n<div>Del mismo modo, Jaime Sosa Castro expres\u00f3 que est\u00e1 convencido de participar en la limpieza de su \u00e1rea y en la continuidad del proyecto comunitario, pues cada temporada vacacional visita la zona en compa\u00f1\u00eda de su familia.<\/div>\n<div>Por su parte, acompa\u00f1ado del delegado de la Secretar\u00eda de Medio Ambiente y Recursos Naturales (Semarnat), Jorge Carlos Berl\u00edn Montero, el representante del grupo Axis Ingenier\u00eda S.A. de C.V., Enrique \u00c1lvarez del R\u00edo, resalt\u00f3 la importancia de que la ciudadan\u00eda participe en dichas labores de conservaci\u00f3n, pues de esa forma se garantiza el adecuado funcionamiento de los trabajos implementados, que entre sus beneficios est\u00e1 la protecci\u00f3n natural ante huracanes y tormentas.<\/div>\n<div>Asistieron al recorrido los diputados federal, Mar\u00eda del Carmen Ordaz Mart\u00ednez; y local, Ernesto Mart\u00ednez Ordaz; y el delegado de la Secretar\u00eda de Comunicaciones y Transportes (SCT), Jorge Monta\u00f1o Michael.<\/div>\n<div>Tambi\u00e9n, los secretarios de Obras P\u00fablicas del Estado, Daniel Quintal Ic; de Desarrollo Rural, Felipe Cervera Hern\u00e1ndez; y del Trabajo y Previsi\u00f3n Social, Enrique Castillo Ruz.<\/p>\n<div class=\"separator\" style=\"clear: both;\"><a href=\"https:\/\/lh3.googleusercontent.com\/-fj_4Ex1iAqU\/U-fLDKgnJgI\/AAAAAAAAiww\/H-YE9r6wcYc\/s640\/blogger-image--1079791996.jpg\" imageanchor=\"1\" style=\"margin-left: 1em; margin-right: 1em;\"><img decoding=\"async\" border=\"0\" src=\"https:\/\/lh3.googleusercontent.com\/-fj_4Ex1iAqU\/U-fLDKgnJgI\/AAAAAAAAiww\/H-YE9r6wcYc\/s640\/blogger-image--1079791996.jpg\"><\/a><\/div>\n<\/div>\n<div><\/div>\n<\/div>\n<div style=\"font-family: Noteworthy; font-size: 20px; font-weight: bold; line-height: 26px; -webkit-tap-highlight-color: rgba(26, 26, 26, 0.296875); -webkit-composition-fill-color: rgba(130, 98, 83, 0.0976563); -webkit-composition-frame-color: rgba(191, 107, 82, 0.496094); \"><\/div>\n","protected":false},"excerpt":{"rendered":"<p>&nbsp;Progreso, Yucat\u00e1n, 10 de agosto de 2014.- &nbsp;M\u00e1s de 53 mil habitantes del municipio de Progreso, adem\u00e1s de vacacionistas y comerciantes de la demarcaci\u00f3n, disfrutan de mejores espacios naturales y<\/p>\n","protected":false},"author":1,"featured_media":15593,"comment_status":"open","ping_status":"open","sticky":false,"template":"","format":"standard","meta":{"jetpack_post_was_ever_published":false,"_jetpack_newsletter_access":"","_jetpack_dont_email_post_to_subs":false,"_jetpack_newsletter_tier_id":0,"_jetpack_memberships_contains_paywalled_content":false,"_jetpack_memberships_contains_paid_content":false,"footnotes":"","jetpack_publicize_message":"","jetpack_publicize_feature_enabled":true,"jetpack_social_post_already_shared":false,"jetpack_social_options":{"image_generator_settings":{"template":"highway","default_image_id":0,"font":"","enabled":false},"version":2}},"categories":[17,1],"tags":[],"class_list":["post-2741","post","type-post","status-publish","format-standard","has-post-thumbnail","hentry","category-politica-y-gobierno","category-sin-categoria"],"jetpack_publicize_connections":[],"jetpack_featured_media_url":"https:\/\/formalprision.com\/wp-content\/uploads\/2014\/08\/blogger-image-1418231605.jpg","jetpack_sharing_enabled":true,"jetpack_shortlink":"https:\/\/wp.me\/p6id8p-Id","_links":{"self":[{"href":"https:\/\/formalprision.com\/index.php?rest_route=\/wp\/v2\/posts\/2741","targetHints":{"allow":["GET"]}}],"collection":[{"href":"https:\/\/formalprision.com\/index.php?rest_route=\/wp\/v2\/posts"}],"about":[{"href":"https:\/\/formalprision.com\/index.php?rest_route=\/wp\/v2\/types\/post"}],"author":[{"embeddable":true,"href":"https:\/\/formalprision.com\/index.php?rest_route=\/wp\/v2\/users\/1"}],"replies":[{"embeddable":true,"href":"https:\/\/formalprision.com\/index.php?rest_route=%2Fwp%2Fv2%2Fcomments&post=2741"}],"version-history":[{"count":0,"href":"https:\/\/formalprision.com\/index.php?rest_route=\/wp\/v2\/posts\/2741\/revisions"}],"wp:featuredmedia":[{"embeddable":true,"href":"https:\/\/formalprision.com\/index.php?rest_route=\/wp\/v2\/media\/15593"}],"wp:attachment":[{"href":"https:\/\/formalprision.com\/index.php?rest_route=%2Fwp%2Fv2%2Fmedia&parent=2741"}],"wp:term":[{"taxonomy":"category","embeddable":true,"href":"https:\/\/formalprision.com\/index.php?rest_route=%2Fwp%2Fv2%2Fcategories&post=2741"},{"taxonomy":"post_tag","embeddable":true,"href":"https:\/\/formalprision.com\/index.php?rest_route=%2Fwp%2Fv2%2Ftags&post=2741"}],"curies":[{"name":"wp","href":"https:\/\/api.w.org\/{rel}","templated":true}]}}