{"id":2743,"date":"2014-08-10T14:37:00","date_gmt":"2014-08-10T14:37:00","guid":{"rendered":"http:\/\/formalprision.info\/2014\/08\/10\/asisten-mas-de-18-mil-personas-la\/"},"modified":"2015-06-03T08:36:16","modified_gmt":"2015-06-03T08:36:16","slug":"asisten-mas-de-18-mil-personas-la","status":"publish","type":"post","link":"https:\/\/formalprision.com\/?p=2743","title":{"rendered":"Asisten m\u00e1s de 18 mil personas a la clausura de Bienestar en Vacaciones\n2014"},"content":{"rendered":"<div style=\"font-family: Noteworthy; font-size: 20px; font-weight: bold; line-height: 26px; -webkit-tap-highlight-color: rgba(26, 26, 26, 0.296875); -webkit-composition-fill-color: rgba(130, 98, 83, 0.0976563); -webkit-composition-frame-color: rgba(191, 107, 82, 0.496094); \">M\u00e1s de 18 mil ni\u00f1as y ni\u00f1os asistieron con sus padres al evento de clausura del programa Bienestar en Vacaciones, que incluy\u00f3 una emocionante y divertida funci\u00f3n de lucha libre, llevada a cabo en el Centro de Convenciones Yucat\u00e1n Siglo XXI.<\/div>\n<div style=\"font-family: Noteworthy; font-size: 20px; font-weight: bold; line-height: 26px; -webkit-tap-highlight-color: rgba(26, 26, 26, 0.296875); -webkit-composition-fill-color: rgba(130, 98, 83, 0.0976563); -webkit-composition-frame-color: rgba(191, 107, 82, 0.496094); \">Durante el acto, el Gobernador Rolando Zapata Bello reconoci\u00f3 el esfuerzo de todos los atletas, instructores y personas que formaron parte de este esquema, el cual promovi\u00f3 en 23 sedes de M\u00e9rida y 24 en el interior del estado, la activaci\u00f3n f\u00edsica y la pr\u00e1ctica del deporte.<\/div>\n<div style=\"font-family: Noteworthy; font-size: 20px; font-weight: bold; line-height: 26px; -webkit-tap-highlight-color: rgba(26, 26, 26, 0.296875); -webkit-composition-fill-color: rgba(130, 98, 83, 0.0976563); -webkit-composition-frame-color: rgba(191, 107, 82, 0.496094); \">\u00abGracias a todos los pap\u00e1s que depositaron lo m\u00e1s sagrado de su vida, con la confianza de que sus hijos participar\u00edan en un programa educativo, cultural y deportivo, el cual por segundo a\u00f1o consecutivo concluy\u00f3 exitosamente e increment\u00f3 la meta con m\u00e1s de 24 mil ni\u00f1os inscritos\u201d, afirm\u00f3 el titular del Ejecutivo, quien estuvo acompa\u00f1ado por la Presidenta del Sistema para el Desarrollo Integral de la Familia (DIF) Yucat\u00e1n, Sarita Blancarte de Zapata.<\/div>\n<div style=\"font-family: Noteworthy; font-size: 20px; font-weight: bold; line-height: 26px; -webkit-tap-highlight-color: rgba(26, 26, 26, 0.296875); -webkit-composition-fill-color: rgba(130, 98, 83, 0.0976563); -webkit-composition-frame-color: rgba(191, 107, 82, 0.496094); \">En este plan participaron los municipios de Progreso y Tekax con dos sedes cada uno, adem\u00e1s de Motul, Hunucm\u00e1, Ticul, Kinchil, Valladolid, Tizim\u00edn, Chochol\u00e1, Temax, Um\u00e1n, Kanas\u00edn, Izamal, Muna, Conkal, Peto, Espita, Teya, Celest\u00fan, Telchac Puerto, Hoct\u00fan y Maxcan\u00fa.<\/div>\n<div style=\"font-family: Noteworthy; font-size: 20px; font-weight: bold; line-height: 26px; -webkit-tap-highlight-color: rgba(26, 26, 26, 0.296875); -webkit-composition-fill-color: rgba(130, 98, 83, 0.0976563); -webkit-composition-frame-color: rgba(191, 107, 82, 0.496094); \">Durante el programa dirigido a ni\u00f1os y ni\u00f1as de 6 a 13 a\u00f1os de edad, se realiz\u00f3 el pasado 2 de agosto una Mini Olimpiada para detectar a futuras promesas del deporte y darles seguimiento hasta incluirlos en esquemas de alto rendimiento. De esta din\u00e1mica resultaron ganadoras las sedes de Progreso con 66 medallas; el estadio \u201cGeneral Salvador Alvarado\u201d, 47 medallas y la Unidad Deportiva \u201cBenito Ju\u00e1rez Garc\u00eda\u201d, 42 medallas, en primer, segundo y tercer lugar, respectivamente.<\/div>\n<div style=\"font-family: Noteworthy; font-size: 20px; font-weight: bold; line-height: 26px; -webkit-tap-highlight-color: rgba(26, 26, 26, 0.296875); -webkit-composition-fill-color: rgba(130, 98, 83, 0.0976563); -webkit-composition-frame-color: rgba(191, 107, 82, 0.496094); \">Al finalizar el acto protocolario, en el que estuvo presente el secretario de Desarrollo Social, Nerio Torres Arcila, los miles de asistentes pudieron disfrutar del encuentro entre \u201cLa parca\u201d, \u201cEl cibern\u00e9tico\u201d y \u201cEl hijo del perro Aguayo\u201d, entre otros famosos, en un evento dise\u00f1ado para toda la familia.<\/div>\n<div style=\"font-family: Noteworthy; font-size: 20px; font-weight: bold; line-height: 26px; -webkit-tap-highlight-color: rgba(26, 26, 26, 0.296875); -webkit-composition-fill-color: rgba(130, 98, 83, 0.0976563); -webkit-composition-frame-color: rgba(191, 107, 82, 0.496094); \">Asistieron al evento el presidente de la junta de Gobierno del Instituto Promotor de Ferias de Yucat\u00e1n, Juan Jos\u00e9 Abraham Achach; el diputado federal Mauricio Sahu\u00ed Rivero, y el director General del Instituto del Deporte del Estado de Yucat\u00e1n (IDEY), Juan Sosa Puerto.<\/p>\n<div class=\"separator\" style=\"clear: both;\"><a href=\"https:\/\/lh3.googleusercontent.com\/-B8VvU2UhDVQ\/U-eDwhh1kLI\/AAAAAAAAiwQ\/O_KYcY09u2k\/s640\/blogger-image-812871303.jpg\" imageanchor=\"1\" style=\"margin-left: 1em; margin-right: 1em;\"><img decoding=\"async\" border=\"0\" src=\"https:\/\/lh3.googleusercontent.com\/-B8VvU2UhDVQ\/U-eDwhh1kLI\/AAAAAAAAiwQ\/O_KYcY09u2k\/s640\/blogger-image-812871303.jpg\"><\/a><\/div>\n<\/div>\n<div><\/div>\n","protected":false},"excerpt":{"rendered":"<p>M\u00e1s de 18 mil ni\u00f1as y ni\u00f1os asistieron con sus padres al evento de clausura del programa Bienestar en Vacaciones, que incluy\u00f3 una emocionante y divertida funci\u00f3n de lucha libre,<\/p>\n","protected":false},"author":1,"featured_media":15597,"comment_status":"open","ping_status":"open","sticky":false,"template":"","format":"standard","meta":{"jetpack_post_was_ever_published":false,"_jetpack_newsletter_access":"","_jetpack_dont_email_post_to_subs":false,"_jetpack_newsletter_tier_id":0,"_jetpack_memberships_contains_paywalled_content":false,"_jetpack_memberships_contains_paid_content":false,"footnotes":"","jetpack_publicize_message":"","jetpack_publicize_feature_enabled":true,"jetpack_social_post_already_shared":false,"jetpack_social_options":{"image_generator_settings":{"template":"highway","default_image_id":0,"font":"","enabled":false},"version":2}},"categories":[17,1],"tags":[],"class_list":["post-2743","post","type-post","status-publish","format-standard","has-post-thumbnail","hentry","category-politica-y-gobierno","category-sin-categoria"],"jetpack_publicize_connections":[],"jetpack_featured_media_url":"https:\/\/formalprision.com\/wp-content\/uploads\/2014\/08\/blogger-image-812871303.jpg","jetpack_sharing_enabled":true,"jetpack_shortlink":"https:\/\/wp.me\/p6id8p-If","_links":{"self":[{"href":"https:\/\/formalprision.com\/index.php?rest_route=\/wp\/v2\/posts\/2743","targetHints":{"allow":["GET"]}}],"collection":[{"href":"https:\/\/formalprision.com\/index.php?rest_route=\/wp\/v2\/posts"}],"about":[{"href":"https:\/\/formalprision.com\/index.php?rest_route=\/wp\/v2\/types\/post"}],"author":[{"embeddable":true,"href":"https:\/\/formalprision.com\/index.php?rest_route=\/wp\/v2\/users\/1"}],"replies":[{"embeddable":true,"href":"https:\/\/formalprision.com\/index.php?rest_route=%2Fwp%2Fv2%2Fcomments&post=2743"}],"version-history":[{"count":0,"href":"https:\/\/formalprision.com\/index.php?rest_route=\/wp\/v2\/posts\/2743\/revisions"}],"wp:featuredmedia":[{"embeddable":true,"href":"https:\/\/formalprision.com\/index.php?rest_route=\/wp\/v2\/media\/15597"}],"wp:attachment":[{"href":"https:\/\/formalprision.com\/index.php?rest_route=%2Fwp%2Fv2%2Fmedia&parent=2743"}],"wp:term":[{"taxonomy":"category","embeddable":true,"href":"https:\/\/formalprision.com\/index.php?rest_route=%2Fwp%2Fv2%2Fcategories&post=2743"},{"taxonomy":"post_tag","embeddable":true,"href":"https:\/\/formalprision.com\/index.php?rest_route=%2Fwp%2Fv2%2Ftags&post=2743"}],"curies":[{"name":"wp","href":"https:\/\/api.w.org\/{rel}","templated":true}]}}