{"id":2745,"date":"2014-08-10T00:25:00","date_gmt":"2014-08-10T00:25:00","guid":{"rendered":"http:\/\/formalprision.info\/2014\/08\/10\/inauguran-periferico-sur-de-valladolid\/"},"modified":"2015-06-03T08:36:17","modified_gmt":"2015-06-03T08:36:17","slug":"inauguran-periferico-sur-de-valladolid","status":"publish","type":"post","link":"https:\/\/formalprision.com\/?p=2745","title":{"rendered":"Inauguran Perif\u00e9rico Sur de Valladolid"},"content":{"rendered":"<div style=\"font-family: Noteworthy; font-size: 20px; font-weight: bold; line-height: 26px; -webkit-tap-highlight-color: rgba(26, 26, 26, 0.296875); -webkit-composition-fill-color: rgba(130, 98, 83, 0.0976563); -webkit-composition-frame-color: rgba(191, 107, 82, 0.496094); \">\n<div>Valladolid, Yucat\u00e1n, 9 de agosto de 2014.- Las actividades tur\u00edsticas, log\u00edsticas y agropecuarias de la regi\u00f3n Oriente de la entidad se potencializar\u00e1n hacia un importante desarrollo econ\u00f3mico con la entrega de los trabajos de construcci\u00f3n del Perif\u00e9rico Sur de Valladolid, obra que representa una inversi\u00f3n hist\u00f3rica de m\u00e1s de 122 millones de pesos y da cumplimiento al compromiso n\u00famero 162 del Gobierno del Estado.<\/div>\n<div>En intensa gira sabatina, el mandatario Rolando Zapata Bello inaugur\u00f3 la nueva infraestructura vial de m\u00e1s de 12 kil\u00f3metros de longitud, con la cual se alcanzan los 65 compromisos concretados de los 227 expresos en la plataforma del Observatorio Ciudadano, que da seguimiento a la realizaci\u00f3n de acciones de esta administraci\u00f3n.<\/div>\n<div>Acompa\u00f1ado de la titular de la Notar\u00eda P\u00fablica n\u00famero 33, Mar\u00eda del Carmen Baltazar Arceo, quien dio fe y certific\u00f3 dicho compromiso, Zapata Bello destac\u00f3 que estos trabajos se hicieron como parte del impulso al despegue econ\u00f3mico de Yucat\u00e1n y la definici\u00f3n de Valladolid como un polo de desarrollo regional en la entidad.<\/div>\n<div>Con la presencia del presidente del Colegio Yucateco de Arquitectos, Jos\u00e9 Peniche Gallareta, el Gobernador se\u00f1al\u00f3 que dicha acci\u00f3n se concibe como la infraestructura adecuada para favorecer el potencial log\u00edstico, la nueva etapa de reindustralizaci\u00f3n y las actividades agropecuarias con perfil de agroindustria que existen en el Oriente del territorio.<\/div>\n<div>Al se\u00f1alar que el Perif\u00e9rico servir\u00e1 de limitaci\u00f3n urbana para lograr un crecimiento ordenado en Valladolid, anunci\u00f3 que en las pr\u00f3ximas semanas, con una inversi\u00f3n cercana a los 65 millones de pesos, iniciar\u00e1 una nueva etapa de rescate del Centro Hist\u00f3rico con trabajos en 17 calles y la iluminaci\u00f3n del barrio de San Bernandino de esta demarcaci\u00f3n.<\/div>\n<div>Al dar detalles de la obra entregada, el titular del Instituto de Infraestructura Carretera de Yucat\u00e1n (Incay), Javier Osante Sol\u00eds, explic\u00f3 que \u00e9sta se construy\u00f3 en dos etapas y que &nbsp;va a completar la circunferencia del Perif\u00e9rico Norte que ya exist\u00eda en la ciudad, por lo que acortar\u00e1 tiempos y distancias a diferentes transportes.<\/div>\n<div>A nombre de los beneficiarios, Arm\u00edn D\u00edaz Alcocer asegur\u00f3 que dicha acci\u00f3n era un sue\u00f1o de los habitantes de Valladolid, ya que acercar\u00e1 m\u00e1s servicios y permitir\u00e1 el arribo de un mayor n\u00famero de visitantes a la ciudad desde cualquiera de los puntos cardinales que rodean a \u00e9sta.<\/div>\n<div>Como parte de la gira, el jefe del Ejecutivo supervis\u00f3 y entreg\u00f3 obras en materia vial y de infraestructura b\u00e1sica que representan una inversi\u00f3n superior 28.6 millones de pesos, las cuales son en beneficio de los habitantes de Kanxoc y de la poblaci\u00f3n en general del municipio.<\/div>\n<div>Con un ejercicio de recursos por m\u00e1s de 2.5 millones de pesos provenientes del Programa para el Desarrollo de Zonas Prioritarias (PDZP), el mandatario cort\u00f3 el list\u00f3n inaugural de la reconstrucci\u00f3n de la ciclopista Chichimil\u00e1-Valladolid, la cual, adem\u00e1s de funcionar como una v\u00eda segura de transporte para trabajadores y estudiantes, servir\u00e1 como espacio de esparcimiento y de pr\u00e1ctica deportiva.<\/div>\n<div>Asimismo, encabez\u00f3 la entrega de la recuperaci\u00f3n y saneamiento de un tiradero a cielo abierto, el cual funcion\u00f3 con esta caracter\u00edstica a lo largo de 28 a\u00f1os. Con la intervenci\u00f3n realizada, cuya inversi\u00f3n fue superior a siete millones de pesos, queda en confinamiento un total de 39 mil 280 toneladas de residuos s\u00f3lidos y se responde a la problem\u00e1tica de contaminaci\u00f3n del aire, suelo y agua, as\u00ed como de la propagaci\u00f3n de enfermedades.<\/div>\n<div>Zapata Bello tambi\u00e9n supervis\u00f3 las labores de ampliaci\u00f3n del sistema de agua potable en la localidad de Kanxoc, que representa una inversi\u00f3n conjunta de m\u00e1s de seis millones de pesos a beneficio de tres mil 126 habitantes. La obra constar\u00e1 de la colocaci\u00f3n de seis mil 436 metros lineales de tuber\u00eda nueva, la perforaci\u00f3n de un pozo y edificaci\u00f3n de un tanque elevado, entre otras acciones.<\/div>\n<div>De la misma manera, el mandatario estatal constat\u00f3 la construcci\u00f3n de la l\u00ednea de red el\u00e9ctrica que va a de la localidad de Kanxoc al poblado de Sidrakin, por m\u00e1s de 11 millones de pesos, con la cual se considera la colocaci\u00f3n de 249 postes, 17 luminarias, 117 tierras f\u00edsicas y tres transformadores, as\u00ed como 17 mil 463 metros lineales de media tensi\u00f3n y 565.70 de baja tensi\u00f3n.<\/div>\n<div>En este contexto, el mandatario anunci\u00f3 la construcci\u00f3n de un kil\u00f3metro de calle en Kanxoc, el cual se sumar\u00e1 a la misma labor que realiza el Ayuntamiento de esta demarcaci\u00f3n.<\/div>\n<div>Por su parte, el alcalde anfitri\u00f3n, Roger Alcocer Garc\u00eda, reconoci\u00f3 que el impulso de las diversas obras, a trav\u00e9s de la coordinaci\u00f3n y suma de esfuerzos de los tres niveles de Gobierno, es el mejor activo que tiene el municipio de Valladolid y el estado de Yucat\u00e1n para lograr el bienestar de la ciudadan\u00eda.<\/div>\n<div>En la gira de trabajo estuvieron presentes el secretario de Desarrollo Urbano y Medio Ambiente, Eduardo Batllori Sampedro; as\u00ed como los delegados de la Secretar\u00edas de Desarrollo Social (Sedesol), Luis Borja Romero; y Medio Ambiente y Recursos Naturales (Semarnat), Jorge Carlos Berl\u00edn Montero; adem\u00e1s del director del Instituto de Desarrollo Regional y Municipal, Juan Jos\u00e9 Canul P\u00e9rez, y el diputado local, Gonzalo Escalante Alcocer. &nbsp;&nbsp;<\/p>\n<div class=\"separator\" style=\"clear: both;\"><a href=\"https:\/\/lh6.googleusercontent.com\/-RqFVL1Olm-M\/U-a74dMOmWI\/AAAAAAAAivw\/_gMWmI-UvmA\/s640\/blogger-image-2138764489.jpg\" imageanchor=\"1\" style=\"margin-left: 1em; margin-right: 1em;\"><img decoding=\"async\" border=\"0\" src=\"https:\/\/lh6.googleusercontent.com\/-RqFVL1Olm-M\/U-a74dMOmWI\/AAAAAAAAivw\/_gMWmI-UvmA\/s640\/blogger-image-2138764489.jpg\"><\/a><\/div>\n<\/div>\n<div><\/div>\n<\/div>\n","protected":false},"excerpt":{"rendered":"<p>Valladolid, Yucat\u00e1n, 9 de agosto de 2014.- Las actividades tur\u00edsticas, log\u00edsticas y agropecuarias de la regi\u00f3n Oriente de la entidad se potencializar\u00e1n hacia un importante desarrollo econ\u00f3mico con la entrega<\/p>\n","protected":false},"author":1,"featured_media":15601,"comment_status":"open","ping_status":"open","sticky":false,"template":"","format":"standard","meta":{"jetpack_post_was_ever_published":false,"_jetpack_newsletter_access":"","_jetpack_dont_email_post_to_subs":false,"_jetpack_newsletter_tier_id":0,"_jetpack_memberships_contains_paywalled_content":false,"_jetpack_memberships_contains_paid_content":false,"footnotes":"","jetpack_publicize_message":"","jetpack_publicize_feature_enabled":true,"jetpack_social_post_already_shared":false,"jetpack_social_options":{"image_generator_settings":{"template":"highway","default_image_id":0,"font":"","enabled":false},"version":2}},"categories":[17,1],"tags":[],"class_list":["post-2745","post","type-post","status-publish","format-standard","has-post-thumbnail","hentry","category-politica-y-gobierno","category-sin-categoria"],"jetpack_publicize_connections":[],"jetpack_featured_media_url":"https:\/\/formalprision.com\/wp-content\/uploads\/2014\/08\/blogger-image-2138764489.jpg","jetpack_sharing_enabled":true,"jetpack_shortlink":"https:\/\/wp.me\/p6id8p-Ih","_links":{"self":[{"href":"https:\/\/formalprision.com\/index.php?rest_route=\/wp\/v2\/posts\/2745","targetHints":{"allow":["GET"]}}],"collection":[{"href":"https:\/\/formalprision.com\/index.php?rest_route=\/wp\/v2\/posts"}],"about":[{"href":"https:\/\/formalprision.com\/index.php?rest_route=\/wp\/v2\/types\/post"}],"author":[{"embeddable":true,"href":"https:\/\/formalprision.com\/index.php?rest_route=\/wp\/v2\/users\/1"}],"replies":[{"embeddable":true,"href":"https:\/\/formalprision.com\/index.php?rest_route=%2Fwp%2Fv2%2Fcomments&post=2745"}],"version-history":[{"count":0,"href":"https:\/\/formalprision.com\/index.php?rest_route=\/wp\/v2\/posts\/2745\/revisions"}],"wp:featuredmedia":[{"embeddable":true,"href":"https:\/\/formalprision.com\/index.php?rest_route=\/wp\/v2\/media\/15601"}],"wp:attachment":[{"href":"https:\/\/formalprision.com\/index.php?rest_route=%2Fwp%2Fv2%2Fmedia&parent=2745"}],"wp:term":[{"taxonomy":"category","embeddable":true,"href":"https:\/\/formalprision.com\/index.php?rest_route=%2Fwp%2Fv2%2Fcategories&post=2745"},{"taxonomy":"post_tag","embeddable":true,"href":"https:\/\/formalprision.com\/index.php?rest_route=%2Fwp%2Fv2%2Ftags&post=2745"}],"curies":[{"name":"wp","href":"https:\/\/api.w.org\/{rel}","templated":true}]}}