{"id":2746,"date":"2014-08-10T00:21:00","date_gmt":"2014-08-10T00:21:00","guid":{"rendered":"http:\/\/formalprision.info\/2014\/08\/10\/fortalecen-servicios-educativos\/"},"modified":"2015-06-03T08:36:17","modified_gmt":"2015-06-03T08:36:17","slug":"fortalecen-servicios-educativos","status":"publish","type":"post","link":"https:\/\/formalprision.com\/?p=2746","title":{"rendered":"Fortalecen servicios educativos, alimentarios y de justicia en\ncomunidades mayas"},"content":{"rendered":"<div style=\"font-family: Noteworthy; font-size: 20px; font-weight: bold; line-height: 26px; -webkit-tap-highlight-color: rgba(26, 26, 26, 0.296875); -webkit-composition-fill-color: rgba(130, 98, 83, 0.0976563); -webkit-composition-frame-color: rgba(191, 107, 82, 0.496094); \">Valladolid, Yucat\u00e1n, 9 de agosto de 2014.- Luego de 20 a\u00f1os, los habitantes de la comisar\u00eda Kanxoc en Valladolid ver\u00e1n cumplido el anhelo de tener un plantel donde se imparta educaci\u00f3n del nivel medio superior para los j\u00f3venes, tras el anuncio del Gobernador Rolando Zapata Bello sobre la creaci\u00f3n de un Telebachillerato Comunitario Intercultural, que abrir\u00e1 sus puertas a partir del pr\u00f3ximo curso escolar.<\/div>\n<div style=\"font-family: Noteworthy; font-size: 20px; font-weight: bold; line-height: 26px; -webkit-tap-highlight-color: rgba(26, 26, 26, 0.296875); -webkit-composition-fill-color: rgba(130, 98, 83, 0.0976563); -webkit-composition-frame-color: rgba(191, 107, 82, 0.496094); \">Durante la conmemoraci\u00f3n del D\u00eda Internacional de los Pueblos Ind\u00edgenas, el mandatario inform\u00f3 que el Telebachillerato se unir\u00e1 a los que ya est\u00e1n en funciones para completar este a\u00f1o m\u00e1s de 100 espacios de este tipo en igual n\u00famero de comunidades, con el objetivo de promover la igualdad de oportunidades para la juventud de Yucat\u00e1n.<\/div>\n<div style=\"font-family: Noteworthy; font-size: 20px; font-weight: bold; line-height: 26px; -webkit-tap-highlight-color: rgba(26, 26, 26, 0.296875); -webkit-composition-fill-color: rgba(130, 98, 83, 0.0976563); -webkit-composition-frame-color: rgba(191, 107, 82, 0.496094); \">Acompa\u00f1ado en el evento por la Presidenta del Sistema para el Desarrollo Integral de la Familia (DIF) estatal, Sarita Blancarte de Zapata, el titular del Poder Ejecutivo tambi\u00e9n entreg\u00f3 constancias a siete jueces representantes de igual cifra de juzgados mayas de Yucat\u00e1n, acci\u00f3n que impulsa el acceso de los habitantes de este grupo originario a los sistemas normativos cercanos a sus usos y costumbres.<\/div>\n<div style=\"font-family: Noteworthy; font-size: 20px; font-weight: bold; line-height: 26px; -webkit-tap-highlight-color: rgba(26, 26, 26, 0.296875); -webkit-composition-fill-color: rgba(130, 98, 83, 0.0976563); -webkit-composition-frame-color: rgba(191, 107, 82, 0.496094); \">\u201cSi algo se respira en Kanxoc es la identidad de la cultura maya y es muy emocionante lo mismo percibirlo de las personas mayores que de los ni\u00f1os, ver que desde la ni\u00f1ez se va forjando el esp\u00edritu de estos ni\u00f1os y ni\u00f1as que ma\u00f1ana ser\u00e1n ciudadanos orgullosos de su identidad y su cultura. Ante todo como autoridades nos compromete a que cumplamos con los ideales de justicia que merece la poblaci\u00f3n maya hoy\u201d, afirm\u00f3.<\/div>\n<div style=\"font-family: Noteworthy; font-size: 20px; font-weight: bold; line-height: 26px; -webkit-tap-highlight-color: rgba(26, 26, 26, 0.296875); -webkit-composition-fill-color: rgba(130, 98, 83, 0.0976563); -webkit-composition-frame-color: rgba(191, 107, 82, 0.496094); \">Puntualiz\u00f3 que la mejor visi\u00f3n en esta materia es la que se tiene en la comunidad, que elige a un representante legitimado por el pueblo para mediar los conflictos y as\u00ed garantizar el darle a cada quien lo que le corresponde, con el fin de que los yucatecos vivan y convivan en armon\u00eda.<\/div>\n<div style=\"font-family: Noteworthy; font-size: 20px; font-weight: bold; line-height: 26px; -webkit-tap-highlight-color: rgba(26, 26, 26, 0.296875); -webkit-composition-fill-color: rgba(130, 98, 83, 0.0976563); -webkit-composition-frame-color: rgba(191, 107, 82, 0.496094); \">Como parte de esta gira sabatina de trabajo, Zapata Bello, junto con el subdirector de Capacitaci\u00f3n en Lenguas Ind\u00edgenas del Instituto Nacional de Lenguas Ind\u00edgenas, Luis Arturo Fuentes G\u00f3mez, escuch\u00f3 las versiones en maya y espa\u00f1ol de la canci\u00f3n \u201cEl tunkul\u201d a cargo del coro infantil U Puksi\u2019ik\u2019al Kanxoc (El Coraz\u00f3n de Kanxoc).<\/div>\n<div style=\"font-family: Noteworthy; font-size: 20px; font-weight: bold; line-height: 26px; -webkit-tap-highlight-color: rgba(26, 26, 26, 0.296875); -webkit-composition-fill-color: rgba(130, 98, 83, 0.0976563); -webkit-composition-frame-color: rgba(191, 107, 82, 0.496094); \">Este grupo pertenece a la Escuela Primaria Estatal Ind\u00edgena \u201cJos\u00e9 Mar\u00eda Iturralde Traconis\u201d, al que el titular del Poder Ejecutivo entreg\u00f3 un reconocimiento por su trabajo en la conservaci\u00f3n y promoci\u00f3n de esta cultura prehisp\u00e1nica.<\/div>\n<div style=\"font-family: Noteworthy; font-size: 20px; font-weight: bold; line-height: 26px; -webkit-tap-highlight-color: rgba(26, 26, 26, 0.296875); -webkit-composition-fill-color: rgba(130, 98, 83, 0.0976563); -webkit-composition-frame-color: rgba(191, 107, 82, 0.496094); \">Acto seguido, otorg\u00f3 constancias a cuatro jueces mayas, dos de Campeche y dos yucatecos, as\u00ed como a magistrados, y simult\u00e1neamente a 18 figuras jur\u00eddicas de este tipo de ambas entidades, acredit\u00e1ndose as\u00ed como autoridades competentes en la impartici\u00f3n de justicia en la lengua originaria.<\/div>\n<div style=\"font-family: Noteworthy; font-size: 20px; font-weight: bold; line-height: 26px; -webkit-tap-highlight-color: rgba(26, 26, 26, 0.296875); -webkit-composition-fill-color: rgba(130, 98, 83, 0.0976563); -webkit-composition-frame-color: rgba(191, 107, 82, 0.496094); \">En su turno al hablar, la directora General del Instituto para el Desarrollo de la Cultura Maya del Estado (Indemaya), Elizabeth Gamboa Sol\u00eds, destac\u00f3 que en el marco del D\u00eda Internacional mencionado se realiza un Encuentro Peninsular de Jueces en Materia Ind\u00edgena.<\/div>\n<div style=\"font-family: Noteworthy; font-size: 20px; font-weight: bold; line-height: 26px; -webkit-tap-highlight-color: rgba(26, 26, 26, 0.296875); -webkit-composition-fill-color: rgba(130, 98, 83, 0.0976563); -webkit-composition-frame-color: rgba(191, 107, 82, 0.496094); \">Explic\u00f3 que con esta reuni\u00f3n se fortalece, mediante el intercambio de experiencias entre las figuras jur\u00eddicas de este tipo de Yucat\u00e1n, Campeche y Quintana Roo, la construcci\u00f3n de un sistema de impartici\u00f3n de justicia maya en la entidad.&nbsp;<\/div>\n<div style=\"font-family: Noteworthy; font-size: 20px; font-weight: bold; line-height: 26px; -webkit-tap-highlight-color: rgba(26, 26, 26, 0.296875); -webkit-composition-fill-color: rgba(130, 98, 83, 0.0976563); -webkit-composition-frame-color: rgba(191, 107, 82, 0.496094); \">Por su parte, el alcalde de Valladolid, Roger Alcocer Garc\u00eda, agradeci\u00f3 el impulso a estas acciones que realiza el Gobierno del Estado, pues gracias a ello las poblaciones ind\u00edgenas cuentan con m\u00e1s y mejores servicios b\u00e1sicos que alcanzan, gradualmente, a un mayor n\u00famero de personas.<\/div>\n<div style=\"font-family: Noteworthy; font-size: 20px; font-weight: bold; line-height: 26px; -webkit-tap-highlight-color: rgba(26, 26, 26, 0.296875); -webkit-composition-fill-color: rgba(130, 98, 83, 0.0976563); -webkit-composition-frame-color: rgba(191, 107, 82, 0.496094); \">Posteriormente, Zapata Bello inaugur\u00f3 un nuevo Espacio de Alimentaci\u00f3n, Encuentro y Desarrollo denominado \u201cEl gran Kanxoc\u201d, que brindar\u00e1 comida variada y saludable a los habitantes de este sitio, en especial, a adultos mayores, ni\u00f1os y personas con discapacidad.<\/div>\n<div style=\"font-family: Noteworthy; font-size: 20px; font-weight: bold; line-height: 26px; -webkit-tap-highlight-color: rgba(26, 26, 26, 0.296875); -webkit-composition-fill-color: rgba(130, 98, 83, 0.0976563); -webkit-composition-frame-color: rgba(191, 107, 82, 0.496094); \">Previo al corte del list\u00f3n inaugural de este Espacio por parte del Gobernador, el director General del DIF estatal, Limber Sosa Lara, inform\u00f3 que este comedor es el n\u00famero 217 que se activa en la entidad. Este sitio en particular cuenta con un huerto propio para sembrar y cosechar alimentos saludables, y atender\u00e1 a cerca de 190 personas de la localidad.<\/div>\n<div style=\"font-family: Noteworthy; font-size: 20px; font-weight: bold; line-height: 26px; -webkit-tap-highlight-color: rgba(26, 26, 26, 0.296875); -webkit-composition-fill-color: rgba(130, 98, 83, 0.0976563); -webkit-composition-frame-color: rgba(191, 107, 82, 0.496094); \">En la gira estuvieron el diputado Gonzalo Escalante Alcocer; el recipiendario del reconocimiento \u201cDiputado Profesor P\u00e1nfilo Novelo Mart\u00edn\u201d, Jos\u00e9 Antonio Cutz Medina; el rector de la Universidad de Oriente, Carlos Eduardo Boj\u00f3rquez Urzaiz; y el representante del Poder Judicial de Campeche, Jos\u00e9 Antonio Cabrera Mis, entre otros. (COMUNICADO)<\/p>\n<div class=\"separator\" style=\"clear: both;\"><a href=\"https:\/\/lh4.googleusercontent.com\/-JAcaC3gC-vg\/U-a7Bww2wyI\/AAAAAAAAivo\/qOd4kaM9QiQ\/s640\/blogger-image-774656039.jpg\" imageanchor=\"1\" style=\"margin-left: 1em; margin-right: 1em;\"><img decoding=\"async\" border=\"0\" src=\"https:\/\/lh4.googleusercontent.com\/-JAcaC3gC-vg\/U-a7Bww2wyI\/AAAAAAAAivo\/qOd4kaM9QiQ\/s640\/blogger-image-774656039.jpg\"><\/a><\/div>\n<\/div>\n","protected":false},"excerpt":{"rendered":"<p>Valladolid, Yucat\u00e1n, 9 de agosto de 2014.- Luego de 20 a\u00f1os, los habitantes de la comisar\u00eda Kanxoc en Valladolid ver\u00e1n cumplido el anhelo de tener un plantel donde se imparta<\/p>\n","protected":false},"author":1,"featured_media":15603,"comment_status":"open","ping_status":"open","sticky":false,"template":"","format":"standard","meta":{"jetpack_post_was_ever_published":false,"_jetpack_newsletter_access":"","_jetpack_dont_email_post_to_subs":false,"_jetpack_newsletter_tier_id":0,"_jetpack_memberships_contains_paywalled_content":false,"_jetpack_memberships_contains_paid_content":false,"footnotes":"","jetpack_publicize_message":"","jetpack_publicize_feature_enabled":true,"jetpack_social_post_already_shared":false,"jetpack_social_options":{"image_generator_settings":{"template":"highway","default_image_id":0,"font":"","enabled":false},"version":2}},"categories":[17,1],"tags":[],"class_list":["post-2746","post","type-post","status-publish","format-standard","has-post-thumbnail","hentry","category-politica-y-gobierno","category-sin-categoria"],"jetpack_publicize_connections":[],"jetpack_featured_media_url":"https:\/\/formalprision.com\/wp-content\/uploads\/2014\/08\/blogger-image-774656039.jpg","jetpack_sharing_enabled":true,"jetpack_shortlink":"https:\/\/wp.me\/p6id8p-Ii","_links":{"self":[{"href":"https:\/\/formalprision.com\/index.php?rest_route=\/wp\/v2\/posts\/2746","targetHints":{"allow":["GET"]}}],"collection":[{"href":"https:\/\/formalprision.com\/index.php?rest_route=\/wp\/v2\/posts"}],"about":[{"href":"https:\/\/formalprision.com\/index.php?rest_route=\/wp\/v2\/types\/post"}],"author":[{"embeddable":true,"href":"https:\/\/formalprision.com\/index.php?rest_route=\/wp\/v2\/users\/1"}],"replies":[{"embeddable":true,"href":"https:\/\/formalprision.com\/index.php?rest_route=%2Fwp%2Fv2%2Fcomments&post=2746"}],"version-history":[{"count":0,"href":"https:\/\/formalprision.com\/index.php?rest_route=\/wp\/v2\/posts\/2746\/revisions"}],"wp:featuredmedia":[{"embeddable":true,"href":"https:\/\/formalprision.com\/index.php?rest_route=\/wp\/v2\/media\/15603"}],"wp:attachment":[{"href":"https:\/\/formalprision.com\/index.php?rest_route=%2Fwp%2Fv2%2Fmedia&parent=2746"}],"wp:term":[{"taxonomy":"category","embeddable":true,"href":"https:\/\/formalprision.com\/index.php?rest_route=%2Fwp%2Fv2%2Fcategories&post=2746"},{"taxonomy":"post_tag","embeddable":true,"href":"https:\/\/formalprision.com\/index.php?rest_route=%2Fwp%2Fv2%2Ftags&post=2746"}],"curies":[{"name":"wp","href":"https:\/\/api.w.org\/{rel}","templated":true}]}}