{"id":2765,"date":"2014-08-07T20:18:00","date_gmt":"2014-08-07T20:18:00","guid":{"rendered":"http:\/\/formalprision.info\/2014\/08\/07\/gobierno-del-estado-favor-de-las\/"},"modified":"2015-06-03T08:36:22","modified_gmt":"2015-06-03T08:36:22","slug":"gobierno-del-estado-favor-de-las","status":"publish","type":"post","link":"https:\/\/formalprision.com\/?p=2765","title":{"rendered":"Gobierno del Estado a favor de las fiestas tradicionale, pero exhorta a\nrespetar Ley de Protecci\u00f3n a la Fauna."},"content":{"rendered":"<div style=\"font-family: Noteworthy; font-size: 20px; font-weight: bold; line-height: 26px; -webkit-tap-highlight-color: rgba(26, 26, 26, 0.296875); -webkit-composition-fill-color: rgba(130, 98, 83, 0.0976563); -webkit-composition-frame-color: rgba(191, 107, 82, 0.496094); \">M\u00e9rida, Yucat\u00e1n, a 07 de agosto de 2014.El Gobierno del Estado est\u00e1 a favor de que contin\u00faen las fiestas tradicionales de cada uno de los municipios de Yucat\u00e1n, para preservar los valores culturales del pueblo yucateco, afirm\u00f3 el director del Instituto de Desarrollo Regional y Municipal (Inderm), Juan Jos\u00e9 Canul P\u00e9rez, en representaci\u00f3n del Gobierno del Estado.<\/div>\n<div style=\"font-family: Noteworthy; font-size: 20px; font-weight: bold; line-height: 26px; -webkit-tap-highlight-color: rgba(26, 26, 26, 0.296875); -webkit-composition-fill-color: rgba(130, 98, 83, 0.0976563); -webkit-composition-frame-color: rgba(191, 107, 82, 0.496094); \">En entrevista realizada al responsable de la coordinaci\u00f3n entre las autoridades estatales y municipales asegur\u00f3 que \u201crespetando la autonom\u00eda de cada municipio el Gobierno del Estado no ha pedido la suspensi\u00f3n de alguna festividad de esta naturaleza\u201d<\/div>\n<div style=\"font-family: Noteworthy; font-size: 20px; font-weight: bold; line-height: 26px; -webkit-tap-highlight-color: rgba(26, 26, 26, 0.296875); -webkit-composition-fill-color: rgba(130, 98, 83, 0.0976563); -webkit-composition-frame-color: rgba(191, 107, 82, 0.496094); \">El exhorto que hace el Gobierno del Estado es para respetar la Ley de Protecci\u00f3n a la Fauna, dijo. Precisamente al abordar este tema a\u00f1adi\u00f3, con respecto al documento entregado este jueves en Palacio de Gobierno por diputados locales del Partido Acci\u00f3n Nacional, que desde d\u00edas anteriores se hizo llegar un oficio a los 106 municipios de la entidad, en el que se exhorta a los ayuntamientos a respetar dicha Ley.<\/div>\n<div style=\"font-family: Noteworthy; font-size: 20px; font-weight: bold; line-height: 26px; -webkit-tap-highlight-color: rgba(26, 26, 26, 0.296875); -webkit-composition-fill-color: rgba(130, 98, 83, 0.0976563); -webkit-composition-frame-color: rgba(191, 107, 82, 0.496094); \">\u201cLe pedimos a los diputados estar m\u00e1s en comunicaci\u00f3n con los alcaldes para estar mejor informados sobre lo que acontece en los municipios\u201d, dijo Canul P\u00e9rez.<\/div>\n<div style=\"font-family: Noteworthy; font-size: 20px; font-weight: bold; line-height: 26px; -webkit-tap-highlight-color: rgba(26, 26, 26, 0.296875); -webkit-composition-fill-color: rgba(130, 98, 83, 0.0976563); -webkit-composition-frame-color: rgba(191, 107, 82, 0.496094); \">El Inderm y la Secretar\u00eda de Desarrollo Urbano y Medio Ambiente (Seduma), desde d\u00edas pasados, han venido trabajando con los presidentes municipales en conjunto para cumplir la Ley y su reglamentaci\u00f3n, finaliz\u00f3. (Comunicado)<\/p>\n<div class=\"separator\" style=\"clear: both;\"><a href=\"https:\/\/lh6.googleusercontent.com\/-1aBLbZ7YpyY\/U-PfHhP8zWI\/AAAAAAAAirU\/uC6Y10v1ahA\/s640\/blogger-image-763923179.jpg\" imageanchor=\"1\" style=\"margin-left: 1em; margin-right: 1em;\"><img decoding=\"async\" border=\"0\" src=\"https:\/\/lh6.googleusercontent.com\/-1aBLbZ7YpyY\/U-PfHhP8zWI\/AAAAAAAAirU\/uC6Y10v1ahA\/s640\/blogger-image-763923179.jpg\"><\/a><\/div>\n<\/div>\n","protected":false},"excerpt":{"rendered":"<p>M\u00e9rida, Yucat\u00e1n, a 07 de agosto de 2014.El Gobierno del Estado est\u00e1 a favor de que contin\u00faen las fiestas tradicionales de cada uno de los municipios de Yucat\u00e1n, para preservar<\/p>\n","protected":false},"author":1,"featured_media":15641,"comment_status":"open","ping_status":"open","sticky":false,"template":"","format":"standard","meta":{"jetpack_post_was_ever_published":false,"_jetpack_newsletter_access":"","_jetpack_dont_email_post_to_subs":false,"_jetpack_newsletter_tier_id":0,"_jetpack_memberships_contains_paywalled_content":false,"_jetpack_memberships_contains_paid_content":false,"footnotes":"","jetpack_publicize_message":"","jetpack_publicize_feature_enabled":true,"jetpack_social_post_already_shared":false,"jetpack_social_options":{"image_generator_settings":{"template":"highway","default_image_id":0,"font":"","enabled":false},"version":2}},"categories":[17,3,1],"tags":[],"class_list":["post-2765","post","type-post","status-publish","format-standard","has-post-thumbnail","hentry","category-politica-y-gobierno","category-portada","category-sin-categoria"],"jetpack_publicize_connections":[],"jetpack_featured_media_url":"https:\/\/formalprision.com\/wp-content\/uploads\/2014\/08\/blogger-image-763923179.jpg","jetpack_sharing_enabled":true,"jetpack_shortlink":"https:\/\/wp.me\/p6id8p-IB","_links":{"self":[{"href":"https:\/\/formalprision.com\/index.php?rest_route=\/wp\/v2\/posts\/2765","targetHints":{"allow":["GET"]}}],"collection":[{"href":"https:\/\/formalprision.com\/index.php?rest_route=\/wp\/v2\/posts"}],"about":[{"href":"https:\/\/formalprision.com\/index.php?rest_route=\/wp\/v2\/types\/post"}],"author":[{"embeddable":true,"href":"https:\/\/formalprision.com\/index.php?rest_route=\/wp\/v2\/users\/1"}],"replies":[{"embeddable":true,"href":"https:\/\/formalprision.com\/index.php?rest_route=%2Fwp%2Fv2%2Fcomments&post=2765"}],"version-history":[{"count":0,"href":"https:\/\/formalprision.com\/index.php?rest_route=\/wp\/v2\/posts\/2765\/revisions"}],"wp:featuredmedia":[{"embeddable":true,"href":"https:\/\/formalprision.com\/index.php?rest_route=\/wp\/v2\/media\/15641"}],"wp:attachment":[{"href":"https:\/\/formalprision.com\/index.php?rest_route=%2Fwp%2Fv2%2Fmedia&parent=2765"}],"wp:term":[{"taxonomy":"category","embeddable":true,"href":"https:\/\/formalprision.com\/index.php?rest_route=%2Fwp%2Fv2%2Fcategories&post=2765"},{"taxonomy":"post_tag","embeddable":true,"href":"https:\/\/formalprision.com\/index.php?rest_route=%2Fwp%2Fv2%2Ftags&post=2765"}],"curies":[{"name":"wp","href":"https:\/\/api.w.org\/{rel}","templated":true}]}}