{"id":2766,"date":"2014-08-07T20:10:00","date_gmt":"2014-08-07T20:10:00","guid":{"rendered":"http:\/\/formalprision.info\/2014\/08\/07\/defensores-publicos-participan-en-un\/"},"modified":"2015-06-03T08:36:23","modified_gmt":"2015-06-03T08:36:23","slug":"defensores-publicos-participan-en-un","status":"publish","type":"post","link":"https:\/\/formalprision.com\/?p=2766","title":{"rendered":"Defensores p\u00fablicos participan en un curso avanzado de 60 horas."},"content":{"rendered":"<div style=\"font-family: Noteworthy; font-size: 20px; font-weight: bold; line-height: 26px; -webkit-tap-highlight-color: rgba(26, 26, 26, 0.296875); -webkit-composition-fill-color: rgba(130, 98, 83, 0.0976563); -webkit-composition-frame-color: rgba(191, 107, 82, 0.496094); \">M\u00e9rida, Yucat\u00e1n, 7 de agosto de 2014.- Con el objetivo que se brinde una asesor\u00eda legal de calidad a los yucatecos, el Gobierno del Estado inaugur\u00f3 este d\u00eda un curso avanzado sobre el nuevo Sistema de Justicia Penal para defensores p\u00fablicos.<\/div>\n<div style=\"font-family: Noteworthy; font-size: 20px; font-weight: bold; line-height: 26px; -webkit-tap-highlight-color: rgba(26, 26, 26, 0.296875); -webkit-composition-fill-color: rgba(130, 98, 83, 0.0976563); -webkit-composition-frame-color: rgba(191, 107, 82, 0.496094); \">En la sala de juntas de la Consejer\u00eda Jur\u00eddica, la titular del Instituto de Defensa P\u00fablica del Estado, Ana Gabriela Aguilar Ruiz, inform\u00f3 que la capacitaci\u00f3n continua es fundamental para proporcionar una mejor procuraci\u00f3n de justicia en la entidad. &nbsp;<\/div>\n<div style=\"font-family: Noteworthy; font-size: 20px; font-weight: bold; line-height: 26px; -webkit-tap-highlight-color: rgba(26, 26, 26, 0.296875); -webkit-composition-fill-color: rgba(130, 98, 83, 0.0976563); -webkit-composition-frame-color: rgba(191, 107, 82, 0.496094); \">En la capacitaci\u00f3n de 60 horas de duraci\u00f3n, participan 50 profesionales del \u00e1rea de los distritos de Tekax, Ticul, Um\u00e1n, Kanas\u00edn, M\u00e9rida y Progreso, as\u00ed como los adscritos a la Fiscal\u00eda General del Estado (FGE).<\/div>\n<div style=\"font-family: Noteworthy; font-size: 20px; font-weight: bold; line-height: 26px; -webkit-tap-highlight-color: rgba(26, 26, 26, 0.296875); -webkit-composition-fill-color: rgba(130, 98, 83, 0.0976563); -webkit-composition-frame-color: rgba(191, 107, 82, 0.496094); \">\u201cSe pretende que el curso culmine la primera semana de septiembre y durante tres d\u00edas a la semana se aborden temas respectivos a las etapas del nuevo Sistema de Justicia Penal Acusatorio y Oral, desde el inicio de la investigaci\u00f3n, audiencias del control de detenci\u00f3n, la preparaci\u00f3n para el juicio oral, hasta la sentencia del juicio\u201d, asegur\u00f3.<\/div>\n<div style=\"font-family: Noteworthy; font-size: 20px; font-weight: bold; line-height: 26px; -webkit-tap-highlight-color: rgba(26, 26, 26, 0.296875); -webkit-composition-fill-color: rgba(130, 98, 83, 0.0976563); -webkit-composition-frame-color: rgba(191, 107, 82, 0.496094); \">La funcionaria refiri\u00f3 que personal especializado de la Secretar\u00eda T\u00e9cnica del Consejo de Coordinaci\u00f3n para la Implementaci\u00f3n del Sistema de Justicia Penal (Setec), compuesto por Iv\u00e1n Zavala Cach\u00f3n y el juez de Control de Kanas\u00edn, Edwin Mugarte Guerrero, ser\u00e1 el encargado de explicar y difundir los temas penales y el desarrollo de habilidades de los defensores, as\u00ed como aplicar la evaluaci\u00f3n de los conocimientos adquiridos.<\/p>\n<div class=\"separator\" style=\"clear: both;\"><a href=\"https:\/\/lh3.googleusercontent.com\/-TIrmLuz2Crk\/U-PdNofp_TI\/AAAAAAAAirI\/UD-poHBLXQk\/s640\/blogger-image--90905951.jpg\" imageanchor=\"1\" style=\"margin-left: 1em; margin-right: 1em;\"><img decoding=\"async\" border=\"0\" src=\"https:\/\/lh3.googleusercontent.com\/-TIrmLuz2Crk\/U-PdNofp_TI\/AAAAAAAAirI\/UD-poHBLXQk\/s640\/blogger-image--90905951.jpg\"><\/a><\/div>\n<\/div>\n","protected":false},"excerpt":{"rendered":"<p>M\u00e9rida, Yucat\u00e1n, 7 de agosto de 2014.- Con el objetivo que se brinde una asesor\u00eda legal de calidad a los yucatecos, el Gobierno del Estado inaugur\u00f3 este d\u00eda un curso<\/p>\n","protected":false},"author":1,"featured_media":15643,"comment_status":"open","ping_status":"open","sticky":false,"template":"","format":"standard","meta":{"jetpack_post_was_ever_published":false,"_jetpack_newsletter_access":"","_jetpack_dont_email_post_to_subs":false,"_jetpack_newsletter_tier_id":0,"_jetpack_memberships_contains_paywalled_content":false,"_jetpack_memberships_contains_paid_content":false,"footnotes":"","jetpack_publicize_message":"","jetpack_publicize_feature_enabled":true,"jetpack_social_post_already_shared":false,"jetpack_social_options":{"image_generator_settings":{"template":"highway","default_image_id":0,"font":"","enabled":false},"version":2}},"categories":[17,1],"tags":[],"class_list":["post-2766","post","type-post","status-publish","format-standard","has-post-thumbnail","hentry","category-politica-y-gobierno","category-sin-categoria"],"jetpack_publicize_connections":[],"jetpack_featured_media_url":"https:\/\/formalprision.com\/wp-content\/uploads\/2014\/08\/blogger-image-90905951.jpg","jetpack_sharing_enabled":true,"jetpack_shortlink":"https:\/\/wp.me\/p6id8p-IC","_links":{"self":[{"href":"https:\/\/formalprision.com\/index.php?rest_route=\/wp\/v2\/posts\/2766","targetHints":{"allow":["GET"]}}],"collection":[{"href":"https:\/\/formalprision.com\/index.php?rest_route=\/wp\/v2\/posts"}],"about":[{"href":"https:\/\/formalprision.com\/index.php?rest_route=\/wp\/v2\/types\/post"}],"author":[{"embeddable":true,"href":"https:\/\/formalprision.com\/index.php?rest_route=\/wp\/v2\/users\/1"}],"replies":[{"embeddable":true,"href":"https:\/\/formalprision.com\/index.php?rest_route=%2Fwp%2Fv2%2Fcomments&post=2766"}],"version-history":[{"count":0,"href":"https:\/\/formalprision.com\/index.php?rest_route=\/wp\/v2\/posts\/2766\/revisions"}],"wp:featuredmedia":[{"embeddable":true,"href":"https:\/\/formalprision.com\/index.php?rest_route=\/wp\/v2\/media\/15643"}],"wp:attachment":[{"href":"https:\/\/formalprision.com\/index.php?rest_route=%2Fwp%2Fv2%2Fmedia&parent=2766"}],"wp:term":[{"taxonomy":"category","embeddable":true,"href":"https:\/\/formalprision.com\/index.php?rest_route=%2Fwp%2Fv2%2Fcategories&post=2766"},{"taxonomy":"post_tag","embeddable":true,"href":"https:\/\/formalprision.com\/index.php?rest_route=%2Fwp%2Fv2%2Ftags&post=2766"}],"curies":[{"name":"wp","href":"https:\/\/api.w.org\/{rel}","templated":true}]}}