{"id":2772,"date":"2014-08-06T22:15:00","date_gmt":"2014-08-06T22:15:00","guid":{"rendered":"http:\/\/formalprision.info\/2014\/08\/06\/rolando-zapata-entrega-estimulos\/"},"modified":"2015-06-03T08:36:24","modified_gmt":"2015-06-03T08:36:24","slug":"rolando-zapata-entrega-estimulos","status":"publish","type":"post","link":"https:\/\/formalprision.com\/?p=2772","title":{"rendered":"Rolando Zapata entrega est\u00edmulos econ\u00f3micos y ma\u00edz criollo mejorado."},"content":{"rendered":"<div style=\"font-family: Noteworthy; font-size: 20px; font-weight: bold; line-height: 26px; -webkit-tap-highlight-color: rgba(26, 26, 26, 0.296875); -webkit-composition-fill-color: rgba(130, 98, 83, 0.0976563); -webkit-composition-frame-color: rgba(191, 107, 82, 0.496094); \">Huh\u00ed, Yucat\u00e1n, 6 de agosto de 2014.- El programa de Est\u00edmulos Econ\u00f3micos para Productores Henequeneros del Gobierno estatal ya entreg\u00f3 recursos superiores a los 7.8 millones de pesos a favor de tres mil 500 beneficiarios, lo que ha incentivado la generaci\u00f3n de m\u00e1s de siete mil 857 toneladas de fibra de henequ\u00e9n.&nbsp;<\/div>\n<div style=\"font-family: Noteworthy; font-size: 20px; font-weight: bold; line-height: 26px; -webkit-tap-highlight-color: rgba(26, 26, 26, 0.296875); -webkit-composition-fill-color: rgba(130, 98, 83, 0.0976563); -webkit-composition-frame-color: rgba(191, 107, 82, 0.496094); \">Como parte de este apoyo, el mandatario Rolando Zapata Bello, acompa\u00f1ado del director del Instituto Nacional de Investigaciones Forestales, Agr\u00edcolas y Pecuarias (Inifap), Pedro Brajcich Gallegos, encabez\u00f3 la distribuci\u00f3n de m\u00e1s de estos est\u00edmulos econ\u00f3micos a hombres del campo de 37 municipios.<\/div>\n<div style=\"font-family: Noteworthy; font-size: 20px; font-weight: bold; line-height: 26px; -webkit-tap-highlight-color: rgba(26, 26, 26, 0.296875); -webkit-composition-fill-color: rgba(130, 98, 83, 0.0976563); -webkit-composition-frame-color: rgba(191, 107, 82, 0.496094); \">Asimismo, entreg\u00f3 semillas de ma\u00edz criollo mejorado, apoyo que desde el inicio de la administraci\u00f3n ya benefici\u00f3 a dos mil 190 productores con 21 mil 900 kilogramos de esta especie, para la siembra de mil 462.5 hect\u00e1reas. &nbsp;<\/div>\n<div style=\"font-family: Noteworthy; font-size: 20px; font-weight: bold; line-height: 26px; -webkit-tap-highlight-color: rgba(26, 26, 26, 0.296875); -webkit-composition-fill-color: rgba(130, 98, 83, 0.0976563); -webkit-composition-frame-color: rgba(191, 107, 82, 0.496094); \">Al dirigir un mensaje en la cancha de usos m\u00faltiples de esta cabecera municipal, el titular del Poder Ejecutivo destac\u00f3 que lo m\u00e1s importante para la econom\u00eda familiar es que las actividades productivas est\u00e9n fuertes y mejoren con el tiempo, por lo que instruy\u00f3 a la Secretar\u00eda Desarrollo Rural (Seder) a pagar en septiembre pr\u00f3ximo los apoyos de fomento a la nueva siembra y mantenimiento de henequ\u00e9n. &nbsp;<\/div>\n<div style=\"font-family: Noteworthy; font-size: 20px; font-weight: bold; line-height: 26px; -webkit-tap-highlight-color: rgba(26, 26, 26, 0.296875); -webkit-composition-fill-color: rgba(130, 98, 83, 0.0976563); -webkit-composition-frame-color: rgba(191, 107, 82, 0.496094); \">Ante beneficiarios, as\u00ed como autoridades estatales, federales y municipales, Zapata Bello se\u00f1al\u00f3 que la semilla entregada es el fruto de una investigaci\u00f3n que presenta caracter\u00edsticas de la regi\u00f3n, lo que permite que el ma\u00edz se d\u00e9 en mayor cantidad y calidad para el autoconsumo y la comercializaci\u00f3n.<\/div>\n<div style=\"font-family: Noteworthy; font-size: 20px; font-weight: bold; line-height: 26px; -webkit-tap-highlight-color: rgba(26, 26, 26, 0.296875); -webkit-composition-fill-color: rgba(130, 98, 83, 0.0976563); -webkit-composition-frame-color: rgba(191, 107, 82, 0.496094); \">\u201cReconozco el trabajo que a diario realizan los productores yucatecos para ampliar las superficies sembradas del henequ\u00e9n, limpiar los terrenos, parcelas y garantizar que vaya incrementando la producci\u00f3n en el estado, porque eso demuestra que todos juntos estamos haciendo la parte que nos corresponde\u201d, afirm\u00f3 el mandatario.<\/div>\n<div style=\"font-family: Noteworthy; font-size: 20px; font-weight: bold; line-height: 26px; -webkit-tap-highlight-color: rgba(26, 26, 26, 0.296875); -webkit-composition-fill-color: rgba(130, 98, 83, 0.0976563); -webkit-composition-frame-color: rgba(191, 107, 82, 0.496094); \">Al hacer uso de la palabra, Brajcich Gallegos coment\u00f3 que el Instituto a su cargo cuenta con una plantilla de investigadores que trabaja a favor del campo mexicano para que exista una capacidad de cosecha exitosa, rentable y que genere beneficios econ\u00f3micos a quienes se desempe\u00f1an en este rubro y sus familias.<\/div>\n<div style=\"font-family: Noteworthy; font-size: 20px; font-weight: bold; line-height: 26px; -webkit-tap-highlight-color: rgba(26, 26, 26, 0.296875); -webkit-composition-fill-color: rgba(130, 98, 83, 0.0976563); -webkit-composition-frame-color: rgba(191, 107, 82, 0.496094); \">En este sentido, a\u00f1adi\u00f3 que el trabajo con la semilla mejorada lleva m\u00e1s de nueve a\u00f1os y que en el caso particular de Yucat\u00e1n, \u00e9sta es resultado de la cruza de variedades criollas recolectadas en todo el territorio con materiales modernos para hacerla m\u00e1s tolerante a las plagas y sequ\u00edas, adem\u00e1s de presentar caracter\u00edsticas nutritivas para el consumo humano y pecuario.&nbsp;<\/div>\n<div style=\"font-family: Noteworthy; font-size: 20px; font-weight: bold; line-height: 26px; -webkit-tap-highlight-color: rgba(26, 26, 26, 0.296875); -webkit-composition-fill-color: rgba(130, 98, 83, 0.0976563); -webkit-composition-frame-color: rgba(191, 107, 82, 0.496094); \">Al dar detalles de los apoyos entregados en el evento, el titular de la Seder, Felipe Cervera Hern\u00e1ndez, explic\u00f3 que se adjudicaron recursos por m\u00e1s de un mill\u00f3n de pesos a 858 productores de henequ\u00e9n de 37 municipios. Record\u00f3 que este apoyo &nbsp;se da a raz\u00f3n de un peso por kilogramo de fibra obtenida de las hojas entregadas a la desfibradora en abril y mayo. &nbsp;<\/div>\n<div style=\"font-family: Noteworthy; font-size: 20px; font-weight: bold; line-height: 26px; -webkit-tap-highlight-color: rgba(26, 26, 26, 0.296875); -webkit-composition-fill-color: rgba(130, 98, 83, 0.0976563); -webkit-composition-frame-color: rgba(191, 107, 82, 0.496094); \">Asimismio, indic\u00f3 que se distribuyeron cinco mil 500 kilogramos de ma\u00edz mejorado de la clase Chich\u00e9n Itz\u00e1 y Sac-b\u00e9 para la siembra de 369.5 hect\u00e1reas en beneficio de 550 productores de 18 municipios.<\/div>\n<div style=\"font-family: Noteworthy; font-size: 20px; font-weight: bold; line-height: 26px; -webkit-tap-highlight-color: rgba(26, 26, 26, 0.296875); -webkit-composition-fill-color: rgba(130, 98, 83, 0.0976563); -webkit-composition-frame-color: rgba(191, 107, 82, 0.496094); \">Los beneficiarios de ambos apoyos son originarios de Acanceh, Baca, Bokob\u00e1, Cacalch\u00e9n, Cansahcab, Chicxulub Pueblo, Cuzam\u00e1, Dzemul, Dzidzant\u00fan, Hocab\u00e1, Hoct\u00fan, Huh\u00ed, Hunucm\u00e1, Izamal, Ixil, Kinchil, Mococh\u00e1, Motul, Muxupip, Sanahcat, Sey\u00e9, Sinanch\u00e9, Suma de Hidalgo, Tahmek, Tecoh, Tekal de Venegas, Tekant\u00f3, Telchac Pueblo, Temax, Tepak\u00e1n, Tetiz, Teya, Tixkokob, Tixp\u00e9ual, Xocchel, Yaxkukul y Yoba\u00edn.<\/div>\n<div style=\"font-family: Noteworthy; font-size: 20px; font-weight: bold; line-height: 26px; -webkit-tap-highlight-color: rgba(26, 26, 26, 0.296875); -webkit-composition-fill-color: rgba(130, 98, 83, 0.0976563); -webkit-composition-frame-color: rgba(191, 107, 82, 0.496094); \">Al evento asistieron el alcalde anfitri\u00f3n, Roger Ben\u00edtez Esp\u00ednola, y los directores de los Institutos de Desarrollo Regional y Municipal (Inderm), Juan Jos\u00e9 Canul P\u00e9rez; y del Regional del Centro de Investigaci\u00f3n Sureste del Inifap, Jos\u00e9 Ver\u00e1stegui Ch\u00e1vez.<\/div>\n<div style=\"font-family: Noteworthy; font-size: 20px; font-weight: bold; line-height: 26px; -webkit-tap-highlight-color: rgba(26, 26, 26, 0.296875); -webkit-composition-fill-color: rgba(130, 98, 83, 0.0976563); -webkit-composition-frame-color: rgba(191, 107, 82, 0.496094); \">Tambi\u00e9n, los diputados locales Dafne L\u00f3pez Mart\u00ednez, Jos\u00e9 Castillo Ruz, Ernesto Mart\u00ednez Ordaz, Leandra Moguel Lizama y Elsy Sarabia Cruz, adem\u00e1s del representante no gubernamental del Sistema Producto Henequ\u00e9n, Alejandro Aguilar Ortega.(comunicado)<\/p>\n<div class=\"separator\" style=\"clear: both;\"><a href=\"https:\/\/lh6.googleusercontent.com\/-Sz-cnZdg2to\/U-Ko_MO_UnI\/AAAAAAAAips\/zeTDzegynZE\/s640\/blogger-image--1188721352.jpg\" imageanchor=\"1\" style=\"margin-left: 1em; margin-right: 1em;\"><img decoding=\"async\" border=\"0\" src=\"https:\/\/lh6.googleusercontent.com\/-Sz-cnZdg2to\/U-Ko_MO_UnI\/AAAAAAAAips\/zeTDzegynZE\/s640\/blogger-image--1188721352.jpg\"><\/a><\/div>\n<\/div>\n","protected":false},"excerpt":{"rendered":"<p>Huh\u00ed, Yucat\u00e1n, 6 de agosto de 2014.- El programa de Est\u00edmulos Econ\u00f3micos para Productores Henequeneros del Gobierno estatal ya entreg\u00f3 recursos superiores a los 7.8 millones de pesos a favor<\/p>\n","protected":false},"author":1,"featured_media":15655,"comment_status":"open","ping_status":"open","sticky":false,"template":"","format":"standard","meta":{"jetpack_post_was_ever_published":false,"_jetpack_newsletter_access":"","_jetpack_dont_email_post_to_subs":false,"_jetpack_newsletter_tier_id":0,"_jetpack_memberships_contains_paywalled_content":false,"_jetpack_memberships_contains_paid_content":false,"footnotes":"","jetpack_publicize_message":"","jetpack_publicize_feature_enabled":true,"jetpack_social_post_already_shared":false,"jetpack_social_options":{"image_generator_settings":{"template":"highway","default_image_id":0,"font":"","enabled":false},"version":2}},"categories":[17,1],"tags":[],"class_list":["post-2772","post","type-post","status-publish","format-standard","has-post-thumbnail","hentry","category-politica-y-gobierno","category-sin-categoria"],"jetpack_publicize_connections":[],"jetpack_featured_media_url":"https:\/\/formalprision.com\/wp-content\/uploads\/2014\/08\/blogger-image-1188721352.jpg","jetpack_sharing_enabled":true,"jetpack_shortlink":"https:\/\/wp.me\/p6id8p-II","_links":{"self":[{"href":"https:\/\/formalprision.com\/index.php?rest_route=\/wp\/v2\/posts\/2772","targetHints":{"allow":["GET"]}}],"collection":[{"href":"https:\/\/formalprision.com\/index.php?rest_route=\/wp\/v2\/posts"}],"about":[{"href":"https:\/\/formalprision.com\/index.php?rest_route=\/wp\/v2\/types\/post"}],"author":[{"embeddable":true,"href":"https:\/\/formalprision.com\/index.php?rest_route=\/wp\/v2\/users\/1"}],"replies":[{"embeddable":true,"href":"https:\/\/formalprision.com\/index.php?rest_route=%2Fwp%2Fv2%2Fcomments&post=2772"}],"version-history":[{"count":0,"href":"https:\/\/formalprision.com\/index.php?rest_route=\/wp\/v2\/posts\/2772\/revisions"}],"wp:featuredmedia":[{"embeddable":true,"href":"https:\/\/formalprision.com\/index.php?rest_route=\/wp\/v2\/media\/15655"}],"wp:attachment":[{"href":"https:\/\/formalprision.com\/index.php?rest_route=%2Fwp%2Fv2%2Fmedia&parent=2772"}],"wp:term":[{"taxonomy":"category","embeddable":true,"href":"https:\/\/formalprision.com\/index.php?rest_route=%2Fwp%2Fv2%2Fcategories&post=2772"},{"taxonomy":"post_tag","embeddable":true,"href":"https:\/\/formalprision.com\/index.php?rest_route=%2Fwp%2Fv2%2Ftags&post=2772"}],"curies":[{"name":"wp","href":"https:\/\/api.w.org\/{rel}","templated":true}]}}