{"id":2773,"date":"2014-08-06T22:11:00","date_gmt":"2014-08-06T22:11:00","guid":{"rendered":"http:\/\/formalprision.info\/2014\/08\/06\/yucatan-sede-de-la-expo-internaciona\/"},"modified":"2015-06-03T08:36:24","modified_gmt":"2015-06-03T08:36:24","slug":"yucatan-sede-de-la-expo-internaciona","status":"publish","type":"post","link":"https:\/\/formalprision.com\/?p=2773","title":{"rendered":"Yucat\u00e1n, sede de la Expo Internacional de Productos no Tradicionales"},"content":{"rendered":"<div style=\"font-family: Noteworthy; font-size: 20px; font-weight: bold; line-height: 26px; -webkit-tap-highlight-color: rgba(26, 26, 26, 0.296875); -webkit-composition-fill-color: rgba(130, 98, 83, 0.0976563); -webkit-composition-frame-color: rgba(191, 107, 82, 0.496094); \">M\u00e9rida, Yucat\u00e1n, 6 de agosto de 2014.- A fin de promover en el pa\u00eds y el extranjero lo que se realiza en Yucat\u00e1n y M\u00e9xico, y al mismo tiempo crear oportunidades de negocios para peque\u00f1os empresarios, organizaciones y compa\u00f1\u00edas relacionadas con el &nbsp;campo mexicano, se realizar\u00e1 en la entidad del 19 al 21 de agosto, la 18\u00aa edici\u00f3n de la Expo Internacional de Productos no Tradicionales. &nbsp;<\/div>\n<div style=\"font-family: Noteworthy; font-size: 20px; font-weight: bold; line-height: 26px; -webkit-tap-highlight-color: rgba(26, 26, 26, 0.296875); -webkit-composition-fill-color: rgba(130, 98, 83, 0.0976563); -webkit-composition-frame-color: rgba(191, 107, 82, 0.496094); \">El Gobernador Rolando Zapata Bello se reuni\u00f3 con el Comit\u00e9 Organizador del evento, cuyos integrantes detallaron que participar\u00e1n 40 emprendedores locales y cerca de 270 de todo el pa\u00eds, adem\u00e1s de negocios pertenecientes a la Red Nacional de Desarrollo Rural Sustentable (Rendrus).<\/div>\n<div style=\"font-family: Noteworthy; font-size: 20px; font-weight: bold; line-height: 26px; -webkit-tap-highlight-color: rgba(26, 26, 26, 0.296875); -webkit-composition-fill-color: rgba(130, 98, 83, 0.0976563); -webkit-composition-frame-color: rgba(191, 107, 82, 0.496094); \">Ante el secretario de Desarrollo Rural del Estado, Felipe Cervera Hern\u00e1ndez, se explic\u00f3 que en dicho encuentro se establecer\u00e1 un Centro de Negocios para vincular a los expositores de las 32 entidades federativas con empresas compradoras de Estados Unidos y Canad\u00e1, as\u00ed como de Asia y Latinoam\u00e9rica.<\/div>\n<div style=\"font-family: Noteworthy; font-size: 20px; font-weight: bold; line-height: 26px; -webkit-tap-highlight-color: rgba(26, 26, 26, 0.296875); -webkit-composition-fill-color: rgba(130, 98, 83, 0.0976563); -webkit-composition-frame-color: rgba(191, 107, 82, 0.496094); \">En M\u00e9xico se han identificado m\u00e1s de 180 productos no tradicionales; entre los m\u00e1s importantes se encuentran guan\u00e1bana, guayaba, maracuy\u00e1, higo, frambuesa, zarzamora, rambut\u00e1n, tamarindo, nuez de castilla, macadamia, henequ\u00e9n, achiote, pejelagarto, venado cola blanca, em\u00fa, avestruz, cocodrilo y rana, entre otros.<\/p>\n<div class=\"separator\" style=\"clear: both;\"><a href=\"https:\/\/lh3.googleusercontent.com\/-4Qzz-1ulRxo\/U-KoIk_O4JI\/AAAAAAAAipg\/mNMqwhe4I7I\/s640\/blogger-image-1279041414.jpg\" imageanchor=\"1\" style=\"margin-left: 1em; margin-right: 1em;\"><img decoding=\"async\" border=\"0\" src=\"https:\/\/lh3.googleusercontent.com\/-4Qzz-1ulRxo\/U-KoIk_O4JI\/AAAAAAAAipg\/mNMqwhe4I7I\/s640\/blogger-image-1279041414.jpg\"><\/a><\/div>\n<\/div>\n","protected":false},"excerpt":{"rendered":"<p>M\u00e9rida, Yucat\u00e1n, 6 de agosto de 2014.- A fin de promover en el pa\u00eds y el extranjero lo que se realiza en Yucat\u00e1n y M\u00e9xico, y al mismo tiempo crear<\/p>\n","protected":false},"author":1,"featured_media":15657,"comment_status":"open","ping_status":"open","sticky":false,"template":"","format":"standard","meta":{"jetpack_post_was_ever_published":false,"_jetpack_newsletter_access":"","_jetpack_dont_email_post_to_subs":false,"_jetpack_newsletter_tier_id":0,"_jetpack_memberships_contains_paywalled_content":false,"_jetpack_memberships_contains_paid_content":false,"footnotes":"","jetpack_publicize_message":"","jetpack_publicize_feature_enabled":true,"jetpack_social_post_already_shared":false,"jetpack_social_options":{"image_generator_settings":{"template":"highway","default_image_id":0,"font":"","enabled":false},"version":2}},"categories":[17,1],"tags":[],"class_list":["post-2773","post","type-post","status-publish","format-standard","has-post-thumbnail","hentry","category-politica-y-gobierno","category-sin-categoria"],"jetpack_publicize_connections":[],"jetpack_featured_media_url":"https:\/\/formalprision.com\/wp-content\/uploads\/2014\/08\/blogger-image-1279041414.jpg","jetpack_sharing_enabled":true,"jetpack_shortlink":"https:\/\/wp.me\/p6id8p-IJ","_links":{"self":[{"href":"https:\/\/formalprision.com\/index.php?rest_route=\/wp\/v2\/posts\/2773","targetHints":{"allow":["GET"]}}],"collection":[{"href":"https:\/\/formalprision.com\/index.php?rest_route=\/wp\/v2\/posts"}],"about":[{"href":"https:\/\/formalprision.com\/index.php?rest_route=\/wp\/v2\/types\/post"}],"author":[{"embeddable":true,"href":"https:\/\/formalprision.com\/index.php?rest_route=\/wp\/v2\/users\/1"}],"replies":[{"embeddable":true,"href":"https:\/\/formalprision.com\/index.php?rest_route=%2Fwp%2Fv2%2Fcomments&post=2773"}],"version-history":[{"count":0,"href":"https:\/\/formalprision.com\/index.php?rest_route=\/wp\/v2\/posts\/2773\/revisions"}],"wp:featuredmedia":[{"embeddable":true,"href":"https:\/\/formalprision.com\/index.php?rest_route=\/wp\/v2\/media\/15657"}],"wp:attachment":[{"href":"https:\/\/formalprision.com\/index.php?rest_route=%2Fwp%2Fv2%2Fmedia&parent=2773"}],"wp:term":[{"taxonomy":"category","embeddable":true,"href":"https:\/\/formalprision.com\/index.php?rest_route=%2Fwp%2Fv2%2Fcategories&post=2773"},{"taxonomy":"post_tag","embeddable":true,"href":"https:\/\/formalprision.com\/index.php?rest_route=%2Fwp%2Fv2%2Ftags&post=2773"}],"curies":[{"name":"wp","href":"https:\/\/api.w.org\/{rel}","templated":true}]}}