{"id":2774,"date":"2014-08-06T22:09:00","date_gmt":"2014-08-06T22:09:00","guid":{"rendered":"http:\/\/formalprision.info\/2014\/08\/06\/impulsan-desde-yucatan-alternativas\/"},"modified":"2015-06-03T08:36:24","modified_gmt":"2015-06-03T08:36:24","slug":"impulsan-desde-yucatan-alternativas","status":"publish","type":"post","link":"https:\/\/formalprision.com\/?p=2774","title":{"rendered":"Impulsan desde Yucat\u00e1n alternativas para mejorar el campo mexicano"},"content":{"rendered":"<div style=\"font-family: Noteworthy; font-size: 20px; font-weight: bold; line-height: 26px; -webkit-tap-highlight-color: rgba(26, 26, 26, 0.296875); -webkit-composition-fill-color: rgba(130, 98, 83, 0.0976563); -webkit-composition-frame-color: rgba(191, 107, 82, 0.496094); \">M\u00e9rida, Yucat\u00e1n, 6 de agosto de 2014.- Con el lema \u201cInnovaci\u00f3n para la sustentabilidad alimentaria\u201d, un total de 30 centros e instituciones de todo el pa\u00eds propondr\u00e1, a trav\u00e9s de las Reuniones Nacionales de Investigaci\u00f3n e Innovaci\u00f3n Pecuaria, Agr\u00edcola, Forestal y Acu\u00edcola-Pesquera Yucat\u00e1n 2014, una serie de alternativas para mejorar el campo mexicano.<\/div>\n<div style=\"font-family: Noteworthy; font-size: 20px; font-weight: bold; line-height: 26px; -webkit-tap-highlight-color: rgba(26, 26, 26, 0.296875); -webkit-composition-fill-color: rgba(130, 98, 83, 0.0976563); -webkit-composition-frame-color: rgba(191, 107, 82, 0.496094); \">El Gobernador Rolando Zapata Bello encabez\u00f3 este d\u00eda la presentaci\u00f3n de dichos encuentros que se celebrar\u00e1n en la entidad del 6 al 9 de octubre pr\u00f3ximos, con la participaci\u00f3n de m\u00e1s de dos mil 500 &nbsp;productores, investigadores, proveedores y estudiantes de toda la Rep\u00fablica.<\/div>\n<div style=\"font-family: Noteworthy; font-size: 20px; font-weight: bold; line-height: 26px; -webkit-tap-highlight-color: rgba(26, 26, 26, 0.296875); -webkit-composition-fill-color: rgba(130, 98, 83, 0.0976563); -webkit-composition-frame-color: rgba(191, 107, 82, 0.496094); \">Las Reuniones ser\u00e1n un espacio de intercambio de experiencias para contribuir a generar redes de innovaci\u00f3n tecnol\u00f3gica que impulsen la modernizaci\u00f3n y competitividad de los sistemas producto agr\u00edcola, pecuario, forestal, acu\u00edcola y pesquero, para mejorar las condiciones de vida y trabajo de las personas involucradas en estos sectores.<\/div>\n<div style=\"font-family: Noteworthy; font-size: 20px; font-weight: bold; line-height: 26px; -webkit-tap-highlight-color: rgba(26, 26, 26, 0.296875); -webkit-composition-fill-color: rgba(130, 98, 83, 0.0976563); -webkit-composition-frame-color: rgba(191, 107, 82, 0.496094); \">Previo a esta presentaci\u00f3n, el titular del Poder Ejecutivo tuvo un encuentro con el director del Instituto Nacional de Investigaciones Forestales, Agr\u00edcolas y Pecuarias (Inifap), Pedro Brajcich Gallegos, quien le explic\u00f3 que durante el evento mencionado se presentar\u00e1n m\u00e1s de 900 trabajos de an\u00e1lisis elaborados por especialistas de diversas entidades federativas.<\/div>\n<div style=\"font-family: Noteworthy; font-size: 20px; font-weight: bold; line-height: 26px; -webkit-tap-highlight-color: rgba(26, 26, 26, 0.296875); -webkit-composition-fill-color: rgba(130, 98, 83, 0.0976563); -webkit-composition-frame-color: rgba(191, 107, 82, 0.496094); \">Acompa\u00f1ado del secretario de Desarrollo Rural, Felipe Cervera Hern\u00e1ndez, Brajcich Gallegos destac\u00f3 que en ese marco se efectuar\u00e1n cuatro reuniones cient\u00edficas y un foro de vinculaci\u00f3n, a los cuales se integrar\u00e1n conferencias magistrales, simposios t\u00e9cnicos, presentaciones, mesas con productores y agentes de cambio, as\u00ed como un tianguis tecnol\u00f3gico, una expo, recorridos y visitas de campo.<\/div>\n<div style=\"font-family: Noteworthy; font-size: 20px; font-weight: bold; line-height: 26px; -webkit-tap-highlight-color: rgba(26, 26, 26, 0.296875); -webkit-composition-fill-color: rgba(130, 98, 83, 0.0976563); -webkit-composition-frame-color: rgba(191, 107, 82, 0.496094); \">Asistieron a la presentaci\u00f3n del evento, que tuvo lugar en el Centro de Convenciones Yucat\u00e1n Siglo XXI, el delegado de la Secretar\u00eda de Agricultura, Ganader\u00eda, Desarrollo Rural, Pesca y Alimentaci\u00f3n (Sagarpa), Manuel Escoffi\u00e9 Pompeyo, y el director del Centro Nacional de Investigaci\u00f3n Disciplinar\u00eda en Relaci\u00f3n Agua, Suelo, Planta y Atm\u00f3sfera del Inifap, Jos\u00e9 Cueto Wong.&nbsp;<\/p>\n<div class=\"separator\" style=\"clear: both;\"><a href=\"https:\/\/lh5.googleusercontent.com\/-cdcPlrmlYQI\/U-KnlTz5dcI\/AAAAAAAAipY\/4eOVn9WQqLg\/s640\/blogger-image--1415039701.jpg\" imageanchor=\"1\" style=\"margin-left: 1em; margin-right: 1em;\"><img decoding=\"async\" border=\"0\" src=\"https:\/\/lh5.googleusercontent.com\/-cdcPlrmlYQI\/U-KnlTz5dcI\/AAAAAAAAipY\/4eOVn9WQqLg\/s640\/blogger-image--1415039701.jpg\"><\/a><\/div>\n<\/div>\n<div><\/div>\n","protected":false},"excerpt":{"rendered":"<p>M\u00e9rida, Yucat\u00e1n, 6 de agosto de 2014.- Con el lema \u201cInnovaci\u00f3n para la sustentabilidad alimentaria\u201d, un total de 30 centros e instituciones de todo el pa\u00eds propondr\u00e1, a trav\u00e9s de<\/p>\n","protected":false},"author":1,"featured_media":15659,"comment_status":"open","ping_status":"open","sticky":false,"template":"","format":"standard","meta":{"jetpack_post_was_ever_published":false,"_jetpack_newsletter_access":"","_jetpack_dont_email_post_to_subs":false,"_jetpack_newsletter_tier_id":0,"_jetpack_memberships_contains_paywalled_content":false,"_jetpack_memberships_contains_paid_content":false,"footnotes":"","jetpack_publicize_message":"","jetpack_publicize_feature_enabled":true,"jetpack_social_post_already_shared":false,"jetpack_social_options":{"image_generator_settings":{"template":"highway","default_image_id":0,"font":"","enabled":false},"version":2}},"categories":[17,1],"tags":[],"class_list":["post-2774","post","type-post","status-publish","format-standard","has-post-thumbnail","hentry","category-politica-y-gobierno","category-sin-categoria"],"jetpack_publicize_connections":[],"jetpack_featured_media_url":"https:\/\/formalprision.com\/wp-content\/uploads\/2014\/08\/blogger-image-1415039701.jpg","jetpack_sharing_enabled":true,"jetpack_shortlink":"https:\/\/wp.me\/p6id8p-IK","_links":{"self":[{"href":"https:\/\/formalprision.com\/index.php?rest_route=\/wp\/v2\/posts\/2774","targetHints":{"allow":["GET"]}}],"collection":[{"href":"https:\/\/formalprision.com\/index.php?rest_route=\/wp\/v2\/posts"}],"about":[{"href":"https:\/\/formalprision.com\/index.php?rest_route=\/wp\/v2\/types\/post"}],"author":[{"embeddable":true,"href":"https:\/\/formalprision.com\/index.php?rest_route=\/wp\/v2\/users\/1"}],"replies":[{"embeddable":true,"href":"https:\/\/formalprision.com\/index.php?rest_route=%2Fwp%2Fv2%2Fcomments&post=2774"}],"version-history":[{"count":0,"href":"https:\/\/formalprision.com\/index.php?rest_route=\/wp\/v2\/posts\/2774\/revisions"}],"wp:featuredmedia":[{"embeddable":true,"href":"https:\/\/formalprision.com\/index.php?rest_route=\/wp\/v2\/media\/15659"}],"wp:attachment":[{"href":"https:\/\/formalprision.com\/index.php?rest_route=%2Fwp%2Fv2%2Fmedia&parent=2774"}],"wp:term":[{"taxonomy":"category","embeddable":true,"href":"https:\/\/formalprision.com\/index.php?rest_route=%2Fwp%2Fv2%2Fcategories&post=2774"},{"taxonomy":"post_tag","embeddable":true,"href":"https:\/\/formalprision.com\/index.php?rest_route=%2Fwp%2Fv2%2Ftags&post=2774"}],"curies":[{"name":"wp","href":"https:\/\/api.w.org\/{rel}","templated":true}]}}