{"id":2776,"date":"2014-08-06T21:32:00","date_gmt":"2014-08-06T21:32:00","guid":{"rendered":"http:\/\/formalprision.info\/2014\/08\/06\/rescatan-campista-de-california\/"},"modified":"2015-06-03T08:36:25","modified_gmt":"2015-06-03T08:36:25","slug":"rescatan-campista-de-california","status":"publish","type":"post","link":"https:\/\/formalprision.com\/?p=2776","title":{"rendered":"Rescatan a campista de California extraviado en la selva yucateca"},"content":{"rendered":"<div style=\"font-family: Noteworthy; font-size: 20px; font-weight: bold; line-height: 26px; -webkit-tap-highlight-color: rgba(26, 26, 26, 0.296875); -webkit-composition-fill-color: rgba(130, 98, 83, 0.0976563); -webkit-composition-frame-color: rgba(191, 107, 82, 0.496094); \">Polic\u00edas yucatecos localizaron &nbsp;al campista Juan Mauricio Guaracha Carrillo, quien permaneci\u00f3 extraviado durante cinco d\u00edas en montes del Libre Uni\u00f3n, en el sur de Yucat\u00e1n.<\/div>\n<div style=\"font-family: Noteworthy; font-size: 20px; font-weight: bold; line-height: 26px; -webkit-tap-highlight-color: rgba(26, 26, 26, 0.296875); -webkit-composition-fill-color: rgba(130, 98, 83, 0.0976563); -webkit-composition-frame-color: rgba(191, 107, 82, 0.496094); \">Con residencia en San Francisco, California, la persona extraviada fue reportada por su hermano, quien relat\u00f3 que el jueves pasado llegaron a las villas ecol\u00f3gicas \u201cLemuriam Embassy\u201d de Libre Uni\u00f3n, para conocer la zona y en donde su hermano decidi\u00f3 ir a explorar varias cuevas de las que ten\u00eda referencia.<\/div>\n<div style=\"font-family: Noteworthy; font-size: 20px; font-weight: bold; line-height: 26px; -webkit-tap-highlight-color: rgba(26, 26, 26, 0.296875); -webkit-composition-fill-color: rgba(130, 98, 83, 0.0976563); -webkit-composition-frame-color: rgba(191, 107, 82, 0.496094); \">Debido a que no existe se\u00f1al telef\u00f3nica en la zona, perdi\u00f3 contacto con su hermano desde el primer d\u00eda, por lo que decidi\u00f3 acudir a las autoridades para reportar su desaparici\u00f3n, con lo que se inici\u00f3 el operativo de b\u00fasqueda, que culmin\u00f3 la madrugada de este mi\u00e9rcoles.<\/div>\n<div style=\"font-family: Noteworthy; font-size: 20px; font-weight: bold; line-height: 26px; -webkit-tap-highlight-color: rgba(26, 26, 26, 0.296875); -webkit-composition-fill-color: rgba(130, 98, 83, 0.0976563); -webkit-composition-frame-color: rgba(191, 107, 82, 0.496094); \">Luego de varias horas de b\u00fasqueda tras el operativo conformado por alrededor de 60 elementos de la FGE y la SSP, apoyados por lugare\u00f1os que conocen las brechas de la zona, finalmente se localiz\u00f3 pasadas las 23 horas a Juan Mauricio, quien se encontraba en total estado de deshidrataci\u00f3n.&nbsp;<\/div>\n<div style=\"font-family: Noteworthy; font-size: 20px; font-weight: bold; line-height: 26px; -webkit-tap-highlight-color: rgba(26, 26, 26, 0.296875); -webkit-composition-fill-color: rgba(130, 98, 83, 0.0976563); -webkit-composition-frame-color: rgba(191, 107, 82, 0.496094); \">Los elementos destacados en el lugar implementaron una camilla con bejucos y troncos del lugar para trasladar a la persona extraviada, de 32 a\u00f1os de edad, quien ya no pod\u00eda caminar y se encontraba resguard\u00e1ndose debajo de un \u00e1rbol.<\/div>\n<div style=\"font-family: Noteworthy; font-size: 20px; font-weight: bold; line-height: 26px; -webkit-tap-highlight-color: rgba(26, 26, 26, 0.296875); -webkit-composition-fill-color: rgba(130, 98, 83, 0.0976563); -webkit-composition-frame-color: rgba(191, 107, 82, 0.496094); \">Tras evaluar su estado de salud, fue trasladado en la camilla improvisada luego de recorrer poco m\u00e1s de 8 kil\u00f3metros hasta llegar a la vera de la carretera, donde ya le esperaba una ambulancia en la que se le canaliz\u00f3 para llevarlo a la ciudad de Valladolid, donde goza de buena salud pero permanecer\u00e1 hasta su total recuperaci\u00f3n.<\/div>\n<div style=\"font-family: Noteworthy; font-size: 20px; font-weight: bold; line-height: 26px; -webkit-tap-highlight-color: rgba(26, 26, 26, 0.296875); -webkit-composition-fill-color: rgba(130, 98, 83, 0.0976563); -webkit-composition-frame-color: rgba(191, 107, 82, 0.496094); \">Durante su traves\u00eda, Juan Mauricio se desprendi\u00f3 de su playera dejando pedazos de la misma a lo largo del camino que recorr\u00eda a fin de dejar pistas claras para su retorno, no obstante, lleg\u00f3 el momento en que perdi\u00f3 el rastro de las mismas, por lo que hubo de alimentarse de lo que pod\u00eda y beb\u00eda agua de lluvia a fin de mantenerse con vida.&nbsp;<\/div>\n<div style=\"font-family: Noteworthy; font-size: 20px; font-weight: bold; line-height: 26px; -webkit-tap-highlight-color: rgba(26, 26, 26, 0.296875); -webkit-composition-fill-color: rgba(130, 98, 83, 0.0976563); -webkit-composition-frame-color: rgba(191, 107, 82, 0.496094); \">Luego de varias horas de b\u00fasqueda, los elementos desplazados al lugar encontraron los pedazos de la playera &nbsp;en el sitio, mismos que al final resultaron vitales para localizar a la persona perdida, por lo que de inmediato se le auxili\u00f3 para retornarlo a la civilizaci\u00f3n.<\/p>\n<div class=\"separator\" style=\"clear: both;\"><a href=\"https:\/\/lh6.googleusercontent.com\/-SDY9iU9gLyE\/U-Ke7cxe8yI\/AAAAAAAAio8\/ur8ddNDQIYw\/s640\/blogger-image--2066553411.jpg\" imageanchor=\"1\" style=\"margin-left: 1em; margin-right: 1em;\"><img decoding=\"async\" border=\"0\" src=\"https:\/\/lh6.googleusercontent.com\/-SDY9iU9gLyE\/U-Ke7cxe8yI\/AAAAAAAAio8\/ur8ddNDQIYw\/s640\/blogger-image--2066553411.jpg\"><\/a><\/div>\n<\/div>\n","protected":false},"excerpt":{"rendered":"<p>Polic\u00edas yucatecos localizaron &nbsp;al campista Juan Mauricio Guaracha Carrillo, quien permaneci\u00f3 extraviado durante cinco d\u00edas en montes del Libre Uni\u00f3n, en el sur de Yucat\u00e1n. Con residencia en San Francisco,<\/p>\n","protected":false},"author":1,"featured_media":15663,"comment_status":"open","ping_status":"open","sticky":false,"template":"","format":"standard","meta":{"jetpack_post_was_ever_published":false,"_jetpack_newsletter_access":"","_jetpack_dont_email_post_to_subs":false,"_jetpack_newsletter_tier_id":0,"_jetpack_memberships_contains_paywalled_content":false,"_jetpack_memberships_contains_paid_content":false,"footnotes":"","jetpack_publicize_message":"","jetpack_publicize_feature_enabled":true,"jetpack_social_post_already_shared":false,"jetpack_social_options":{"image_generator_settings":{"template":"highway","default_image_id":0,"font":"","enabled":false},"version":2}},"categories":[7,3,1],"tags":[],"class_list":["post-2776","post","type-post","status-publish","format-standard","has-post-thumbnail","hentry","category-breves","category-portada","category-sin-categoria"],"jetpack_publicize_connections":[],"jetpack_featured_media_url":"https:\/\/formalprision.com\/wp-content\/uploads\/2014\/08\/blogger-image-2066553411.jpg","jetpack_sharing_enabled":true,"jetpack_shortlink":"https:\/\/wp.me\/p6id8p-IM","_links":{"self":[{"href":"https:\/\/formalprision.com\/index.php?rest_route=\/wp\/v2\/posts\/2776","targetHints":{"allow":["GET"]}}],"collection":[{"href":"https:\/\/formalprision.com\/index.php?rest_route=\/wp\/v2\/posts"}],"about":[{"href":"https:\/\/formalprision.com\/index.php?rest_route=\/wp\/v2\/types\/post"}],"author":[{"embeddable":true,"href":"https:\/\/formalprision.com\/index.php?rest_route=\/wp\/v2\/users\/1"}],"replies":[{"embeddable":true,"href":"https:\/\/formalprision.com\/index.php?rest_route=%2Fwp%2Fv2%2Fcomments&post=2776"}],"version-history":[{"count":0,"href":"https:\/\/formalprision.com\/index.php?rest_route=\/wp\/v2\/posts\/2776\/revisions"}],"wp:featuredmedia":[{"embeddable":true,"href":"https:\/\/formalprision.com\/index.php?rest_route=\/wp\/v2\/media\/15663"}],"wp:attachment":[{"href":"https:\/\/formalprision.com\/index.php?rest_route=%2Fwp%2Fv2%2Fmedia&parent=2776"}],"wp:term":[{"taxonomy":"category","embeddable":true,"href":"https:\/\/formalprision.com\/index.php?rest_route=%2Fwp%2Fv2%2Fcategories&post=2776"},{"taxonomy":"post_tag","embeddable":true,"href":"https:\/\/formalprision.com\/index.php?rest_route=%2Fwp%2Fv2%2Ftags&post=2776"}],"curies":[{"name":"wp","href":"https:\/\/api.w.org\/{rel}","templated":true}]}}