{"id":2793,"date":"2014-08-03T20:03:00","date_gmt":"2014-08-03T20:03:00","guid":{"rendered":"http:\/\/formalprision.info\/2014\/08\/03\/amplia-gobierno-del-estado-cobertura-de\/"},"modified":"2015-06-03T08:36:29","modified_gmt":"2015-06-03T08:36:29","slug":"amplia-gobierno-del-estado-cobertura-de","status":"publish","type":"post","link":"https:\/\/formalprision.com\/?p=2793","title":{"rendered":"Ampl\u00eda Gobierno del Estado cobertura de servicios de salud en Kanas\u00edn"},"content":{"rendered":"<div style=\"font-family: Noteworthy; font-size: 20px; font-weight: bold; line-height: 26px; -webkit-tap-highlight-color: rgba(26, 26, 26, 0.296875); -webkit-composition-fill-color: rgba(130, 98, 83, 0.0976563); -webkit-composition-frame-color: rgba(191, 107, 82, 0.496094); \">\n<div>Kanas\u00edn, Yucat\u00e1n, 3 de agosto de 2014.- M\u00e1s de 100 mil habitantes del municipio de Kanas\u00edn y comunidades cercanas podr\u00e1n acceder a m\u00e1s servicios m\u00e9dicos de calidad y atenci\u00f3n especializada, gracias a un nuevo Centro de Salud Urbano que se ubicar\u00e1 en dicha demarcaci\u00f3n, en el cual se erogaron recursos cercanos a los 14 millones de pesos.<\/div>\n<div>Tras poner en marcha la construcci\u00f3n de este espacio y entregar los trabajos de rehabilitaci\u00f3n y equipamiento del actual, que tiene 17 a\u00f1os de funcionar y atiende a m\u00e1s de 250 personas al d\u00eda, el Gobernador Rolando Zapata Bello anunci\u00f3 una inversi\u00f3n extraordinaria por 20 millones de pesos para la reconstrucci\u00f3n y repavimentaci\u00f3n de calles y banquetas en diversos fraccionamientos de la sede del evento.<\/div>\n<div>Acompa\u00f1ado por el alcalde anfitri\u00f3n, Carlos Andrade Mu\u00f1oz, el titular del Poder Ejecutivo asegur\u00f3 que con acciones como \u00e9sta disminuye la carga en la atenci\u00f3n que se ofrece en el Centro de Salud que opera actualmente, adem\u00e1s de que se incrementar\u00e1 la calidad en los servicios m\u00e9dicos que ya recibe la poblaci\u00f3n.<\/div>\n<div>Ante beneficiarios, m\u00e9dicos, legisladores y funcionarios estatales y municipales, Zapata Bello explic\u00f3 que debido al crecimiento de Kanas\u00edn, donde viven m\u00e1s de 100 mil habitantes, el Gobierno del Estado determin\u00f3 que era necesario crear un nuevo espacio de este tipo, para brindar el servicio de manera m\u00e1s \u00e1gil a los pacientes y ofrecerles las medidas oportunas para prevenir y curar enfermedades.<\/div>\n<div>\u201cEstas dos obras, en pocas palabras, significan un motivo de confianza para seguir construyendo el bienestar de las familias de Kanas\u00edn. Porque el objetivo de la acci\u00f3n p\u00fablica debe ser que las familias vivan mejor y tengan la capacidad de desarrollarse y contar con mejores perspectivas\u201d, subray\u00f3.<\/div>\n<div>Con ambas obras se podr\u00e1 prevenir y atender a mujeres embarazadas, personas con padecimientos como &nbsp;obesidad y diabetes, as\u00ed como enfermedades mentales, adem\u00e1s de brindar servicios dentales, entre otras acciones, con las que el Ejecutivo estatal fomenta una cultura de prevenci\u00f3n, diagn\u00f3stico oportuno y autocuidado.<\/div>\n<div>Con la conclusi\u00f3n de la construcci\u00f3n de este nuevo Centro, se espera que en cada espacio se atienda a un 50 por ciento de la poblaci\u00f3n, de esta manera los ciudadanos tendr\u00e1n m\u00e1s cerca de sus domicilios los servicios y podr\u00e1n obtener consultas m\u00e9dicas de primer nivel, sin necesidad de desplazarse a otros hospitales de la entidad.<\/div>\n<div>En su turno al habla, el titular de la Secretar\u00eda de Salud estatal, Jorge Eduardo Mendoza M\u00e9zquita, explic\u00f3 que el nuevo edificio ser\u00e1 un lugar de servicios ampliados, por lo que incluir\u00e1 \u00e1reas en las especialidades de ginecolog\u00eda, somatometr\u00eda, odontolog\u00eda, vacunolog\u00eda, nutrici\u00f3n, pediatr\u00eda, psicolog\u00eda, medicina general, curaciones y observaci\u00f3n. Adem\u00e1s contar\u00e1 con farmacia, laboratorio cl\u00ednico, ultrasonido y rayos X.<\/div>\n<div>El funcionario destac\u00f3 que dicho inmueble, que brindar\u00e1 atenci\u00f3n las 24 horas los siete d\u00edas de la semana, tambi\u00e9n tendr\u00e1 a su disposici\u00f3n una ambulancia con equipo especializado que facilitar\u00e1 el traslado de los pacientes a otros hospitales de la entidad en caso de ser necesario.<\/div>\n<div>Por lo que toca al Centro existente se ampliaron las \u00e1reas de consulta externa que incluyen nutrici\u00f3n, psicolog\u00eda, odontolog\u00eda y curaciones, as\u00ed como atenci\u00f3n a la violencia y a la salud mental. Adem\u00e1s, se reforzaron los espacios para detectar casos de hipertensi\u00f3n, diabetes, c\u00e1ncer de mama y cervicouterino, y se agregaron servicios de laboratorio cl\u00ednico, ultrasonido y rayos X. De igual forma, se mantendr\u00e1 abierto las 24 horas los siete d\u00edas de la semana.<\/div>\n<div>A nombre de los beneficiarios, Karina Ek Ek reconoci\u00f3 la preocupaci\u00f3n de las autoridades estatales por cuidar la salud de los yucatecos y acercar los servicios m\u00e9dicos hasta las comunidades m\u00e1s alejadas del estado.<\/div>\n<div>Asistieron al evento el presidente de la Junta de Gobierno y Coordinaci\u00f3n Pol\u00edtica del Congreso local, Luis Hevia Jim\u00e9nez; el diputado, Alvar Rubio Rodr\u00edguez; la directora del R\u00e9gimen de Protecci\u00f3n Social en Salud, Heidi de Lourdes R\u00edo Hoyos; y el titular del Instituto de Desarrollo Regional y Municipal, Juan Jos\u00e9 Canul P\u00e9rez.<\/p>\n<div class=\"separator\" style=\"clear: both;\"><a href=\"https:\/\/lh3.googleusercontent.com\/-0ZFUZt6UUKw\/U96Vc6vVUxI\/AAAAAAAAikY\/zoNTXmjG7SE\/s640\/blogger-image-765594408.jpg\" imageanchor=\"1\" style=\"margin-left: 1em; margin-right: 1em;\"><img decoding=\"async\" border=\"0\" src=\"https:\/\/lh3.googleusercontent.com\/-0ZFUZt6UUKw\/U96Vc6vVUxI\/AAAAAAAAikY\/zoNTXmjG7SE\/s640\/blogger-image-765594408.jpg\"><\/a><\/div>\n<\/div>\n<div><\/div>\n<\/div>\n","protected":false},"excerpt":{"rendered":"<p>Kanas\u00edn, Yucat\u00e1n, 3 de agosto de 2014.- M\u00e1s de 100 mil habitantes del municipio de Kanas\u00edn y comunidades cercanas podr\u00e1n acceder a m\u00e1s servicios m\u00e9dicos de calidad y atenci\u00f3n especializada,<\/p>\n","protected":false},"author":1,"featured_media":15697,"comment_status":"open","ping_status":"open","sticky":false,"template":"","format":"standard","meta":{"jetpack_post_was_ever_published":false,"_jetpack_newsletter_access":"","_jetpack_dont_email_post_to_subs":false,"_jetpack_newsletter_tier_id":0,"_jetpack_memberships_contains_paywalled_content":false,"_jetpack_memberships_contains_paid_content":false,"footnotes":"","jetpack_publicize_message":"","jetpack_publicize_feature_enabled":true,"jetpack_social_post_already_shared":false,"jetpack_social_options":{"image_generator_settings":{"template":"highway","default_image_id":0,"font":"","enabled":false},"version":2}},"categories":[17,1],"tags":[],"class_list":["post-2793","post","type-post","status-publish","format-standard","has-post-thumbnail","hentry","category-politica-y-gobierno","category-sin-categoria"],"jetpack_publicize_connections":[],"jetpack_featured_media_url":"https:\/\/formalprision.com\/wp-content\/uploads\/2014\/08\/blogger-image-765594408.jpg","jetpack_sharing_enabled":true,"jetpack_shortlink":"https:\/\/wp.me\/p6id8p-J3","_links":{"self":[{"href":"https:\/\/formalprision.com\/index.php?rest_route=\/wp\/v2\/posts\/2793","targetHints":{"allow":["GET"]}}],"collection":[{"href":"https:\/\/formalprision.com\/index.php?rest_route=\/wp\/v2\/posts"}],"about":[{"href":"https:\/\/formalprision.com\/index.php?rest_route=\/wp\/v2\/types\/post"}],"author":[{"embeddable":true,"href":"https:\/\/formalprision.com\/index.php?rest_route=\/wp\/v2\/users\/1"}],"replies":[{"embeddable":true,"href":"https:\/\/formalprision.com\/index.php?rest_route=%2Fwp%2Fv2%2Fcomments&post=2793"}],"version-history":[{"count":0,"href":"https:\/\/formalprision.com\/index.php?rest_route=\/wp\/v2\/posts\/2793\/revisions"}],"wp:featuredmedia":[{"embeddable":true,"href":"https:\/\/formalprision.com\/index.php?rest_route=\/wp\/v2\/media\/15697"}],"wp:attachment":[{"href":"https:\/\/formalprision.com\/index.php?rest_route=%2Fwp%2Fv2%2Fmedia&parent=2793"}],"wp:term":[{"taxonomy":"category","embeddable":true,"href":"https:\/\/formalprision.com\/index.php?rest_route=%2Fwp%2Fv2%2Fcategories&post=2793"},{"taxonomy":"post_tag","embeddable":true,"href":"https:\/\/formalprision.com\/index.php?rest_route=%2Fwp%2Fv2%2Ftags&post=2793"}],"curies":[{"name":"wp","href":"https:\/\/api.w.org\/{rel}","templated":true}]}}