{"id":2795,"date":"2014-08-03T04:14:00","date_gmt":"2014-08-03T04:14:00","guid":{"rendered":"http:\/\/formalprision.info\/2014\/08\/03\/yucatan-sede-del-primer-congreso\/"},"modified":"2015-06-03T08:36:29","modified_gmt":"2015-06-03T08:36:29","slug":"yucatan-sede-del-primer-congreso","status":"publish","type":"post","link":"https:\/\/formalprision.com\/?p=2795","title":{"rendered":"Yucat\u00e1n, sede del Primer Congreso Nacional de Poder Joven"},"content":{"rendered":"<div style=\"font-family: Noteworthy; font-size: 20px; font-weight: bold; line-height: 26px; -webkit-tap-highlight-color: rgba(26, 26, 26, 0.296875); -webkit-composition-fill-color: rgba(130, 98, 83, 0.0976563); -webkit-composition-frame-color: rgba(191, 107, 82, 0.496094); \">\u00dcM\u00e9rida, Yucat\u00e1n, 02 de agosto de 2014.- El Gobernador Rolando Zapata Bello encabez\u00f3 la inauguraci\u00f3n del Primer Congreso Nacional de los Programas \u00abPoder Joven\u00bb Radio y Televisi\u00f3n, evento celebrado en el marco del 4\u00b0 Encuentro Nacional de Secretarios y Directores Estatales de Juventud, que se celebr\u00f3 este 1 y 2 de agosto en esta capital.<\/div>\n<div style=\"font-family: Noteworthy; font-size: 20px; font-weight: bold; line-height: 26px; -webkit-tap-highlight-color: rgba(26, 26, 26, 0.296875); -webkit-composition-fill-color: rgba(130, 98, 83, 0.0976563); -webkit-composition-frame-color: rgba(191, 107, 82, 0.496094); \">Ante la presencia de m\u00e1s de 700 participantes, el mandatario estatal subray\u00f3 la importancia de los espacios de formaci\u00f3n y oportunidad que genera el esquema &nbsp;para la juventud, pues adem\u00e1s de ser herramientas para impulsar su desempe\u00f1o profesional, le representa un beneficio econ\u00f3mico.<\/div>\n<div style=\"font-family: Noteworthy; font-size: 20px; font-weight: bold; line-height: 26px; -webkit-tap-highlight-color: rgba(26, 26, 26, 0.296875); -webkit-composition-fill-color: rgba(130, 98, 83, 0.0976563); -webkit-composition-frame-color: rgba(191, 107, 82, 0.496094); \">\u201cEspero que esta reuni\u00f3n sea el espacio de interacci\u00f3n de los j\u00f3venes mexicanos, el gran espacio de la participaci\u00f3n, y este Primer Congreso Nacional sea el punto de lanzamiento de ese gran movimiento juvenil que va &nbsp;a transformar a todo M\u00e9xico\u00bb, indic\u00f3.<\/div>\n<div style=\"font-family: Noteworthy; font-size: 20px; font-weight: bold; line-height: 26px; -webkit-tap-highlight-color: rgba(26, 26, 26, 0.296875); -webkit-composition-fill-color: rgba(130, 98, 83, 0.0976563); -webkit-composition-frame-color: rgba(191, 107, 82, 0.496094); \">La Red Nacional de Programas \u00abPoder Joven\u00bb Radio y Televisi\u00f3n apoya a becarios en toda la geograf\u00eda nacional, mismos que dan voz e imagen a temas contempor\u00e1neos a trav\u00e9s de herramientas de vanguardia que permiten difundir, en cientos de producciones medi\u00e1ticas, esquemas sociales del Instituto Mexicano de la Juventud (Imjuve).<\/div>\n<div style=\"font-family: Noteworthy; font-size: 20px; font-weight: bold; line-height: 26px; -webkit-tap-highlight-color: rgba(26, 26, 26, 0.296875); -webkit-composition-fill-color: rgba(130, 98, 83, 0.0976563); -webkit-composition-frame-color: rgba(191, 107, 82, 0.496094); \">En ese sentido, el director de la dependencia federal, Jos\u00e9 Manuel Romero Coello, asever\u00f3 que el Gobierno del Presidente Enrique Pe\u00f1a Nieto respalda y reconoce la labor de los agentes de cambio \u00abPoder Joven\u00bb.<\/div>\n<div style=\"font-family: Noteworthy; font-size: 20px; font-weight: bold; line-height: 26px; -webkit-tap-highlight-color: rgba(26, 26, 26, 0.296875); -webkit-composition-fill-color: rgba(130, 98, 83, 0.0976563); -webkit-composition-frame-color: rgba(191, 107, 82, 0.496094); \">\u00abEn su desempe\u00f1o diario difunden historias de \u00e9xito de mexicanos emprendedores que todos los d\u00edas buscan c\u00f3mo s\u00ed hacer las cosas\u00bb, expres\u00f3.<\/div>\n<div style=\"font-family: Noteworthy; font-size: 20px; font-weight: bold; line-height: 26px; -webkit-tap-highlight-color: rgba(26, 26, 26, 0.296875); -webkit-composition-fill-color: rgba(130, 98, 83, 0.0976563); -webkit-composition-frame-color: rgba(191, 107, 82, 0.496094); \">Por su parte, la secretaria de la Juventud en Yucat\u00e1n, Alaine L\u00f3pez Brice\u00f1o, sostuvo que creer en un M\u00e9xico incluyente y equitativo es traducir el discurso en acciones concretas que contribuyan con la calidad de vida de las y los j\u00f3venes.<\/div>\n<div style=\"font-family: Noteworthy; font-size: 20px; font-weight: bold; line-height: 26px; -webkit-tap-highlight-color: rgba(26, 26, 26, 0.296875); -webkit-composition-fill-color: rgba(130, 98, 83, 0.0976563); -webkit-composition-frame-color: rgba(191, 107, 82, 0.496094); \">Asimismo, asegur\u00f3 que en la entidad la juventud es vista como sustancia y no adjetivo, por lo que se han establecido pol\u00edticas p\u00fablicas transversales para atender a este importante sector de la sociedad, que representa el gran capital humano en la entidad, un activo fundamental para afrontar los retos que se avecinan.<\/div>\n<div style=\"font-family: Noteworthy; font-size: 20px; font-weight: bold; line-height: 26px; -webkit-tap-highlight-color: rgba(26, 26, 26, 0.296875); -webkit-composition-fill-color: rgba(130, 98, 83, 0.0976563); -webkit-composition-frame-color: rgba(191, 107, 82, 0.496094); \">\u00abPor eso aqu\u00ed y ahora comprometemos fuertemente la palabra para decir que M\u00e9xico cuenta con sus j\u00f3venes y los j\u00f3venes cuentan con M\u00e9xico\u00bb, expres\u00f3.<\/div>\n<div style=\"font-family: Noteworthy; font-size: 20px; font-weight: bold; line-height: 26px; -webkit-tap-highlight-color: rgba(26, 26, 26, 0.296875); -webkit-composition-fill-color: rgba(130, 98, 83, 0.0976563); -webkit-composition-frame-color: rgba(191, 107, 82, 0.496094); \">Asistieron al evento el secretario de Desarrollo Social, Nerio Torres Arcila, y las subdirectoras General de Bienestar y Servicios Juveniles del Imjuve, Pilar Sandoval Salas, y de Coordinaci\u00f3n y Evaluaci\u00f3n, Berenice Alcalde Castro, as\u00ed como los directores de Espacios Poder Joven, Juan Carlos Rico Campos, y de Comunicaci\u00f3n Social del Instituto, Miguel B\u00e1rcena D\u00edaz.<\/p>\n<div class=\"separator\" style=\"clear: both;\"><a href=\"https:\/\/lh5.googleusercontent.com\/-rfGjI84_NbM\/U923YVBOMlI\/AAAAAAAAij4\/Ya3nyeR81S4\/s640\/blogger-image--1296940477.jpg\" imageanchor=\"1\" style=\"margin-left: 1em; margin-right: 1em;\"><img decoding=\"async\" border=\"0\" src=\"https:\/\/lh5.googleusercontent.com\/-rfGjI84_NbM\/U923YVBOMlI\/AAAAAAAAij4\/Ya3nyeR81S4\/s640\/blogger-image--1296940477.jpg\"><\/a><\/div>\n<\/div>\n","protected":false},"excerpt":{"rendered":"<p>\u00dcM\u00e9rida, Yucat\u00e1n, 02 de agosto de 2014.- El Gobernador Rolando Zapata Bello encabez\u00f3 la inauguraci\u00f3n del Primer Congreso Nacional de los Programas \u00abPoder Joven\u00bb Radio y Televisi\u00f3n, evento celebrado en<\/p>\n","protected":false},"author":1,"featured_media":15701,"comment_status":"open","ping_status":"open","sticky":false,"template":"","format":"standard","meta":{"jetpack_post_was_ever_published":false,"_jetpack_newsletter_access":"","_jetpack_dont_email_post_to_subs":false,"_jetpack_newsletter_tier_id":0,"_jetpack_memberships_contains_paywalled_content":false,"_jetpack_memberships_contains_paid_content":false,"footnotes":"","jetpack_publicize_message":"","jetpack_publicize_feature_enabled":true,"jetpack_social_post_already_shared":false,"jetpack_social_options":{"image_generator_settings":{"template":"highway","default_image_id":0,"font":"","enabled":false},"version":2}},"categories":[17,1],"tags":[],"class_list":["post-2795","post","type-post","status-publish","format-standard","has-post-thumbnail","hentry","category-politica-y-gobierno","category-sin-categoria"],"jetpack_publicize_connections":[],"jetpack_featured_media_url":"https:\/\/formalprision.com\/wp-content\/uploads\/2014\/08\/blogger-image-1296940477.jpg","jetpack_sharing_enabled":true,"jetpack_shortlink":"https:\/\/wp.me\/p6id8p-J5","_links":{"self":[{"href":"https:\/\/formalprision.com\/index.php?rest_route=\/wp\/v2\/posts\/2795","targetHints":{"allow":["GET"]}}],"collection":[{"href":"https:\/\/formalprision.com\/index.php?rest_route=\/wp\/v2\/posts"}],"about":[{"href":"https:\/\/formalprision.com\/index.php?rest_route=\/wp\/v2\/types\/post"}],"author":[{"embeddable":true,"href":"https:\/\/formalprision.com\/index.php?rest_route=\/wp\/v2\/users\/1"}],"replies":[{"embeddable":true,"href":"https:\/\/formalprision.com\/index.php?rest_route=%2Fwp%2Fv2%2Fcomments&post=2795"}],"version-history":[{"count":0,"href":"https:\/\/formalprision.com\/index.php?rest_route=\/wp\/v2\/posts\/2795\/revisions"}],"wp:featuredmedia":[{"embeddable":true,"href":"https:\/\/formalprision.com\/index.php?rest_route=\/wp\/v2\/media\/15701"}],"wp:attachment":[{"href":"https:\/\/formalprision.com\/index.php?rest_route=%2Fwp%2Fv2%2Fmedia&parent=2795"}],"wp:term":[{"taxonomy":"category","embeddable":true,"href":"https:\/\/formalprision.com\/index.php?rest_route=%2Fwp%2Fv2%2Fcategories&post=2795"},{"taxonomy":"post_tag","embeddable":true,"href":"https:\/\/formalprision.com\/index.php?rest_route=%2Fwp%2Fv2%2Ftags&post=2795"}],"curies":[{"name":"wp","href":"https:\/\/api.w.org\/{rel}","templated":true}]}}