{"id":2799,"date":"2014-08-02T21:05:00","date_gmt":"2014-08-02T21:05:00","guid":{"rendered":"http:\/\/formalprision.info\/2014\/08\/02\/inauguran-masa-panel-para-atencion\/"},"modified":"2015-06-03T08:36:30","modified_gmt":"2015-06-03T08:36:30","slug":"inauguran-masa-panel-para-atencion","status":"publish","type":"post","link":"https:\/\/formalprision.com\/?p=2799","title":{"rendered":"Inauguran Masa Panel para Atenci\u00f3n a V\u00edctimas."},"content":{"rendered":"<div style=\"font-family: Noteworthy; font-size: 20px; font-weight: bold; line-height: 26px; -webkit-tap-highlight-color: rgba(26, 26, 26, 0.296875); -webkit-composition-fill-color: rgba(130, 98, 83, 0.0976563); -webkit-composition-frame-color: rgba(191, 107, 82, 0.496094); \">M\u00e9rida, Yucat\u00e1n, 02 de agosto de 2014.- Dentro del marco del Primer D\u00eda Internacional Contra la Trata, acordado por la Organizaci\u00f3n de las Naciones Unidas (ONU), &nbsp;se llev\u00f3 a efecto la mesa panel \u201cMejores Pr\u00e1cticas Internacionales en Refugios y Atenci\u00f3n a V\u00edctimas de Trata\u201d en la que participaron ponentes de talla internacional.<\/div>\n<div style=\"font-family: Noteworthy; font-size: 20px; font-weight: bold; line-height: 26px; -webkit-tap-highlight-color: rgba(26, 26, 26, 0.296875); -webkit-composition-fill-color: rgba(130, 98, 83, 0.0976563); -webkit-composition-frame-color: rgba(191, 107, 82, 0.496094); \">Al inaugurar la mesa de trabajo, el secretario General de Gobierno, V\u00edctor Caballero Dur\u00e1n, resalt\u00f3 que en Yucat\u00e1n la trata de personas es un delito que se previene, por lo que las incidencias son muy bajas.<\/div>\n<div style=\"font-family: Noteworthy; font-size: 20px; font-weight: bold; line-height: 26px; -webkit-tap-highlight-color: rgba(26, 26, 26, 0.296875); -webkit-composition-fill-color: rgba(130, 98, 83, 0.0976563); -webkit-composition-frame-color: rgba(191, 107, 82, 0.496094); \">\u201cEn Yucat\u00e1n construimos las cosas junto con la gente, no se hacen desde un escritorio, la participaci\u00f3n social es fundamental, y aqu\u00ed est\u00e1 la prueba con los representantes de diversas organizaciones. Gracias a su participaci\u00f3n podemos completar el c\u00edrculo virtuoso entre Gobierno y Sociedad; el Gobierno haciendo la parte normativa, apoyando a las instituciones y la sociedad civil participando en ellas\u201d, dijo.<\/div>\n<div style=\"font-family: Noteworthy; font-size: 20px; font-weight: bold; line-height: 26px; -webkit-tap-highlight-color: rgba(26, 26, 26, 0.296875); -webkit-composition-fill-color: rgba(130, 98, 83, 0.0976563); -webkit-composition-frame-color: rgba(191, 107, 82, 0.496094); \">La moderadora del evento fue la presidenta de la asociaci\u00f3n \u201cUnidos Contra la Trata\u201d, Rosy Orozco, quien trabaja para recuperar y reintegrar a la sociedad a v\u00edctimas que han sufrido diferentes formas de explotaci\u00f3n, ya sea sexual, trabajo forzado, mendicidad, humillaci\u00f3n o tr\u00e1fico de \u00f3rganos.<\/div>\n<div style=\"font-family: Noteworthy; font-size: 20px; font-weight: bold; line-height: 26px; -webkit-tap-highlight-color: rgba(26, 26, 26, 0.296875); -webkit-composition-fill-color: rgba(130, 98, 83, 0.0976563); -webkit-composition-frame-color: rgba(191, 107, 82, 0.496094); \">La bienvenida estuvo a cargo de la Fiscal General del Estado de Yucat\u00e1n, Celia Mar\u00eda Rivas Rodr\u00edguez, quien refiri\u00f3 que el comit\u00e9 interinstitucional &nbsp;ha estado trabajando desde 2011, logrando importantes acuerdos para trabajar en torno a pol\u00edticas p\u00fablicas que permitan seguir realizando acciones preventivas.<\/div>\n<div style=\"font-family: Noteworthy; font-size: 20px; font-weight: bold; line-height: 26px; -webkit-tap-highlight-color: rgba(26, 26, 26, 0.296875); -webkit-composition-fill-color: rgba(130, 98, 83, 0.0976563); -webkit-composition-frame-color: rgba(191, 107, 82, 0.496094); \">Se\u00f1al\u00f3 que el frente com\u00fan propuesto por la ONU, se hace un severo llamado a la sociedad y a los gobiernos para abatir este problema que crece a escalas preocupantes, conformando una forma moderna de esclavitud.<\/div>\n<div style=\"font-family: Noteworthy; font-size: 20px; font-weight: bold; line-height: 26px; -webkit-tap-highlight-color: rgba(26, 26, 26, 0.296875); -webkit-composition-fill-color: rgba(130, 98, 83, 0.0976563); -webkit-composition-frame-color: rgba(191, 107, 82, 0.496094); \">\u201cEn Yucat\u00e1n trabajamos desde hace mucho en su prevenci\u00f3n a fin de que la sociedad est\u00e9 informada y atenta sobre este flagelo social\u201d, se\u00f1al\u00f3, y que como instituci\u00f3n de procuraci\u00f3n de justicia, la Fiscal\u00eda General del estado, bajo el nuevo esquema del sistema de justicia penal, quiere seguirle apostando a la prevenci\u00f3n, a la informaci\u00f3n, a la coordinaci\u00f3n y al trabajo conjunto con la sociedad.<\/div>\n<div style=\"font-family: Noteworthy; font-size: 20px; font-weight: bold; line-height: 26px; -webkit-tap-highlight-color: rgba(26, 26, 26, 0.296875); -webkit-composition-fill-color: rgba(130, 98, 83, 0.0976563); -webkit-composition-frame-color: rgba(191, 107, 82, 0.496094); \">Por su parte, el presidente de la Comisi\u00f3n de Derechos Humanos del Estado de Yucat\u00e1n (CODHEY), Jorge Victoria Maldonado, dijo que los esfuerzos en torno a la trata de personas deben ser din\u00e1micos y de car\u00e1cter preventivo, para evitar que este mal se asiente en la entidad.<\/div>\n<div style=\"font-family: Noteworthy; font-size: 20px; font-weight: bold; line-height: 26px; -webkit-tap-highlight-color: rgba(26, 26, 26, 0.296875); -webkit-composition-fill-color: rgba(130, 98, 83, 0.0976563); -webkit-composition-frame-color: rgba(191, 107, 82, 0.496094); \">Victoria &nbsp;Maldonado reconoci\u00f3 las acciones emprendidas por la autoridad estatal en materia de atenci\u00f3n a v\u00edctimas de delitos, la creaci\u00f3n de protocolos de actuaci\u00f3n y sobre todo el trabajo coordinado del organismo p\u00fablico estatal y nacional de derechos humanos.<\/div>\n<div style=\"font-family: Noteworthy; font-size: 20px; font-weight: bold; line-height: 26px; -webkit-tap-highlight-color: rgba(26, 26, 26, 0.296875); -webkit-composition-fill-color: rgba(130, 98, 83, 0.0976563); -webkit-composition-frame-color: rgba(191, 107, 82, 0.496094); \">Remarc\u00f3 que las pol\u00edticas de prevenci\u00f3n de este problema deben ser abordadas desde una perspectiva transversal a cualquier instituci\u00f3n que pueda aportar indicios de la existencia de pr\u00e1cticas denigrantes a la dignidad del ser humano, especialmente de las mujeres, las ni\u00f1as y los ni\u00f1os.<\/div>\n<div style=\"font-family: Noteworthy; font-size: 20px; font-weight: bold; line-height: 26px; -webkit-tap-highlight-color: rgba(26, 26, 26, 0.296875); -webkit-composition-fill-color: rgba(130, 98, 83, 0.0976563); -webkit-composition-frame-color: rgba(191, 107, 82, 0.496094); \">El evento se llev\u00f3 a cabo en el sal\u00f3n Valladolid del Centro de Convenciones Yucat\u00e1n Siglo XXI y tambi\u00e9n tuvo la presencia del vice fiscal de Prevenci\u00f3n del Delito, Justicia Restaurativa y Atenci\u00f3n a V\u00edctimas, Juan Carlos Azar Rivero y las panelistas internacionales Alma Tucker, especialista en psicolog\u00eda cl\u00ednica; Annie Kardas, especialista en Comunicaciones; la periodista argentina Luciana Mazza Toimil, y Alicia Daniela Peressutti, especialista espa\u00f1ola en Violencia de G\u00e9nero. (Comunicado)<\/p>\n<div class=\"separator\" style=\"clear: both;\"><a href=\"https:\/\/lh4.googleusercontent.com\/-vL-oOtQ6H-s\/U91Sey0_R5I\/AAAAAAAAijA\/Wh9YMTBCoik\/s640\/blogger-image--1709817576.jpg\" imageanchor=\"1\" style=\"margin-left: 1em; margin-right: 1em;\"><img decoding=\"async\" border=\"0\" src=\"https:\/\/lh4.googleusercontent.com\/-vL-oOtQ6H-s\/U91Sey0_R5I\/AAAAAAAAijA\/Wh9YMTBCoik\/s640\/blogger-image--1709817576.jpg\"><\/a><\/div>\n<\/div>\n<div><\/div>\n","protected":false},"excerpt":{"rendered":"<p>M\u00e9rida, Yucat\u00e1n, 02 de agosto de 2014.- Dentro del marco del Primer D\u00eda Internacional Contra la Trata, acordado por la Organizaci\u00f3n de las Naciones Unidas (ONU), &nbsp;se llev\u00f3 a efecto<\/p>\n","protected":false},"author":1,"featured_media":15709,"comment_status":"open","ping_status":"open","sticky":false,"template":"","format":"standard","meta":{"jetpack_post_was_ever_published":false,"_jetpack_newsletter_access":"","_jetpack_dont_email_post_to_subs":false,"_jetpack_newsletter_tier_id":0,"_jetpack_memberships_contains_paywalled_content":false,"_jetpack_memberships_contains_paid_content":false,"footnotes":"","jetpack_publicize_message":"","jetpack_publicize_feature_enabled":true,"jetpack_social_post_already_shared":false,"jetpack_social_options":{"image_generator_settings":{"template":"highway","default_image_id":0,"font":"","enabled":false},"version":2}},"categories":[17,1],"tags":[],"class_list":["post-2799","post","type-post","status-publish","format-standard","has-post-thumbnail","hentry","category-politica-y-gobierno","category-sin-categoria"],"jetpack_publicize_connections":[],"jetpack_featured_media_url":"https:\/\/formalprision.com\/wp-content\/uploads\/2014\/08\/blogger-image-1709817576.jpg","jetpack_sharing_enabled":true,"jetpack_shortlink":"https:\/\/wp.me\/p6id8p-J9","_links":{"self":[{"href":"https:\/\/formalprision.com\/index.php?rest_route=\/wp\/v2\/posts\/2799","targetHints":{"allow":["GET"]}}],"collection":[{"href":"https:\/\/formalprision.com\/index.php?rest_route=\/wp\/v2\/posts"}],"about":[{"href":"https:\/\/formalprision.com\/index.php?rest_route=\/wp\/v2\/types\/post"}],"author":[{"embeddable":true,"href":"https:\/\/formalprision.com\/index.php?rest_route=\/wp\/v2\/users\/1"}],"replies":[{"embeddable":true,"href":"https:\/\/formalprision.com\/index.php?rest_route=%2Fwp%2Fv2%2Fcomments&post=2799"}],"version-history":[{"count":0,"href":"https:\/\/formalprision.com\/index.php?rest_route=\/wp\/v2\/posts\/2799\/revisions"}],"wp:featuredmedia":[{"embeddable":true,"href":"https:\/\/formalprision.com\/index.php?rest_route=\/wp\/v2\/media\/15709"}],"wp:attachment":[{"href":"https:\/\/formalprision.com\/index.php?rest_route=%2Fwp%2Fv2%2Fmedia&parent=2799"}],"wp:term":[{"taxonomy":"category","embeddable":true,"href":"https:\/\/formalprision.com\/index.php?rest_route=%2Fwp%2Fv2%2Fcategories&post=2799"},{"taxonomy":"post_tag","embeddable":true,"href":"https:\/\/formalprision.com\/index.php?rest_route=%2Fwp%2Fv2%2Ftags&post=2799"}],"curies":[{"name":"wp","href":"https:\/\/api.w.org\/{rel}","templated":true}]}}