{"id":28,"date":"2015-06-01T06:45:00","date_gmt":"2015-06-01T06:45:00","guid":{"rendered":"http:\/\/formalprision.info\/2015\/06\/01\/tres-muertos-en-ataques-vandalicos-este_1\/"},"modified":"2015-06-03T08:20:50","modified_gmt":"2015-06-03T08:20:50","slug":"tres-muertos-en-ataques-vandalicos-este_1","status":"publish","type":"post","link":"https:\/\/formalprision.com\/?p=28","title":{"rendered":"Ataques vand\u00e1licos causan dos muertos en Yucat\u00e1n"},"content":{"rendered":"<p>La jornada dominical en la entidad termin\u00f3 en forma violenta, con dos muertes por actos v\u00e1nd\u00e1licos en Caucel y Peto.Pese a que los hechos en Peto fueron reportados &nbsp;como un pleito entre v\u00e1ndalos, directivos panistas afirmaron que tuvieron tintes pol\u00edticos, incluso denunciaron penalmente las supuestas agresiones.En Caucel, una tertulia entre amigos termin\u00f3 en tragedia, cuando uno de ellos fue asesinado con una botella rota por otro de los parranderos.sergio Iv\u00e1n Eu\u00e1n Noh, de 18 a\u00f1os y de oficio alba\u00f1il, muri\u00f3 de un corte en la yugular, que le produjo un sujeto conocido \u00fanicamente como Michel, con quien inger\u00eda bebidas embriagantes el ahora occiso.Ambos discutieron y Michel tom\u00f3 una botella, la rompi\u00f3 y le hizo el corte mortal a su oponente, quien falleci\u00f3 al poco tiempo, aun cuando varias personas intentaron frenar la hemorragia con telas.El presunto agresor y otro de los sujetos que estaba en la tertulia fueron detenidos poco despu\u00e9s.En el caso de Peto, el enfrentamiento ocurri\u00f3 en la calle 21 con 32, cerca de la ex Estaci\u00f3n de Ferrocarriles.Los v\u00e1ndalos se enfrentaron a pedradas, machetazos y, seg\u00fan algunas versiones, incluso hubo balazos.Muri\u00f3 el joven Marco Francisco Canch\u00e9 Moo y otros seis resultaron heridos, aunque los panistas afirmaron que luego habr\u00eda muerto uno de estos \u00faltimos, identificado como Elmer Uc Ek, lo cual fue desmentido por las autoridades estatales..M\u00e1s tarde, los senadores del PAN Daniel Avila y Beatriz Zavala, en sus redes sociales, aseguraron que se trat\u00f3 de un ataque durante el cierre de campa\u00f1a del candidato de su partido a presidente municipal, Jaime Hern\u00e1ndez Santos.Los panistas denunciaron ante la Fiscal\u00eda del Estado y afirmaron que el ataque se produjo durante una marcha por calles de la localidad.<\/p>\n<div style=\"color: rgba(0, 0, 0, 0.701961); font-family: UICTFontTextStyleBody; font-size: 19px; -webkit-composition-fill-color: rgba(130, 98, 83, 0.0980392);\">Sobre el caso, el fiscal general del Estado, Ariel Aldecua Kuk, descart\u00f3 que el conflicto tenga tintes partidistas.<\/div>\n<div style=\"color: rgba(0, 0, 0, 0.701961); font-family: UICTFontTextStyleBody; font-size: 19px; -webkit-composition-fill-color: rgba(130, 98, 83, 0.0980392);\">Se\u00f1al\u00f3 que, de acuerdo a las primeras investigaciones, fue un pleito entre bandas en el que falleci\u00f3 Marco Francisco Canch\u00e9 Moo, joven de 18 a\u00f1os que ya ten\u00eda varios ingresos a la c\u00e1rcel p\u00fablica por agresiones en pandilla.<\/div>\n<div style=\"color: rgba(0, 0, 0, 0.701961); font-family: UICTFontTextStyleBody; font-size: 19px; -webkit-composition-fill-color: rgba(130, 98, 83, 0.0980392);\">Los hechos se dieron alrededor de las 8 de la noche en la&nbsp;<a href=\"x-apple-data-detectors:\/\/0\" x-apple-data-detectors=\"true\" x-apple-data-detectors-type=\"address\" x-apple-data-detectors-result=\"0\">calle 30 por 17 y 19<\/a>&nbsp;de ese municipio:<\/div>\n<div style=\"color: rgba(0, 0, 0, 0.701961); font-family: UICTFontTextStyleBody; font-size: 19px; -webkit-composition-fill-color: rgba(130, 98, 83, 0.0980392);\">J\u00f3venes de entre 15 y 18 a\u00f1os de edad, integrantes de las bandas Barrio Pobre y Los Yoker se enfrentaron a golpes y en alg\u00fan momento la situaci\u00f3n se torn\u00f3 m\u00e1s violenta resultando Canch\u00e9 Moo con 11 heridas de bala y de arma blanca que le costaron la vida.<\/div>\n<div style=\"color: rgba(0, 0, 0, 0.701961); font-family: UICTFontTextStyleBody; font-size: 19px; -webkit-composition-fill-color: rgba(130, 98, 83, 0.0980392);\">En la trifulca resultaron lesionadas 8 personas, 3 fueron internados en el&nbsp;<a href=\"x-apple-data-detectors:\/\/1\" x-apple-data-detectors=\"true\" x-apple-data-detectors-type=\"address\" x-apple-data-detectors-result=\"1\">Centro de Salud, 5<\/a>&nbsp;en el Centro Comunitario de la poblaci\u00f3n y posteriormente trasladados al Hospital General \u00abAgust\u00edn O&#8217;Horan\u00bb en M\u00e9rida con lesiones de perdigones y piedras en la cabeza.<\/div>\n<div style=\"color: rgba(0, 0, 0, 0.701961); font-family: UICTFontTextStyleBody; font-size: 19px; -webkit-composition-fill-color: rgba(130, 98, 83, 0.0980392);\"><\/div>\n<p><\/p>\n<div class=\"separator\" style=\"clear: both;\"><a href=\"https:\/\/lh3.googleusercontent.com\/-rGYU99I6RKE\/VWv_dS2a5FI\/AAAAAAAAoYc\/loC0JSyV1OQ\/s640\/blogger-image-267265746.jpg\" imageanchor=\"1\" style=\"margin-left: 1em; margin-right: 1em;\"><img decoding=\"async\" border=\"0\" src=\"https:\/\/lh3.googleusercontent.com\/-rGYU99I6RKE\/VWv_dS2a5FI\/AAAAAAAAoYc\/loC0JSyV1OQ\/s640\/blogger-image-267265746.jpg\"><\/a><\/div>\n<p><\/p>\n","protected":false},"excerpt":{"rendered":"<p>La jornada dominical en la entidad termin\u00f3 en forma violenta, con dos muertes por actos v\u00e1nd\u00e1licos en Caucel y Peto.Pese a que los hechos en Peto fueron reportados &nbsp;como un<\/p>\n","protected":false},"author":1,"featured_media":10052,"comment_status":"open","ping_status":"open","sticky":false,"template":"","format":"standard","meta":{"jetpack_post_was_ever_published":false,"_jetpack_newsletter_access":"","_jetpack_dont_email_post_to_subs":false,"_jetpack_newsletter_tier_id":0,"_jetpack_memberships_contains_paywalled_content":false,"_jetpack_memberships_contains_paid_content":false,"footnotes":"","jetpack_publicize_message":"","jetpack_publicize_feature_enabled":true,"jetpack_social_post_already_shared":false,"jetpack_social_options":{"image_generator_settings":{"template":"highway","default_image_id":0,"font":"","enabled":false},"version":2}},"categories":[10,1],"tags":[],"class_list":["post-28","post","type-post","status-publish","format-standard","has-post-thumbnail","hentry","category-lectura-recomendada","category-sin-categoria"],"jetpack_publicize_connections":[],"jetpack_featured_media_url":"https:\/\/formalprision.com\/wp-content\/uploads\/2015\/06\/blogger-image-267265746.jpg","jetpack_sharing_enabled":true,"jetpack_shortlink":"https:\/\/wp.me\/p6id8p-s","_links":{"self":[{"href":"https:\/\/formalprision.com\/index.php?rest_route=\/wp\/v2\/posts\/28","targetHints":{"allow":["GET"]}}],"collection":[{"href":"https:\/\/formalprision.com\/index.php?rest_route=\/wp\/v2\/posts"}],"about":[{"href":"https:\/\/formalprision.com\/index.php?rest_route=\/wp\/v2\/types\/post"}],"author":[{"embeddable":true,"href":"https:\/\/formalprision.com\/index.php?rest_route=\/wp\/v2\/users\/1"}],"replies":[{"embeddable":true,"href":"https:\/\/formalprision.com\/index.php?rest_route=%2Fwp%2Fv2%2Fcomments&post=28"}],"version-history":[{"count":0,"href":"https:\/\/formalprision.com\/index.php?rest_route=\/wp\/v2\/posts\/28\/revisions"}],"wp:featuredmedia":[{"embeddable":true,"href":"https:\/\/formalprision.com\/index.php?rest_route=\/wp\/v2\/media\/10052"}],"wp:attachment":[{"href":"https:\/\/formalprision.com\/index.php?rest_route=%2Fwp%2Fv2%2Fmedia&parent=28"}],"wp:term":[{"taxonomy":"category","embeddable":true,"href":"https:\/\/formalprision.com\/index.php?rest_route=%2Fwp%2Fv2%2Fcategories&post=28"},{"taxonomy":"post_tag","embeddable":true,"href":"https:\/\/formalprision.com\/index.php?rest_route=%2Fwp%2Fv2%2Ftags&post=28"}],"curies":[{"name":"wp","href":"https:\/\/api.w.org\/{rel}","templated":true}]}}