{"id":2800,"date":"2014-08-02T19:23:00","date_gmt":"2014-08-02T19:23:00","guid":{"rendered":"http:\/\/formalprision.info\/2014\/08\/02\/buscan-talentos-deportivos-en-bienestar\/"},"modified":"2015-06-03T08:36:30","modified_gmt":"2015-06-03T08:36:30","slug":"buscan-talentos-deportivos-en-bienestar","status":"publish","type":"post","link":"https:\/\/formalprision.com\/?p=2800","title":{"rendered":"Buscan talentos deportivos en Bienestar en Vacaciones 2014"},"content":{"rendered":"<div style=\"font-family: Noteworthy; font-size: 20px; font-weight: bold; line-height: 26px; -webkit-tap-highlight-color: rgba(26, 26, 26, 0.296875); -webkit-composition-fill-color: rgba(130, 98, 83, 0.0976563); -webkit-composition-frame-color: rgba(191, 107, 82, 0.496094); \">\n<div>M\u00e9rida, Yucat\u00e1n, 02 de agosto de 2014.- Tras el recorrido de la antorcha y el encendido del fuego ol\u00edmpico, m\u00e1s de dos mil 200 ni\u00f1os yucatecos demostraron sus habilidades y destrezas en las diferentes disciplinas deportivas de la Mini Olimpiada del programa Bienestar en Vacaciones 2014.<\/div>\n<div>El Gobernador Rolando Zapata Bello, acompa\u00f1ado de la Presidenta del Sistema para el Desarrollo Integral de la Familia (DIF) en el estado, Sarita Blancarte de Zapata, inaugur\u00f3 dicho evento que adem\u00e1s de motivar la recreaci\u00f3n y el esparcimiento de los infantes, sirve para detectar a futuros deportistas de alto rendimiento.<\/div>\n<div>Los peque\u00f1os atletas de M\u00e9rida y 22 municipios del estado compitieron en atletismo, levantamiento de pesas, boxeo, biatl\u00f3n, front\u00f3n, tenis, esgrima, tenis de mesa, hockey, nataci\u00f3n, ajedrez, tiro con arco, luchas asociadas, patinaje, balonmano y judo.<\/div>\n<div>Estas actividades tuvieron como sedes el estadio \u201cGeneral Salvador Alvarado\u201d, la Unidad Deportiva \u201cBenito Ju\u00e1rez\u201d y el Complejo Deportivo \u201cLa inal\u00e1mbrica\u201d. Asimismo, hubo pruebas de remo y canotaje en la Pista Internacional de estas disciplinas ubicada en el puerto de Progreso.<\/div>\n<div>Dicho n\u00famero de competidores son parte de los m\u00e1s de 23 mil infantes que participan en la segunda edici\u00f3n del programa Bienestar en Vacaciones, mediante el cual, ni\u00f1os y ni\u00f1as de la entidad convivir\u00e1n hasta el pr\u00f3ximo 9 de agosto con actividades de este tipo, que tambi\u00e9n incluyen din\u00e1micas art\u00edsticas y culturales.<\/div>\n<div>Al dar el mensaje inaugural ante los menores y sus familias reunidos en el estadio \u201cGeneral Salvador Alvarado\u201d, el titular del Poder Ejecutivo destac\u00f3 &nbsp;que la Mini Olimpiada se realiza para que puedan demostrar sus habilidades en las respectivas disciplinas y de esta manera, los visores deportivos seleccionen a los m\u00e1s talentosos con el fin de impulsarlos al alto rendimiento, lo que les permitir\u00eda representar a Yucat\u00e1n en justas nacionales e internacionales. &nbsp;<\/div>\n<div>\u201cAhora que empiecen las competencias corran, salten, lancen, compitan y echen muchas ganas, porque lo m\u00e1s importante es que se diviertan. Ustedes son ni\u00f1os y para nosotros es importante que la ni\u00f1ez sea muy feliz\u201d, apunt\u00f3 el mandatario ante autoridades estatales y municipales.<\/div>\n<div>Por su parte, el titular de la Secretar\u00eda de Desarrollo Social (Sedesol), Nerio Torres Arcila, explic\u00f3 que los primeros lugares de cada competencia ser\u00e1n acreedores de medallas y la sede que haya logrado m\u00e1s preseas se llevar\u00e1 un trofeo especial. Precis\u00f3 que el a\u00f1o pasado se capt\u00f3 a 650 atletas a los cuales se les ha dado seguimiento oportuno por parte del Instituto del Deporte de Yucat\u00e1n (IDEY).<\/div>\n<div>A nombre de los infantes beneficiarios del programa, la peque\u00f1a Ligia Mezquita Flota, quien fue seleccionada para participar en raquetbol, mencion\u00f3 que el programa Bienestar en Vacaciones ha sido una gran oportunidad para conocer nuevos amigos, practicar deportes, hacer manualidades y disfrutar de ma\u00f1anas entretenidas.<\/div>\n<div>Previo a la ceremonia inaugural desfilaron los participantes seleccionados de las sedes de M\u00e9rida, Izamal, Motul, Temax, Progreso, Hoct\u00fan, Tizim\u00edn, Teya, Valladolid, Maxcan\u00fa, Telchac Puerto, Muna, Conkal, Ticul, Um\u00e1n, Espita, Kinchil, Hunucm\u00e1, Chochol\u00e1, Peto, Celest\u00fan, Kanas\u00edn y Tekax.<\/div>\n<div>Antes del arranque de las competencias, el atleta Alfonso Arrigunaga \u00c1vila realiz\u00f3 el recorrido de la antorcha y el encendido del pebetero. Posteriormente, la ni\u00f1a Andrea Arrigunaga \u00c1vila hizo el juramento deportivo y L\u00e1zaro Medina Lugo se encarg\u00f3 del de los jueces.<\/div>\n<div>Como parte de la inauguraci\u00f3n, el Gobernador, acompa\u00f1ado de las dem\u00e1s autoridades, realiz\u00f3 un recorrido a trav\u00e9s de los diferentes puntos del estadio donde se llevaban a cabo algunas de las disciplinas como boxeo, tenis, levantamiento de pesas, atletismo y raquetbol, para observar las habilidades de los deportistas.<\/div>\n<div>Al evento asistieron los secretarios de Salud, Jorge Mendoza M\u00e9zquita, y de Obras P\u00fablicas, Daniel Quintal Ic, adem\u00e1s del director del IDEY, Juan Sosa Puerto, as\u00ed como &nbsp;presidentes municipales y diputados locales. &nbsp;&nbsp;<\/p>\n<div class=\"separator\" style=\"clear: both;\"><a href=\"https:\/\/lh5.googleusercontent.com\/-PTrhZWlbGPA\/U906tziw5lI\/AAAAAAAAiiw\/PDTgPE9expc\/s640\/blogger-image--36099500.jpg\" imageanchor=\"1\" style=\"margin-left: 1em; margin-right: 1em;\"><img decoding=\"async\" border=\"0\" src=\"https:\/\/lh5.googleusercontent.com\/-PTrhZWlbGPA\/U906tziw5lI\/AAAAAAAAiiw\/PDTgPE9expc\/s640\/blogger-image--36099500.jpg\"><\/a><\/div>\n<\/div>\n<div><\/div>\n<div><\/div>\n<\/div>\n<div style=\"font-family: Noteworthy; font-size: 20px; font-weight: bold; line-height: 26px; -webkit-tap-highlight-color: rgba(26, 26, 26, 0.296875); -webkit-composition-fill-color: rgba(130, 98, 83, 0.0976563); -webkit-composition-frame-color: rgba(191, 107, 82, 0.496094); \"><\/div>\n","protected":false},"excerpt":{"rendered":"<p>M\u00e9rida, Yucat\u00e1n, 02 de agosto de 2014.- Tras el recorrido de la antorcha y el encendido del fuego ol\u00edmpico, m\u00e1s de dos mil 200 ni\u00f1os yucatecos demostraron sus habilidades y<\/p>\n","protected":false},"author":1,"featured_media":15711,"comment_status":"open","ping_status":"open","sticky":false,"template":"","format":"standard","meta":{"jetpack_post_was_ever_published":false,"_jetpack_newsletter_access":"","_jetpack_dont_email_post_to_subs":false,"_jetpack_newsletter_tier_id":0,"_jetpack_memberships_contains_paywalled_content":false,"_jetpack_memberships_contains_paid_content":false,"footnotes":"","jetpack_publicize_message":"","jetpack_publicize_feature_enabled":true,"jetpack_social_post_already_shared":false,"jetpack_social_options":{"image_generator_settings":{"template":"highway","default_image_id":0,"font":"","enabled":false},"version":2}},"categories":[17,1],"tags":[],"class_list":["post-2800","post","type-post","status-publish","format-standard","has-post-thumbnail","hentry","category-politica-y-gobierno","category-sin-categoria"],"jetpack_publicize_connections":[],"jetpack_featured_media_url":"https:\/\/formalprision.com\/wp-content\/uploads\/2014\/08\/blogger-image-36099500.jpg","jetpack_sharing_enabled":true,"jetpack_shortlink":"https:\/\/wp.me\/p6id8p-Ja","_links":{"self":[{"href":"https:\/\/formalprision.com\/index.php?rest_route=\/wp\/v2\/posts\/2800","targetHints":{"allow":["GET"]}}],"collection":[{"href":"https:\/\/formalprision.com\/index.php?rest_route=\/wp\/v2\/posts"}],"about":[{"href":"https:\/\/formalprision.com\/index.php?rest_route=\/wp\/v2\/types\/post"}],"author":[{"embeddable":true,"href":"https:\/\/formalprision.com\/index.php?rest_route=\/wp\/v2\/users\/1"}],"replies":[{"embeddable":true,"href":"https:\/\/formalprision.com\/index.php?rest_route=%2Fwp%2Fv2%2Fcomments&post=2800"}],"version-history":[{"count":0,"href":"https:\/\/formalprision.com\/index.php?rest_route=\/wp\/v2\/posts\/2800\/revisions"}],"wp:featuredmedia":[{"embeddable":true,"href":"https:\/\/formalprision.com\/index.php?rest_route=\/wp\/v2\/media\/15711"}],"wp:attachment":[{"href":"https:\/\/formalprision.com\/index.php?rest_route=%2Fwp%2Fv2%2Fmedia&parent=2800"}],"wp:term":[{"taxonomy":"category","embeddable":true,"href":"https:\/\/formalprision.com\/index.php?rest_route=%2Fwp%2Fv2%2Fcategories&post=2800"},{"taxonomy":"post_tag","embeddable":true,"href":"https:\/\/formalprision.com\/index.php?rest_route=%2Fwp%2Fv2%2Ftags&post=2800"}],"curies":[{"name":"wp","href":"https:\/\/api.w.org\/{rel}","templated":true}]}}