{"id":2801,"date":"2014-08-02T19:20:00","date_gmt":"2014-08-02T19:20:00","guid":{"rendered":"http:\/\/formalprision.info\/2014\/08\/02\/llegaran-los-del-bienestar-la-colonia\/"},"modified":"2015-06-03T08:36:30","modified_gmt":"2015-06-03T08:36:30","slug":"llegaran-los-del-bienestar-la-colonia","status":"publish","type":"post","link":"https:\/\/formalprision.com\/?p=2801","title":{"rendered":"Llegar\u00e1n los &quot;Comedores del bienestar&quot; a la colonia Melit\u00f3n Salazar"},"content":{"rendered":"<div style=\"font-family: Noteworthy; font-size: 20px; font-weight: bold; line-height: 26px; -webkit-tap-highlight-color: rgba(26, 26, 26, 0.296875); -webkit-composition-fill-color: rgba(130, 98, 83, 0.0976563); -webkit-composition-frame-color: rgba(191, 107, 82, 0.496094); \">M\u00e9rida, Yucat\u00e1n, 02 de agosto de 2014.- Como parte del compromiso del Gobierno del Estado de acercar el programa \u00abComedores del bienestar\u00bb &nbsp;a m\u00e1s personas en situaci\u00f3n de vulnerabilidad, &nbsp;el titular del Poder Ejecutivo, Rolando Zapata Bello, anunci\u00f3 la creaci\u00f3n de un nuevo espacio de este tipo en la colonia Melit\u00f3n Salazar, ubicada al Sur de la capital yucateca.&nbsp;<\/div>\n<div style=\"font-family: Noteworthy; font-size: 20px; font-weight: bold; line-height: 26px; -webkit-tap-highlight-color: rgba(26, 26, 26, 0.296875); -webkit-composition-fill-color: rgba(130, 98, 83, 0.0976563); -webkit-composition-frame-color: rgba(191, 107, 82, 0.496094); \">Durante la d\u00e9cima tercera edici\u00f3n del esquema \u00abDi\u00e1logos con el Gobernador\u201d, Zapata Bello asegur\u00f3 que \u00e9ste se sumar\u00e1 a los cinco ya existentes en M\u00e9rida, en los cuales se ofrecen alimentos nutritivos a bajo costo para ni\u00f1os, adultos mayores y personas con discapacidad.&nbsp;<\/div>\n<div style=\"font-family: Noteworthy; font-size: 20px; font-weight: bold; line-height: 26px; -webkit-tap-highlight-color: rgba(26, 26, 26, 0.296875); -webkit-composition-fill-color: rgba(130, 98, 83, 0.0976563); -webkit-composition-frame-color: rgba(191, 107, 82, 0.496094); \">Ante m\u00e1s de 700 personas que se dieron cita en el parque de la colonia Melit\u00f3n Salazar de la ciudad, el mandatario gir\u00f3 instrucciones al secretario de Desarrollo Social, Nerio Torres Arcila, para que en breve inicie operaciones el nuevo Comedor que atender\u00e1 tambi\u00e9n a vecinos de lugares cercanos.&nbsp;<\/div>\n<div style=\"font-family: Noteworthy; font-size: 20px; font-weight: bold; line-height: 26px; -webkit-tap-highlight-color: rgba(26, 26, 26, 0.296875); -webkit-composition-fill-color: rgba(130, 98, 83, 0.0976563); -webkit-composition-frame-color: rgba(191, 107, 82, 0.496094); \">Durante el encuentro, que se prolong\u00f3 por m\u00e1s de cuatro horas, el Gobernador escuch\u00f3 y atendi\u00f3 las diversas inquietudes de los asistentes, entre las que figuraron acciones en materia educativa, salud, empleo, seguridad y vialidad.<\/div>\n<div style=\"font-family: Noteworthy; font-size: 20px; font-weight: bold; line-height: 26px; -webkit-tap-highlight-color: rgba(26, 26, 26, 0.296875); -webkit-composition-fill-color: rgba(130, 98, 83, 0.0976563); -webkit-composition-frame-color: rgba(191, 107, 82, 0.496094); \">Tales fueron los casos de Jimmy Javier Novelo Cano y Jos\u00e9 Miguel Gamboa Ciau, quienes solicitaron el fortalecimiento de la vigilancia y seguridad en la colonia, &nbsp;as\u00ed como llevar a los vecinos una feria de la salud y el programa \u201cRecicla por tu bienestar\u201d, para evitar la proliferaci\u00f3n del vector transmisor del dengue.<\/div>\n<div style=\"font-family: Noteworthy; font-size: 20px; font-weight: bold; line-height: 26px; -webkit-tap-highlight-color: rgba(26, 26, 26, 0.296875); -webkit-composition-fill-color: rgba(130, 98, 83, 0.0976563); -webkit-composition-frame-color: rgba(191, 107, 82, 0.496094); \">Por su parte, &nbsp;la se\u00f1ora &nbsp;Yolanda Chabl\u00e9 Chan manifest\u00f3 al mandatario la necesidad de remozar y mejorar las instalaciones del jard\u00edn de ni\u00f1os \u00abElda Margarita Aguilar Y\u00e1\u00f1ez\u201d y la primaria \u00abEstado de M\u00e9xico\u00bb, adem\u00e1s de dotar con equipos de c\u00f3mputo a la escuela \u00abEj\u00e9rcito nacional\u00bb de la citada localidad.&nbsp;<\/div>\n<div style=\"font-family: Noteworthy; font-size: 20px; font-weight: bold; line-height: 26px; -webkit-tap-highlight-color: rgba(26, 26, 26, 0.296875); -webkit-composition-fill-color: rgba(130, 98, 83, 0.0976563); -webkit-composition-frame-color: rgba(191, 107, 82, 0.496094); \">Ante vecinos de las colonias Melit\u00f3n Salazar, &nbsp;Delio Moreno, &nbsp;Castilla C\u00e1mara, &nbsp;Dzununc\u00e1n, Obrera y Nueva Obrera, &nbsp;el titular del Poder Ejecutivo inform\u00f3 que en repuesta a las peticiones se reforzar\u00e1 la seguridad en la zona y se realizar\u00e1n m\u00e1s acciones de prevenci\u00f3n del delito, adem\u00e1s de ferias de empleo, &nbsp;cursos de capacitaci\u00f3n y de fomento al autoempleo.<\/div>\n<div style=\"font-family: Noteworthy; font-size: 20px; font-weight: bold; line-height: 26px; -webkit-tap-highlight-color: rgba(26, 26, 26, 0.296875); -webkit-composition-fill-color: rgba(130, 98, 83, 0.0976563); -webkit-composition-frame-color: rgba(191, 107, 82, 0.496094); \">\u00abPorque el compromiso del Gobierno del Estado no es s\u00f3lo escucharlos y estar en contacto con la gente, &nbsp;sino darles soluci\u00f3n a sus problemas y eso es para lo que estamos hoy aqu\u00ed con ustedes, &nbsp;para atender sus necesidades y las de la colonia\u00bb, subray\u00f3.<\/div>\n<div style=\"font-family: Noteworthy; font-size: 20px; font-weight: bold; line-height: 26px; -webkit-tap-highlight-color: rgba(26, 26, 26, 0.296875); -webkit-composition-fill-color: rgba(130, 98, 83, 0.0976563); -webkit-composition-frame-color: rgba(191, 107, 82, 0.496094); \">En ese sentido, &nbsp;Zapata Bello tambi\u00e9n dio instrucciones para que se realicen mejoras en los parques de la zona, a fin de que los colonos cuenten con espacios dignos donde se fomente la pr\u00e1ctica deportiva, la sana diversi\u00f3n y la convivencia familiar.&nbsp;<\/div>\n<div style=\"font-family: Noteworthy; font-size: 20px; font-weight: bold; line-height: 26px; -webkit-tap-highlight-color: rgba(26, 26, 26, 0.296875); -webkit-composition-fill-color: rgba(130, 98, 83, 0.0976563); -webkit-composition-frame-color: rgba(191, 107, 82, 0.496094); \">Durante el evento, &nbsp;Mar\u00eda Tzec Gonz\u00e1lez agradeci\u00f3 al mandatario la entrega de una nueva silla de ruedas para su hijo Mois\u00e9s Hern\u00e1ndez Tzec, quien padece par\u00e1lisis cerebral.&nbsp;<\/div>\n<div style=\"font-family: Noteworthy; font-size: 20px; font-weight: bold; line-height: 26px; -webkit-tap-highlight-color: rgba(26, 26, 26, 0.296875); -webkit-composition-fill-color: rgba(130, 98, 83, 0.0976563); -webkit-composition-frame-color: rgba(191, 107, 82, 0.496094); \">\u00abPara nosotros es como unos pies para Mois\u00e9s, porque hace m\u00e1s f\u00e1cil su traslado. Gracias Gobernador por escucharme personalmente y atender tan r\u00e1pido mi solicitud\u00bb, expres\u00f3.<\/p>\n<div class=\"separator\" style=\"clear: both;\"><a href=\"https:\/\/lh3.googleusercontent.com\/-mOXqZNiYyb8\/U9059sP_QxI\/AAAAAAAAiio\/xyNrwd5CG6A\/s640\/blogger-image--995258367.jpg\" imageanchor=\"1\" style=\"margin-left: 1em; margin-right: 1em;\"><img decoding=\"async\" border=\"0\" src=\"https:\/\/lh3.googleusercontent.com\/-mOXqZNiYyb8\/U9059sP_QxI\/AAAAAAAAiio\/xyNrwd5CG6A\/s640\/blogger-image--995258367.jpg\"><\/a><\/div>\n<\/div>\n","protected":false},"excerpt":{"rendered":"<p>M\u00e9rida, Yucat\u00e1n, 02 de agosto de 2014.- Como parte del compromiso del Gobierno del Estado de acercar el programa \u00abComedores del bienestar\u00bb &nbsp;a m\u00e1s personas en situaci\u00f3n de vulnerabilidad, &nbsp;el<\/p>\n","protected":false},"author":1,"featured_media":15713,"comment_status":"open","ping_status":"open","sticky":false,"template":"","format":"standard","meta":{"jetpack_post_was_ever_published":false,"_jetpack_newsletter_access":"","_jetpack_dont_email_post_to_subs":false,"_jetpack_newsletter_tier_id":0,"_jetpack_memberships_contains_paywalled_content":false,"_jetpack_memberships_contains_paid_content":false,"footnotes":"","jetpack_publicize_message":"","jetpack_publicize_feature_enabled":true,"jetpack_social_post_already_shared":false,"jetpack_social_options":{"image_generator_settings":{"template":"highway","default_image_id":0,"font":"","enabled":false},"version":2}},"categories":[17,1],"tags":[],"class_list":["post-2801","post","type-post","status-publish","format-standard","has-post-thumbnail","hentry","category-politica-y-gobierno","category-sin-categoria"],"jetpack_publicize_connections":[],"jetpack_featured_media_url":"https:\/\/formalprision.com\/wp-content\/uploads\/2014\/08\/blogger-image-995258367.jpg","jetpack_sharing_enabled":true,"jetpack_shortlink":"https:\/\/wp.me\/p6id8p-Jb","_links":{"self":[{"href":"https:\/\/formalprision.com\/index.php?rest_route=\/wp\/v2\/posts\/2801","targetHints":{"allow":["GET"]}}],"collection":[{"href":"https:\/\/formalprision.com\/index.php?rest_route=\/wp\/v2\/posts"}],"about":[{"href":"https:\/\/formalprision.com\/index.php?rest_route=\/wp\/v2\/types\/post"}],"author":[{"embeddable":true,"href":"https:\/\/formalprision.com\/index.php?rest_route=\/wp\/v2\/users\/1"}],"replies":[{"embeddable":true,"href":"https:\/\/formalprision.com\/index.php?rest_route=%2Fwp%2Fv2%2Fcomments&post=2801"}],"version-history":[{"count":0,"href":"https:\/\/formalprision.com\/index.php?rest_route=\/wp\/v2\/posts\/2801\/revisions"}],"wp:featuredmedia":[{"embeddable":true,"href":"https:\/\/formalprision.com\/index.php?rest_route=\/wp\/v2\/media\/15713"}],"wp:attachment":[{"href":"https:\/\/formalprision.com\/index.php?rest_route=%2Fwp%2Fv2%2Fmedia&parent=2801"}],"wp:term":[{"taxonomy":"category","embeddable":true,"href":"https:\/\/formalprision.com\/index.php?rest_route=%2Fwp%2Fv2%2Fcategories&post=2801"},{"taxonomy":"post_tag","embeddable":true,"href":"https:\/\/formalprision.com\/index.php?rest_route=%2Fwp%2Fv2%2Ftags&post=2801"}],"curies":[{"name":"wp","href":"https:\/\/api.w.org\/{rel}","templated":true}]}}