{"id":2826,"date":"2014-07-29T19:42:00","date_gmt":"2014-07-29T19:42:00","guid":{"rendered":"http:\/\/formalprision.info\/2014\/07\/29\/el-gobernador-anuncia-la-extension-de\/"},"modified":"2015-06-03T08:36:37","modified_gmt":"2015-06-03T08:36:37","slug":"el-gobernador-anuncia-la-extension-de","status":"publish","type":"post","link":"https:\/\/formalprision.com\/?p=2826","title":{"rendered":"El Gobernador anuncia la extensi\u00f3n de los \u201cComedores del bienestar\u201d"},"content":{"rendered":"<div style=\"font-family: Noteworthy; font-size: 20px; font-weight: bold; line-height: 26px; -webkit-tap-highlight-color: rgba(26, 26, 26, 0.296875); -webkit-composition-fill-color: rgba(130, 98, 83, 0.0976563); -webkit-composition-frame-color: rgba(191, 107, 82, 0.496094); \">M\u00e9rida, Yucat\u00e1n, 29 de julio de 2104.- Debido al \u00e9xito de los \u201cComedores del bienestar\u201d en la ciudad de M\u00e9rida, el Gobernador Rolando Zapata Bello anunci\u00f3 que la estrategia se extender\u00e1 a m\u00e1s colonias con rezago social, para ofrecer comida nutritiva a bajos costos a adultos mayores, ni\u00f1os y personas con discapacidad de escasos recursos.<\/div>\n<div style=\"font-family: Noteworthy; font-size: 20px; font-weight: bold; line-height: 26px; -webkit-tap-highlight-color: rgba(26, 26, 26, 0.296875); -webkit-composition-fill-color: rgba(130, 98, 83, 0.0976563); -webkit-composition-frame-color: rgba(191, 107, 82, 0.496094); \">El titular del Poder Ejecutivo realiz\u00f3 este anuncio en el marco de la inauguraci\u00f3n de dos espacios m\u00e1s de este tipo en las colonias San Jos\u00e9 y Azcorra, con los cuales se cumple la meta de la primera etapa de este programa, enfocada a la apertura de cinco de ellos en menos de un mes.<\/div>\n<div style=\"font-family: Noteworthy; font-size: 20px; font-weight: bold; line-height: 26px; -webkit-tap-highlight-color: rgba(26, 26, 26, 0.296875); -webkit-composition-fill-color: rgba(130, 98, 83, 0.0976563); -webkit-composition-frame-color: rgba(191, 107, 82, 0.496094); \">Al dirigir un mensaje en presencia de los vecinos de la colonia San Jos\u00e9, as\u00ed como de autoridades estatales, el mandatario destac\u00f3 que los comedores abiertos distribuyen al d\u00eda por lo menos 200 raciones de comida, por lo que son m\u00e1s de mil beneficiarios que reciben este apoyo.<\/div>\n<div style=\"font-family: Noteworthy; font-size: 20px; font-weight: bold; line-height: 26px; -webkit-tap-highlight-color: rgba(26, 26, 26, 0.296875); -webkit-composition-fill-color: rgba(130, 98, 83, 0.0976563); -webkit-composition-frame-color: rgba(191, 107, 82, 0.496094); \">En este sentido, Zapata Bello instruy\u00f3 al titular de la Secretar\u00eda de Desarrollo Social (Sedesol) estatal, Nerio Torres Arcila, para realizar los estudios correspondientes que permitir\u00e1n abrir m\u00e1s espacios de alimentaci\u00f3n durante este a\u00f1o y con ello, apoyar a personas de otras zonas de la capital.<\/div>\n<div style=\"font-family: Noteworthy; font-size: 20px; font-weight: bold; line-height: 26px; -webkit-tap-highlight-color: rgba(26, 26, 26, 0.296875); -webkit-composition-fill-color: rgba(130, 98, 83, 0.0976563); -webkit-composition-frame-color: rgba(191, 107, 82, 0.496094); \">Asimismo, el Gobernador aprovech\u00f3 para resaltar el esp\u00edritu trabajador y emprendedor de las mujeres que conforman los comit\u00e9s encargados de preparar y distribuir los alimentos entre los beneficiarios.<\/div>\n<div style=\"font-family: Noteworthy; font-size: 20px; font-weight: bold; line-height: 26px; -webkit-tap-highlight-color: rgba(26, 26, 26, 0.296875); -webkit-composition-fill-color: rgba(130, 98, 83, 0.0976563); -webkit-composition-frame-color: rgba(191, 107, 82, 0.496094); \">Las personas que asistieron a la inauguraci\u00f3n del comedor ubicado en la colonia Azcorra pudieron disfrutar de pavo en mole, as\u00ed como aguas de pepino y jamaica. Este lugar, que funciona de las 11:00 de la ma\u00f1ana a 4:00 de la tarde, se encuentra en la calle 26 n\u00famero 535 por 71 y 71-A, en casa de la se\u00f1ora Mar\u00eda Luisa Koo Su\u00e1rez, presidenta de comit\u00e9.<\/div>\n<div style=\"font-family: Noteworthy; font-size: 20px; font-weight: bold; line-height: 26px; -webkit-tap-highlight-color: rgba(26, 26, 26, 0.296875); -webkit-composition-fill-color: rgba(130, 98, 83, 0.0976563); -webkit-composition-frame-color: rgba(191, 107, 82, 0.496094); \">Mientras que el situado en la calle 85 n\u00famero 44 por 32 y 32-A de la colonia San Jos\u00e9 ofreci\u00f3 a sus visitantes platillos de pavo en escabeche y en pebre, adem\u00e1s de agua de jamaica. El espacio labora en el mismo horario en el domicilio de la se\u00f1ora Yazumy Salas Gonz\u00e1lez, quien tambi\u00e9n encabeza la agrupaci\u00f3n.<\/div>\n<div style=\"font-family: Noteworthy; font-size: 20px; font-weight: bold; line-height: 26px; -webkit-tap-highlight-color: rgba(26, 26, 26, 0.296875); -webkit-composition-fill-color: rgba(130, 98, 83, 0.0976563); -webkit-composition-frame-color: rgba(191, 107, 82, 0.496094); \">Estos dos comedores se suman a los abiertos en las colonias Boj\u00f3rquez, Santa Rosa y la Unidad Morelos, donde los platillos tienen un costo de diez pesos para ni\u00f1os, personas con discapacidad y adultos mayores con credenciales del Instituto Nacional de las Personas Adultas Mayores (INAPAM).<\/div>\n<div style=\"font-family: Noteworthy; font-size: 20px; font-weight: bold; line-height: 26px; -webkit-tap-highlight-color: rgba(26, 26, 26, 0.296875); -webkit-composition-fill-color: rgba(130, 98, 83, 0.0976563); -webkit-composition-frame-color: rgba(191, 107, 82, 0.496094); \">Los trabajadores de los cincos lugares cumplen con normas de higiene para guisar los alimentos de alto valor nutricional, utilizando productos que provienen de las tiendas Diconsa, las cuales son coordinadas por la Sedesol del Gobierno federal.<\/div>\n<div style=\"font-family: Noteworthy; font-size: 20px; font-weight: bold; line-height: 26px; -webkit-tap-highlight-color: rgba(26, 26, 26, 0.296875); -webkit-composition-fill-color: rgba(130, 98, 83, 0.0976563); -webkit-composition-frame-color: rgba(191, 107, 82, 0.496094); \">A nombre de los beneficiarios, la se\u00f1ora Mar\u00eda Marbella Tun Vales expres\u00f3 su agradecimiento por la inauguraci\u00f3n de los comedores porque representan una ayuda econ\u00f3mica para la gente de escasos recursos, ya que el precio de los alimentos es accesible.<\/div>\n<div style=\"font-family: Noteworthy; font-size: 20px; font-weight: bold; line-height: 26px; -webkit-tap-highlight-color: rgba(26, 26, 26, 0.296875); -webkit-composition-fill-color: rgba(130, 98, 83, 0.0976563); -webkit-composition-frame-color: rgba(191, 107, 82, 0.496094); \">Asimismo, la se\u00f1ora Ena Villanueva Rosado tambi\u00e9n agradeci\u00f3 al Gobernador por implementar programas que ayudan a la gente en un aspecto tan importante como la alimentaci\u00f3n, adem\u00e1s de asegurar que la motivaci\u00f3n de laborar en un comedor es ayudar y ver que los beneficiarios coman bien.<\/div>\n<div style=\"font-family: Noteworthy; font-size: 20px; font-weight: bold; line-height: 26px; -webkit-tap-highlight-color: rgba(26, 26, 26, 0.296875); -webkit-composition-fill-color: rgba(130, 98, 83, 0.0976563); -webkit-composition-frame-color: rgba(191, 107, 82, 0.496094); \">Los eventos contaron con la presencia de los secretarios de Salud, Jorge Mendoza M\u00e9zquita, y de Desarrollo Rural, Felipe Cervera Hern\u00e1ndez; el director del Sistema para el Desarrollo Integral de la Familia (DIF) en el estado, Limber Sosa Lara; la delegada del Inapam, Minelia Canto Lara, y el diputado local, Pedro Oxt\u00e9 Conrado. &nbsp;<\/p>\n<div class=\"separator\" style=\"clear: both;\"><a href=\"https:\/\/lh6.googleusercontent.com\/-9Og9nXrAZak\/U9f5OtzApoI\/AAAAAAAAicc\/uHCuv_PPI3I\/s640\/blogger-image-1321435337.jpg\" imageanchor=\"1\" style=\"margin-left: 1em; margin-right: 1em;\"><img decoding=\"async\" border=\"0\" src=\"https:\/\/lh6.googleusercontent.com\/-9Og9nXrAZak\/U9f5OtzApoI\/AAAAAAAAicc\/uHCuv_PPI3I\/s640\/blogger-image-1321435337.jpg\"><\/a><\/div>\n<\/div>\n<div><\/div>\n","protected":false},"excerpt":{"rendered":"<p>M\u00e9rida, Yucat\u00e1n, 29 de julio de 2104.- Debido al \u00e9xito de los \u201cComedores del bienestar\u201d en la ciudad de M\u00e9rida, el Gobernador Rolando Zapata Bello anunci\u00f3 que la estrategia se<\/p>\n","protected":false},"author":1,"featured_media":15763,"comment_status":"open","ping_status":"open","sticky":false,"template":"","format":"standard","meta":{"jetpack_post_was_ever_published":false,"_jetpack_newsletter_access":"","_jetpack_dont_email_post_to_subs":false,"_jetpack_newsletter_tier_id":0,"_jetpack_memberships_contains_paywalled_content":false,"_jetpack_memberships_contains_paid_content":false,"footnotes":"","jetpack_publicize_message":"","jetpack_publicize_feature_enabled":true,"jetpack_social_post_already_shared":false,"jetpack_social_options":{"image_generator_settings":{"template":"highway","default_image_id":0,"font":"","enabled":false},"version":2}},"categories":[17,1],"tags":[],"class_list":["post-2826","post","type-post","status-publish","format-standard","has-post-thumbnail","hentry","category-politica-y-gobierno","category-sin-categoria"],"jetpack_publicize_connections":[],"jetpack_featured_media_url":"https:\/\/formalprision.com\/wp-content\/uploads\/2014\/07\/blogger-image-1321435337.jpg","jetpack_sharing_enabled":true,"jetpack_shortlink":"https:\/\/wp.me\/p6id8p-JA","_links":{"self":[{"href":"https:\/\/formalprision.com\/index.php?rest_route=\/wp\/v2\/posts\/2826","targetHints":{"allow":["GET"]}}],"collection":[{"href":"https:\/\/formalprision.com\/index.php?rest_route=\/wp\/v2\/posts"}],"about":[{"href":"https:\/\/formalprision.com\/index.php?rest_route=\/wp\/v2\/types\/post"}],"author":[{"embeddable":true,"href":"https:\/\/formalprision.com\/index.php?rest_route=\/wp\/v2\/users\/1"}],"replies":[{"embeddable":true,"href":"https:\/\/formalprision.com\/index.php?rest_route=%2Fwp%2Fv2%2Fcomments&post=2826"}],"version-history":[{"count":0,"href":"https:\/\/formalprision.com\/index.php?rest_route=\/wp\/v2\/posts\/2826\/revisions"}],"wp:featuredmedia":[{"embeddable":true,"href":"https:\/\/formalprision.com\/index.php?rest_route=\/wp\/v2\/media\/15763"}],"wp:attachment":[{"href":"https:\/\/formalprision.com\/index.php?rest_route=%2Fwp%2Fv2%2Fmedia&parent=2826"}],"wp:term":[{"taxonomy":"category","embeddable":true,"href":"https:\/\/formalprision.com\/index.php?rest_route=%2Fwp%2Fv2%2Fcategories&post=2826"},{"taxonomy":"post_tag","embeddable":true,"href":"https:\/\/formalprision.com\/index.php?rest_route=%2Fwp%2Fv2%2Ftags&post=2826"}],"curies":[{"name":"wp","href":"https:\/\/api.w.org\/{rel}","templated":true}]}}