{"id":2828,"date":"2014-07-29T17:17:00","date_gmt":"2014-07-29T17:17:00","guid":{"rendered":"http:\/\/formalprision.info\/2014\/07\/29\/convoca-sedeculta-al-festival-cultura\/"},"modified":"2015-06-03T08:36:37","modified_gmt":"2015-06-03T08:36:37","slug":"convoca-sedeculta-al-festival-cultura","status":"publish","type":"post","link":"https:\/\/formalprision.com\/?p=2828","title":{"rendered":"Convoca Sedeculta al Festival Cultural de J\u00f3venes Creadores"},"content":{"rendered":"<div style=\"font-family: Noteworthy; font-size: 20px; font-weight: bold; line-height: 26px; -webkit-tap-highlight-color: rgba(26, 26, 26, 0.296875); -webkit-composition-fill-color: rgba(130, 98, 83, 0.0976563); -webkit-composition-frame-color: rgba(191, 107, 82, 0.496094); \">\n<div>M\u00e9rida, Yucat\u00e1n, 29 de julio de 2014.- El gran potencial art\u00edstico de las&nbsp;nuevas generaciones de Yucat\u00e1n contar\u00e1 con un escaparate propio para dar&nbsp;cuenta de su talento dentro del Festival Cultural de J\u00f3venes Creadores,&nbsp;cuya convocatoria emiti\u00f3 este d\u00eda la Secretar\u00eda de la Cultura y las Artes&nbsp;(Sedeculta).<\/div>\n<div>El Festival, promovido por la dependencia estatal en coordinaci\u00f3n el&nbsp;Consejo Nacional para la Cultura y las Artes (Conaculta), invita a&nbsp;participar con proyectos en m\u00fasica, danza y teatro a los artistas mayores&nbsp;de 18 a\u00f1os y menores de 35 o que tengan una trayectoria comprobable menor&nbsp;de 20 a\u00f1os.<\/div>\n<div>Asimismo, las propuestas deben ser originales, in\u00e9ditas y estar ideadas&nbsp;para presentarse en foros convencionales o alternativos tanto de la ciudad&nbsp;de M\u00e9rida como en los diferentes municipios de Yucat\u00e1n.<\/div>\n<div>Los artistas o agrupaciones solo podr\u00e1n registrar un proyecto para&nbsp;evaluaci\u00f3n y selecci\u00f3n. La recepci\u00f3n de los mismos comenz\u00f3 este d\u00eda y tiene&nbsp;como fecha l\u00edmite el viernes 29 de agosto a las 15:00 horas.<\/div>\n<div>Los interesados en participar deber\u00e1n entregar su proyecto en forma digital&nbsp;grabado en disco e impreso en tama\u00f1o carta, escrito en formato Word con&nbsp;fuente Arial 12 y doble espacio.<\/div>\n<div>Este documento debe &nbsp;incluir el nombre del proyecto, la disciplina,&nbsp;informaci\u00f3n general de la acci\u00f3n y &nbsp;sinopsis, p\u00fablico al que va dirigido,&nbsp;duraci\u00f3n, presupuesto y justificaci\u00f3n del espacio esc\u00e9nico sugerido para su&nbsp;presentaci\u00f3n.<\/div>\n<div>Adem\u00e1s, deber\u00e1 anexarse el curr\u00edculo, ya sea individual o del grupo,&nbsp;tambi\u00e9n se indicar\u00e1n las tres participaciones m\u00e1s recientes o \u00faltimas con&nbsp;la Sedeculta, proporcionando datos esenciales para elaborar el programa de&nbsp;mano y fotograf\u00edas en alta resoluci\u00f3n y m\u00e1xima calidad en formato JPG&nbsp;grabadas en un disco.<\/div>\n<div>La selecci\u00f3n de proyectos estar\u00e1 a cargo de un comit\u00e9 integrado por&nbsp;personas calificadas en la materia que se designar\u00e1 para dicho fin, su&nbsp;fallo ser\u00e1 inapelable y se registrar\u00e1 ante Notario P\u00fablico. Los resultados&nbsp;se dar\u00e1n a conocer el lunes 13 de octubre de este a\u00f1o.<\/div>\n<div>Los interesados en participar en el Festival Cultural de J\u00f3venes Creadores&nbsp;deber\u00e1n entregar sus propuestas en las oficinas de la Direcci\u00f3n de&nbsp;Promoci\u00f3n y Difusi\u00f3n Cultural de la Sedeculta, en horario de 9:00 a 15:00&nbsp;horas de lunes a viernes. La convocatoria puede ser consultada en el portal&nbsp;www.culturayucatan.com.<\/p>\n<div class=\"separator\" style=\"clear: both;\"><a href=\"https:\/\/lh3.googleusercontent.com\/-ozG7_0QUP_Y\/U9fXFD4jySI\/AAAAAAAAibw\/fkU_PTZo95A\/s640\/blogger-image--1094208401.jpg\" imageanchor=\"1\" style=\"margin-left: 1em; margin-right: 1em;\"><img decoding=\"async\" border=\"0\" src=\"https:\/\/lh3.googleusercontent.com\/-ozG7_0QUP_Y\/U9fXFD4jySI\/AAAAAAAAibw\/fkU_PTZo95A\/s640\/blogger-image--1094208401.jpg\"><\/a><\/div>\n<\/div>\n<div><\/div>\n<div><\/div>\n<\/div>\n","protected":false},"excerpt":{"rendered":"<p>M\u00e9rida, Yucat\u00e1n, 29 de julio de 2014.- El gran potencial art\u00edstico de las&nbsp;nuevas generaciones de Yucat\u00e1n contar\u00e1 con un escaparate propio para dar&nbsp;cuenta de su talento dentro del Festival Cultural<\/p>\n","protected":false},"author":1,"featured_media":15767,"comment_status":"open","ping_status":"open","sticky":false,"template":"","format":"standard","meta":{"jetpack_post_was_ever_published":false,"_jetpack_newsletter_access":"","_jetpack_dont_email_post_to_subs":false,"_jetpack_newsletter_tier_id":0,"_jetpack_memberships_contains_paywalled_content":false,"_jetpack_memberships_contains_paid_content":false,"footnotes":"","jetpack_publicize_message":"","jetpack_publicize_feature_enabled":true,"jetpack_social_post_already_shared":false,"jetpack_social_options":{"image_generator_settings":{"template":"highway","default_image_id":0,"font":"","enabled":false},"version":2}},"categories":[1,49],"tags":[],"class_list":["post-2828","post","type-post","status-publish","format-standard","has-post-thumbnail","hentry","category-sin-categoria","category-tocho-morocho"],"jetpack_publicize_connections":[],"jetpack_featured_media_url":"https:\/\/formalprision.com\/wp-content\/uploads\/2014\/07\/blogger-image-1094208401.jpg","jetpack_sharing_enabled":true,"jetpack_shortlink":"https:\/\/wp.me\/p6id8p-JC","_links":{"self":[{"href":"https:\/\/formalprision.com\/index.php?rest_route=\/wp\/v2\/posts\/2828","targetHints":{"allow":["GET"]}}],"collection":[{"href":"https:\/\/formalprision.com\/index.php?rest_route=\/wp\/v2\/posts"}],"about":[{"href":"https:\/\/formalprision.com\/index.php?rest_route=\/wp\/v2\/types\/post"}],"author":[{"embeddable":true,"href":"https:\/\/formalprision.com\/index.php?rest_route=\/wp\/v2\/users\/1"}],"replies":[{"embeddable":true,"href":"https:\/\/formalprision.com\/index.php?rest_route=%2Fwp%2Fv2%2Fcomments&post=2828"}],"version-history":[{"count":0,"href":"https:\/\/formalprision.com\/index.php?rest_route=\/wp\/v2\/posts\/2828\/revisions"}],"wp:featuredmedia":[{"embeddable":true,"href":"https:\/\/formalprision.com\/index.php?rest_route=\/wp\/v2\/media\/15767"}],"wp:attachment":[{"href":"https:\/\/formalprision.com\/index.php?rest_route=%2Fwp%2Fv2%2Fmedia&parent=2828"}],"wp:term":[{"taxonomy":"category","embeddable":true,"href":"https:\/\/formalprision.com\/index.php?rest_route=%2Fwp%2Fv2%2Fcategories&post=2828"},{"taxonomy":"post_tag","embeddable":true,"href":"https:\/\/formalprision.com\/index.php?rest_route=%2Fwp%2Fv2%2Ftags&post=2828"}],"curies":[{"name":"wp","href":"https:\/\/api.w.org\/{rel}","templated":true}]}}