{"id":2830,"date":"2014-07-29T06:45:00","date_gmt":"2014-07-29T06:45:00","guid":{"rendered":"http:\/\/formalprision.info\/2014\/07\/29\/dunga-critico-futbolistas-brasilenos\/"},"modified":"2015-06-03T08:36:38","modified_gmt":"2015-06-03T08:36:38","slug":"dunga-critico-futbolistas-brasilenos","status":"publish","type":"post","link":"https:\/\/formalprision.com\/?p=2830","title":{"rendered":"Dunga critic\u00f3 a futbolistas brasile\u00f1os &#39;llorones"},"content":{"rendered":"<div>\n<div>\n<div style=\"font-family: Noteworthy; font-size: 20px; font-weight: bold; line-height: 26px; -webkit-tap-highlight-color: rgba(26, 26, 26, 0.296875); -webkit-composition-fill-color: rgba(130, 98, 83, 0.0976563); -webkit-composition-frame-color: rgba(191, 107, 82, 0.496094); \">\n<div>R\u00edo de Janeiro, Brasil, lunes 28 de Julio del 2014 El entrenador Carlos Caetano Bledorn Verri &#8216;Dunga&#8217;, que sustituy\u00f3 a Luiz Felipe Scolari como seleccionador de Brasil, critic\u00f3 a los futbolistas brasile\u00f1os que lloraron en algunos momentos dif\u00edciles del Mundial 2014, de quienes dijo que dejaron una imagen negativa.<\/div>\n<div>Dunga, en un entrevista al semanario brasile\u00f1o Veja, cuestion\u00f3 duramente el llanto de algunos jugadores cuando disputaban a los penaltis con Chile en la clasificaci\u00f3n a Cuartos de Final del Mundial, as\u00ed como la contrataci\u00f3n de psic\u00f3logos para apoyar a los futbolistas.<\/div>\n<div>\u00abUna escena de llanto como la del partido contra Chile es negativa en un medio como el futbol. Somos machistas, tenemos aquella idea de que los hombres no lloran, aunque sabemos respetar\u00bb, afirm\u00f3 el Campe\u00f3n Mundial en 1994 que asumi\u00f3 la semana pasada nuevamente el comando de la selecci\u00f3n brasile\u00f1a.<\/div>\n<div>Dunga puso en duda la estrategia de su antecesor, Scolari, de contar con un psic\u00f3logo en la concentraci\u00f3n para ofrecerle ayuda a los jugadores.<\/div>\n<div>\u00abNo s\u00e9 si un psic\u00f3logo resuelve. No estoy contra los psic\u00f3logos, pero desconf\u00edo que un jugador va a conseguir abrirse en cinco minutos. La primera cosa que puede pensar un jugador (ante un psic\u00f3logo) es \u00bfser\u00e1 que \u00e9l va a contarle al entrenador lo que le dije?\u00bb, afirm\u00f3 el exvolante que fue seleccionador de Brasil en el Mundial de Sud\u00e1frica 2010.<\/div>\n<div>Dunga tambi\u00e9n critic\u00f3 a los jugadores que llegaron a la Semifinal del Mundial frente a Alemania usando gorras con frases para darle fuerza a Neymar, la estrella de la selecci\u00f3n brasile\u00f1a y que se perdi\u00f3 los \u00faltimos partidos del Mundial por una lesi\u00f3n.<\/div>\n<div>\u00abSi vamos a la guerra no podemos ponernos a llorar por las p\u00e9rdidas. Tenemos que darle fuerza al soldado que entr\u00f3 en su lugar\u00bb, afirm\u00f3 el seleccionador al dar a entender que quien necesitaba apoyo era el sustituto de Neymar.<\/div>\n<div>En otra entrevista transmitida anoche por el programa de televisi\u00f3n Fant\u00e1stico, Dunga dijo que ya pens\u00f3 en la lista de convocados para los amistosos con Colombia y Ecuador en septiembre pr\u00f3ximo pero que el \u00fanico nombre que pod\u00eda anticipar era el de Neymar.<\/div>\n<div>Aclar\u00f3, no obstante, que la selecci\u00f3n brasile\u00f1a bajo su comando no va a jugar para el jugador del Barcelona.<\/div>\n<div>\u00abNeymar va a jugar en funci\u00f3n de la selecci\u00f3n. Brasil va a crear una estructura para que \u00e9l pueda ser el diferencial\u00bb, dijo.<\/div>\n<div>Sobre otros jugadores que puede llamar, tan s\u00f3lo dijo que para el Mundial habr\u00eda convocado a algunos brasile\u00f1os que se estaban destacando en ese momento en el Atl\u00e9tico Madrid (Felipe Luiz y Miranda) y en el Cruzeiro, campe\u00f3n brasile\u00f1o del a\u00f1o pasado y actual l\u00edder de la Liga. [EFE]<\/p>\n<div class=\"separator\" style=\"clear: both;\"><a href=\"https:\/\/lh6.googleusercontent.com\/-nf9Vya6HYQM\/U9dDED4SjBI\/AAAAAAAAibU\/oQaWBVkZnPE\/s640\/blogger-image--902064545.jpg\" imageanchor=\"1\" style=\"margin-left: 1em; margin-right: 1em;\"><img decoding=\"async\" border=\"0\" src=\"https:\/\/lh6.googleusercontent.com\/-nf9Vya6HYQM\/U9dDED4SjBI\/AAAAAAAAibU\/oQaWBVkZnPE\/s640\/blogger-image--902064545.jpg\"><\/a><\/div>\n<\/div>\n<div><\/div>\n<\/div>\n<\/div>\n<\/div>\n<div>\n<div style=\"font-family: Noteworthy; font-size: 20px; font-weight: bold; line-height: 26px; -webkit-tap-highlight-color: rgba(26, 26, 26, 0.296875); -webkit-composition-fill-color: rgba(130, 98, 83, 0.0976563); -webkit-composition-frame-color: rgba(191, 107, 82, 0.496094); \"><\/div>\n<\/div>\n","protected":false},"excerpt":{"rendered":"<p>R\u00edo de Janeiro, Brasil, lunes 28 de Julio del 2014 El entrenador Carlos Caetano Bledorn Verri &#8216;Dunga&#8217;, que sustituy\u00f3 a Luiz Felipe Scolari como seleccionador de Brasil, critic\u00f3 a los<\/p>\n","protected":false},"author":1,"featured_media":15771,"comment_status":"open","ping_status":"open","sticky":false,"template":"","format":"standard","meta":{"jetpack_post_was_ever_published":false,"_jetpack_newsletter_access":"","_jetpack_dont_email_post_to_subs":false,"_jetpack_newsletter_tier_id":0,"_jetpack_memberships_contains_paywalled_content":false,"_jetpack_memberships_contains_paid_content":false,"footnotes":"","jetpack_publicize_message":"","jetpack_publicize_feature_enabled":true,"jetpack_social_post_already_shared":false,"jetpack_social_options":{"image_generator_settings":{"template":"highway","default_image_id":0,"font":"","enabled":false},"version":2}},"categories":[4,1],"tags":[],"class_list":["post-2830","post","type-post","status-publish","format-standard","has-post-thumbnail","hentry","category-deportes","category-sin-categoria"],"jetpack_publicize_connections":[],"jetpack_featured_media_url":"https:\/\/formalprision.com\/wp-content\/uploads\/2014\/07\/blogger-image-902064545.jpg","jetpack_sharing_enabled":true,"jetpack_shortlink":"https:\/\/wp.me\/p6id8p-JE","_links":{"self":[{"href":"https:\/\/formalprision.com\/index.php?rest_route=\/wp\/v2\/posts\/2830","targetHints":{"allow":["GET"]}}],"collection":[{"href":"https:\/\/formalprision.com\/index.php?rest_route=\/wp\/v2\/posts"}],"about":[{"href":"https:\/\/formalprision.com\/index.php?rest_route=\/wp\/v2\/types\/post"}],"author":[{"embeddable":true,"href":"https:\/\/formalprision.com\/index.php?rest_route=\/wp\/v2\/users\/1"}],"replies":[{"embeddable":true,"href":"https:\/\/formalprision.com\/index.php?rest_route=%2Fwp%2Fv2%2Fcomments&post=2830"}],"version-history":[{"count":0,"href":"https:\/\/formalprision.com\/index.php?rest_route=\/wp\/v2\/posts\/2830\/revisions"}],"wp:featuredmedia":[{"embeddable":true,"href":"https:\/\/formalprision.com\/index.php?rest_route=\/wp\/v2\/media\/15771"}],"wp:attachment":[{"href":"https:\/\/formalprision.com\/index.php?rest_route=%2Fwp%2Fv2%2Fmedia&parent=2830"}],"wp:term":[{"taxonomy":"category","embeddable":true,"href":"https:\/\/formalprision.com\/index.php?rest_route=%2Fwp%2Fv2%2Fcategories&post=2830"},{"taxonomy":"post_tag","embeddable":true,"href":"https:\/\/formalprision.com\/index.php?rest_route=%2Fwp%2Fv2%2Ftags&post=2830"}],"curies":[{"name":"wp","href":"https:\/\/api.w.org\/{rel}","templated":true}]}}