{"id":2831,"date":"2014-07-29T06:01:00","date_gmt":"2014-07-29T06:01:00","guid":{"rendered":"http:\/\/formalprision.info\/2014\/07\/29\/arroja-resultados-concretos-tercera\/"},"modified":"2015-06-03T08:36:38","modified_gmt":"2015-06-03T08:36:38","slug":"arroja-resultados-concretos-tercera","status":"publish","type":"post","link":"https:\/\/formalprision.com\/?p=2831","title":{"rendered":"Arroja resultados concretos tercera mesa intersectorial de Protecci\u00f3n\nCivil"},"content":{"rendered":"<div style=\"font-family: Noteworthy; font-size: 20px; font-weight: bold; line-height: 26px; -webkit-tap-highlight-color: rgba(26, 26, 26, 0.296875); -webkit-composition-fill-color: rgba(130, 98, 83, 0.0976563); -webkit-composition-frame-color: rgba(191, 107, 82, 0.496094); \">M\u00e9rida, Yucat\u00e1n, 28 de julio de 2014.- La tercera reuni\u00f3n de trabajo del grupo especial conformado por autoridades federales, estatales y municipales para proponer soluciones de fondo que resuelvan la situaci\u00f3n de los predios en riesgo de inminente derrumbe en el Centro Hist\u00f3rico de M\u00e9rida, mismo que impulsa el Gobierno del Estado, ha dado resultados concretos a pocos d\u00edas de haberse instalado.<\/div>\n<div style=\"font-family: Noteworthy; font-size: 20px; font-weight: bold; line-height: 26px; -webkit-tap-highlight-color: rgba(26, 26, 26, 0.296875); -webkit-composition-fill-color: rgba(130, 98, 83, 0.0976563); -webkit-composition-frame-color: rgba(191, 107, 82, 0.496094); \">En el marco de esta reuni\u00f3n se inform\u00f3 que de los 29 predios en situaci\u00f3n riesgosa de derrumbe, 16 ya reciben atenci\u00f3n de las autoridades y la situaci\u00f3n de los 15 restantes ya se analiza por integrantes del grupo, todo ello en un ambiente de plena coordinaci\u00f3n y trabajo conjunto entre los tres niveles de gobierno.<\/div>\n<div style=\"font-family: Noteworthy; font-size: 20px; font-weight: bold; line-height: 26px; -webkit-tap-highlight-color: rgba(26, 26, 26, 0.296875); -webkit-composition-fill-color: rgba(130, 98, 83, 0.0976563); -webkit-composition-frame-color: rgba(191, 107, 82, 0.496094); \">En la mesa de trabajo, realizada en las oficinas del Consejo Estatal de Seguridad P\u00fablica, se acord\u00f3 que en breve se realizar\u00e1 una inspecci\u00f3n coordinada de los predios enlistados para determinar el grado de avance en las acciones de atenci\u00f3n.<\/div>\n<div style=\"font-family: Noteworthy; font-size: 20px; font-weight: bold; line-height: 26px; -webkit-tap-highlight-color: rgba(26, 26, 26, 0.296875); -webkit-composition-fill-color: rgba(130, 98, 83, 0.0976563); -webkit-composition-frame-color: rgba(191, 107, 82, 0.496094); \">Esto se har\u00e1 siempre contemplando los lineamientos b\u00e1sicos de medidas de seguridad que deben tener al momento de recibir trabajos de remodelaci\u00f3n y de esta manera, se pueda avanzar de forma m\u00e1s r\u00e1pida en la soluci\u00f3n de dicha problem\u00e1tica.<\/div>\n<div style=\"font-family: Noteworthy; font-size: 20px; font-weight: bold; line-height: 26px; -webkit-tap-highlight-color: rgba(26, 26, 26, 0.296875); -webkit-composition-fill-color: rgba(130, 98, 83, 0.0976563); -webkit-composition-frame-color: rgba(191, 107, 82, 0.496094); \">El \u00c1rea Jur\u00eddica de la Secretar\u00eda General de Gobierno, entreg\u00f3 la documentaci\u00f3n de acreditaci\u00f3n legal de la propiedad de los cuatro predios urbanos que se contemplaban como \u201csin localizaci\u00f3n de propietarios\u201c. Dichos documentos permitir\u00e1n a la comuna meridana concretar acuerdos para el rescate o mantenimiento de los inmuebles afectados.<\/div>\n<div style=\"font-family: Noteworthy; font-size: 20px; font-weight: bold; line-height: 26px; -webkit-tap-highlight-color: rgba(26, 26, 26, 0.296875); -webkit-composition-fill-color: rgba(130, 98, 83, 0.0976563); -webkit-composition-frame-color: rgba(191, 107, 82, 0.496094); \">El Instituto Nacional de Antropolog\u00eda e Historia (INAH) refrend\u00f3 su compromiso de continuar ofreciendo la &nbsp;asesor\u00eda t\u00e9cnica y jur\u00eddica todos los martes y jueves a los due\u00f1os de dichos predios e inmuebles para facilitar y agilizar los tr\u00e1mites pertinentes en materia de remodelaci\u00f3n.<\/div>\n<div style=\"font-family: Noteworthy; font-size: 20px; font-weight: bold; line-height: 26px; -webkit-tap-highlight-color: rgba(26, 26, 26, 0.296875); -webkit-composition-fill-color: rgba(130, 98, 83, 0.0976563); -webkit-composition-frame-color: rgba(191, 107, 82, 0.496094); \">Asimismo, la dependencia federal promover\u00e1 mejoras en tiempos de respuesta para emitir autorizaciones que permitan ejecutar la remodelaci\u00f3n parcial de los edificios en riesgo.<\/div>\n<div style=\"font-family: Noteworthy; font-size: 20px; font-weight: bold; line-height: 26px; -webkit-tap-highlight-color: rgba(26, 26, 26, 0.296875); -webkit-composition-fill-color: rgba(130, 98, 83, 0.0976563); -webkit-composition-frame-color: rgba(191, 107, 82, 0.496094); \">Asistieron a la reuni\u00f3n representantes de la Direcci\u00f3n Jur\u00eddica de la SGG, la Unidad Estatal de Protecci\u00f3n Civil (Procivy), el Instituto de Seguridad Jur\u00eddica Patrimonial de Yucat\u00e1n (Insejupy), la Consejer\u00eda Jur\u00eddica del Gobierno del Estado, la Secretar\u00eda de Desarrollo Urbano y Medio Ambiente (SEDUMA), el INAH, el Instituto para la Construcci\u00f3n y Conservaci\u00f3n de Obra P\u00fablica en Yucat\u00e1n (Inncopy), la direcci\u00f3n de Gobernaci\u00f3n, Obras P\u00fablicas y de Desarrollo Urbano del Ayuntamiento de M\u00e9rida, as\u00ed como de la Unidad Municipal de Protecci\u00f3n Civil. (Comunicado)<\/p>\n<div class=\"separator\" style=\"clear: both;\"><a href=\"https:\/\/lh6.googleusercontent.com\/-QIzneBuOwK0\/U9c40sbQ6YI\/AAAAAAAAibE\/iQBZXz_vZi4\/s640\/blogger-image--1616535631.jpg\" imageanchor=\"1\" style=\"margin-left: 1em; margin-right: 1em;\"><img decoding=\"async\" border=\"0\" src=\"https:\/\/lh6.googleusercontent.com\/-QIzneBuOwK0\/U9c40sbQ6YI\/AAAAAAAAibE\/iQBZXz_vZi4\/s640\/blogger-image--1616535631.jpg\"><\/a><\/div>\n<\/div>\n","protected":false},"excerpt":{"rendered":"<p>M\u00e9rida, Yucat\u00e1n, 28 de julio de 2014.- La tercera reuni\u00f3n de trabajo del grupo especial conformado por autoridades federales, estatales y municipales para proponer soluciones de fondo que resuelvan la<\/p>\n","protected":false},"author":1,"featured_media":15773,"comment_status":"open","ping_status":"open","sticky":false,"template":"","format":"standard","meta":{"jetpack_post_was_ever_published":false,"_jetpack_newsletter_access":"","_jetpack_dont_email_post_to_subs":false,"_jetpack_newsletter_tier_id":0,"_jetpack_memberships_contains_paywalled_content":false,"_jetpack_memberships_contains_paid_content":false,"footnotes":"","jetpack_publicize_message":"","jetpack_publicize_feature_enabled":true,"jetpack_social_post_already_shared":false,"jetpack_social_options":{"image_generator_settings":{"template":"highway","default_image_id":0,"font":"","enabled":false},"version":2}},"categories":[17,1],"tags":[],"class_list":["post-2831","post","type-post","status-publish","format-standard","has-post-thumbnail","hentry","category-politica-y-gobierno","category-sin-categoria"],"jetpack_publicize_connections":[],"jetpack_featured_media_url":"https:\/\/formalprision.com\/wp-content\/uploads\/2014\/07\/blogger-image-1616535631.jpg","jetpack_sharing_enabled":true,"jetpack_shortlink":"https:\/\/wp.me\/p6id8p-JF","_links":{"self":[{"href":"https:\/\/formalprision.com\/index.php?rest_route=\/wp\/v2\/posts\/2831","targetHints":{"allow":["GET"]}}],"collection":[{"href":"https:\/\/formalprision.com\/index.php?rest_route=\/wp\/v2\/posts"}],"about":[{"href":"https:\/\/formalprision.com\/index.php?rest_route=\/wp\/v2\/types\/post"}],"author":[{"embeddable":true,"href":"https:\/\/formalprision.com\/index.php?rest_route=\/wp\/v2\/users\/1"}],"replies":[{"embeddable":true,"href":"https:\/\/formalprision.com\/index.php?rest_route=%2Fwp%2Fv2%2Fcomments&post=2831"}],"version-history":[{"count":0,"href":"https:\/\/formalprision.com\/index.php?rest_route=\/wp\/v2\/posts\/2831\/revisions"}],"wp:featuredmedia":[{"embeddable":true,"href":"https:\/\/formalprision.com\/index.php?rest_route=\/wp\/v2\/media\/15773"}],"wp:attachment":[{"href":"https:\/\/formalprision.com\/index.php?rest_route=%2Fwp%2Fv2%2Fmedia&parent=2831"}],"wp:term":[{"taxonomy":"category","embeddable":true,"href":"https:\/\/formalprision.com\/index.php?rest_route=%2Fwp%2Fv2%2Fcategories&post=2831"},{"taxonomy":"post_tag","embeddable":true,"href":"https:\/\/formalprision.com\/index.php?rest_route=%2Fwp%2Fv2%2Ftags&post=2831"}],"curies":[{"name":"wp","href":"https:\/\/api.w.org\/{rel}","templated":true}]}}