{"id":2833,"date":"2014-07-29T00:22:00","date_gmt":"2014-07-29T00:22:00","guid":{"rendered":"http:\/\/formalprision.info\/2014\/07\/29\/terca-senadora-yucateca-no-asiste-un\/"},"modified":"2015-06-03T08:36:38","modified_gmt":"2015-06-03T08:36:38","slug":"terca-senadora-yucateca-no-asiste-un","status":"publish","type":"post","link":"https:\/\/formalprision.com\/?p=2833","title":{"rendered":"Terca Senadora yucateca no asiste a un careo por segunda vez"},"content":{"rendered":"<div style=\"font-family: Noteworthy; font-size: 20px; font-weight: bold; line-height: 26px; -webkit-tap-highlight-color: rgba(26, 26, 26, 0.296875); -webkit-composition-fill-color: rgba(130, 98, 83, 0.0976563); -webkit-composition-frame-color: rgba(191, 107, 82, 0.496094); \">\n<div class=\"separator\" style=\"clear: both;\">\n<div class=\"separator\" style=\"clear: both;\">\n<div class=\"separator\" style=\"clear: both;\"><a href=\"https:\/\/lh6.googleusercontent.com\/-2IBxFVP22YQ\/U9braqtlJ8I\/AAAAAAAAiaI\/8t7_9q1tFV8\/s640\/blogger-image--1002125206.jpg\" imageanchor=\"1\" style=\"margin-left: 1em; margin-right: 1em;\"><img decoding=\"async\" border=\"0\" src=\"https:\/\/lh6.googleusercontent.com\/-2IBxFVP22YQ\/U9braqtlJ8I\/AAAAAAAAiaI\/8t7_9q1tFV8\/s640\/blogger-image--1002125206.jpg\"><\/a><\/div>\n<\/div>\n<\/div>\n<p>Sin importarle mucho que con su proceder quede en entredicho, de nueva cuenta, la senadora panista Rosa Adriana D\u00edaz Lizama no acudi\u00f3 al careo que deb\u00eda sostener con el ladr\u00f3n que presuntamente le rob\u00f3 sus alhajas.<\/p><\/div>\n<div style=\"font-family: Noteworthy; font-size: 20px; font-weight: bold; line-height: 26px; -webkit-tap-highlight-color: rgba(26, 26, 26, 0.296875); -webkit-composition-fill-color: rgba(130, 98, 83, 0.0976563); -webkit-composition-frame-color: rgba(191, 107, 82, 0.496094); \">Siguiendo el ejemplo de la madre,<\/div>\n<div style=\"font-family: Noteworthy; font-size: 20px; font-weight: bold; line-height: 26px; -webkit-tap-highlight-color: rgba(26, 26, 26, 0.296875); -webkit-composition-fill-color: rgba(130, 98, 83, 0.0976563); -webkit-composition-frame-color: rgba(191, 107, 82, 0.496094); \">Ingrid del Pilar Santos D\u00edaz, hija de la senadora, tampoco se present\u00f3 a la diligencia.<\/div>\n<div style=\"font-family: Noteworthy; font-size: 20px; font-weight: bold; line-height: 26px; -webkit-tap-highlight-color: rgba(26, 26, 26, 0.296875); -webkit-composition-fill-color: rgba(130, 98, 83, 0.0976563); -webkit-composition-frame-color: rgba(191, 107, 82, 0.496094); \">Es la segunda ocasi\u00f3n que madre e hija declinan carearse con Luis Javier Vel\u00e1zquez Presuel, quien fue detenido la semana pasada, como presunto responsable del robo de dinero y alhajas en casa de la senadora.<\/div>\n<div style=\"font-family: Noteworthy; font-size: 20px; font-weight: bold; line-height: 26px; -webkit-tap-highlight-color: rgba(26, 26, 26, 0.296875); -webkit-composition-fill-color: rgba(130, 98, 83, 0.0976563); -webkit-composition-frame-color: rgba(191, 107, 82, 0.496094); \">Pese a las inasistencias, la defensa del joven detenido si ha aportado testimonios a su favor, incluyendo la comparecencia este d\u00eda del padre del acusado.<\/div>\n<div style=\"font-family: Noteworthy; font-size: 20px; font-weight: bold; line-height: 26px; -webkit-tap-highlight-color: rgba(26, 26, 26, 0.296875); -webkit-composition-fill-color: rgba(130, 98, 83, 0.0976563); -webkit-composition-frame-color: rgba(191, 107, 82, 0.496094); \">En su comparecencia, Luis Javier Vel\u00e1zquez, padre del detenido, dijo que a su hijo lo est\u00e1n incriminando injustamente.<\/div>\n<div style=\"font-family: Noteworthy; font-size: 20px; font-weight: bold; line-height: 26px; -webkit-tap-highlight-color: rgba(26, 26, 26, 0.296875); -webkit-composition-fill-color: rgba(130, 98, 83, 0.0976563); -webkit-composition-frame-color: rgba(191, 107, 82, 0.496094); \">Asegur\u00f3 que los d\u00edas 19 y 20 de febrero de 2013, cuando presuntamente su hijo llev\u00f3 a una casa de empe\u00f1os de la colonia Melit\u00f3n Salazar el lote de alhajas a empe\u00f1ar, el muchacho estaba detenido para investigar.<\/div>\n<div style=\"font-family: Noteworthy; font-size: 20px; font-weight: bold; line-height: 26px; -webkit-tap-highlight-color: rgba(26, 26, 26, 0.296875); -webkit-composition-fill-color: rgba(130, 98, 83, 0.0976563); -webkit-composition-frame-color: rgba(191, 107, 82, 0.496094); \">Consider\u00f3 que por este motivo, su hijo no pudo hacer tal operaci\u00f3n, por la cual, seg\u00fan las autoridades, le dieron 19,000 por las alhajas.<\/div>\n<div style=\"font-family: Noteworthy; font-size: 20px; font-weight: bold; line-height: 26px; -webkit-tap-highlight-color: rgba(26, 26, 26, 0.296875); -webkit-composition-fill-color: rgba(130, 98, 83, 0.0976563); -webkit-composition-frame-color: rgba(191, 107, 82, 0.496094); \">El padre del muchacho, como lo hizo tambi\u00e9n el propio detenido, dijo que si encontraron huellas dactilares del joven en una botella de whisky fue porque estuvo en la fiesta organizada por la hija de la senadora y obviamente, estuvo conviviendo.<\/div>\n<div style=\"font-family: Noteworthy; font-size: 20px; font-weight: bold; line-height: 26px; -webkit-tap-highlight-color: rgba(26, 26, 26, 0.296875); -webkit-composition-fill-color: rgba(130, 98, 83, 0.0976563); -webkit-composition-frame-color: rgba(191, 107, 82, 0.496094); \">El juez que lleva el caso determinar\u00e1 ma\u00f1ana martes &nbsp;si le dicta el auto de formal prisi\u00f3n al acusado, aunque o si se le deja libre, lo cual ya no ser\u00eda de inter\u00e9s de la senadora, pues ha demostrado que no tiene ganas de seguir con el caso.<\/div>\n<div style=\"font-family: Noteworthy; font-size: 20px; font-weight: bold; line-height: 26px; -webkit-tap-highlight-color: rgba(26, 26, 26, 0.296875); -webkit-composition-fill-color: rgba(130, 98, 83, 0.0976563); -webkit-composition-frame-color: rgba(191, 107, 82, 0.496094); \">Como hemos informado, el robo ocurri\u00f3 el 17 de enero de 2013, cuando la hija de la senadora, aprovechando la ausencia de su mam\u00e1, organiz\u00f3 una mega fiesta en su casa de la colonia Maya.<\/div>\n<div style=\"font-family: Noteworthy; font-size: 20px; font-weight: bold; line-height: 26px; -webkit-tap-highlight-color: rgba(26, 26, 26, 0.296875); -webkit-composition-fill-color: rgba(130, 98, 83, 0.0976563); -webkit-composition-frame-color: rgba(191, 107, 82, 0.496094); \">Vel\u00e1zquez Presuel estuvo entre los invitados y rob\u00f3 alhajas y dinero luego de que el grupo fue al cantabar y regres\u00f3 a la casa para el \u201cafter\u201d.<\/div>\n<div style=\"font-family: Noteworthy; font-size: 20px; font-weight: bold; line-height: 26px; -webkit-tap-highlight-color: rgba(26, 26, 26, 0.296875); -webkit-composition-fill-color: rgba(130, 98, 83, 0.0976563); -webkit-composition-frame-color: rgba(191, 107, 82, 0.496094); \">El hurto se descubri\u00f3 el 5 de febrero de ese a\u00f1o cuando lleg\u00f3 Rosa Adriana a su casa y se dio cuenta de lo sucedido.<\/div>\n<div style=\"font-family: Noteworthy; font-size: 20px; font-weight: bold; line-height: 26px; -webkit-tap-highlight-color: rgba(26, 26, 26, 0.296875); -webkit-composition-fill-color: rgba(130, 98, 83, 0.0976563); -webkit-composition-frame-color: rgba(191, 107, 82, 0.496094); \">La autoridad logr\u00f3 identificar al sospechoso porque al robar se tom\u00f3 un poco de una botella a Whisky y la dej\u00f3 en el cuarto, por lo que se hallaron sus huellas en el recipiente.<\/p>\n<div class=\"separator\" style=\"clear: both;\"><a href=\"https:\/\/lh4.googleusercontent.com\/-gYkUPI-qrPg\/U9brXNJJXNI\/AAAAAAAAiaA\/IVVfJXJN-6s\/s640\/blogger-image-1481908374.jpg\" imageanchor=\"1\" style=\"margin-left: 1em; margin-right: 1em;\"><img decoding=\"async\" border=\"0\" src=\"https:\/\/lh4.googleusercontent.com\/-gYkUPI-qrPg\/U9brXNJJXNI\/AAAAAAAAiaA\/IVVfJXJN-6s\/s640\/blogger-image-1481908374.jpg\"><\/a><\/div>\n<div class=\"separator\" style=\"clear: both;\"><\/div>\n<\/div>\n<div style=\"font-family: Noteworthy; font-size: 20px; font-weight: bold; line-height: 26px; -webkit-tap-highlight-color: rgba(26, 26, 26, 0.296875); -webkit-composition-fill-color: rgba(130, 98, 83, 0.0976563); -webkit-composition-frame-color: rgba(191, 107, 82, 0.496094); \">&nbsp;<\/div>\n","protected":false},"excerpt":{"rendered":"<p>Sin importarle mucho que con su proceder quede en entredicho, de nueva cuenta, la senadora panista Rosa Adriana D\u00edaz Lizama no acudi\u00f3 al careo que deb\u00eda sostener con el ladr\u00f3n<\/p>\n","protected":false},"author":1,"featured_media":15777,"comment_status":"open","ping_status":"open","sticky":false,"template":"","format":"standard","meta":{"jetpack_post_was_ever_published":false,"_jetpack_newsletter_access":"","_jetpack_dont_email_post_to_subs":false,"_jetpack_newsletter_tier_id":0,"_jetpack_memberships_contains_paywalled_content":false,"_jetpack_memberships_contains_paid_content":false,"footnotes":"","jetpack_publicize_message":"","jetpack_publicize_feature_enabled":true,"jetpack_social_post_already_shared":false,"jetpack_social_options":{"image_generator_settings":{"template":"highway","default_image_id":0,"font":"","enabled":false},"version":2}},"categories":[3,1,49],"tags":[],"class_list":["post-2833","post","type-post","status-publish","format-standard","has-post-thumbnail","hentry","category-portada","category-sin-categoria","category-tocho-morocho"],"jetpack_publicize_connections":[],"jetpack_featured_media_url":"https:\/\/formalprision.com\/wp-content\/uploads\/2014\/07\/blogger-image-1002125206.jpg","jetpack_sharing_enabled":true,"jetpack_shortlink":"https:\/\/wp.me\/p6id8p-JH","_links":{"self":[{"href":"https:\/\/formalprision.com\/index.php?rest_route=\/wp\/v2\/posts\/2833","targetHints":{"allow":["GET"]}}],"collection":[{"href":"https:\/\/formalprision.com\/index.php?rest_route=\/wp\/v2\/posts"}],"about":[{"href":"https:\/\/formalprision.com\/index.php?rest_route=\/wp\/v2\/types\/post"}],"author":[{"embeddable":true,"href":"https:\/\/formalprision.com\/index.php?rest_route=\/wp\/v2\/users\/1"}],"replies":[{"embeddable":true,"href":"https:\/\/formalprision.com\/index.php?rest_route=%2Fwp%2Fv2%2Fcomments&post=2833"}],"version-history":[{"count":0,"href":"https:\/\/formalprision.com\/index.php?rest_route=\/wp\/v2\/posts\/2833\/revisions"}],"wp:featuredmedia":[{"embeddable":true,"href":"https:\/\/formalprision.com\/index.php?rest_route=\/wp\/v2\/media\/15777"}],"wp:attachment":[{"href":"https:\/\/formalprision.com\/index.php?rest_route=%2Fwp%2Fv2%2Fmedia&parent=2833"}],"wp:term":[{"taxonomy":"category","embeddable":true,"href":"https:\/\/formalprision.com\/index.php?rest_route=%2Fwp%2Fv2%2Fcategories&post=2833"},{"taxonomy":"post_tag","embeddable":true,"href":"https:\/\/formalprision.com\/index.php?rest_route=%2Fwp%2Fv2%2Ftags&post=2833"}],"curies":[{"name":"wp","href":"https:\/\/api.w.org\/{rel}","templated":true}]}}