{"id":2877,"date":"2014-07-20T22:40:00","date_gmt":"2014-07-20T22:40:00","guid":{"rendered":"http:\/\/formalprision.info\/2014\/07\/20\/refuerzan-programas-de-salud-a\/"},"modified":"2015-06-03T08:36:47","modified_gmt":"2015-06-03T08:36:47","slug":"refuerzan-programas-de-salud-a","status":"publish","type":"post","link":"https:\/\/formalprision.com\/?p=2877","title":{"rendered":"Refuerzan programas de salud al Poniente de M\u00e9rida"},"content":{"rendered":"<div style=\"font-family: Noteworthy; font-size: 20px; font-weight: bold; line-height: 26px; -webkit-tap-highlight-color: rgba(26, 26, 26, 0.296875); -webkit-composition-fill-color: rgba(130, 98, 83, 0.0976563); -webkit-composition-frame-color: rgba(191, 107, 82, 0.496094); \">M\u00e9rida, Yucat\u00e1n, 20 de julio de 2014.- Ante cerca de 500 vecinos del Poniente de esta capital, el Gobernador Rolando Zapata Bello asegur\u00f3 que se han reforzado las campa\u00f1as de prevenci\u00f3n en materia de salud en todo el territorio estatal, lo que ha permitido registrar un menor n\u00famero de casos de dengue, logrando una disminuci\u00f3n del 21.3 por ciento.<\/div>\n<div style=\"font-family: Noteworthy; font-size: 20px; font-weight: bold; line-height: 26px; -webkit-tap-highlight-color: rgba(26, 26, 26, 0.296875); -webkit-composition-fill-color: rgba(130, 98, 83, 0.0976563); -webkit-composition-frame-color: rgba(191, 107, 82, 0.496094); \">Durante una jornada m\u00e1s del programa \u00abDi\u00e1logos con el Gobernador\u00bb que se efect\u00fao en el parque Los Pajaritos del fraccionamiento Juan Pablo II, el mandatario escuch\u00f3 de manera cercana y directa las necesidades de los colonos en materia de seguridad p\u00fablica, vigilancia de escuelas, alumbrado y lugares de esparcimiento.<\/div>\n<div style=\"font-family: Noteworthy; font-size: 20px; font-weight: bold; line-height: 26px; -webkit-tap-highlight-color: rgba(26, 26, 26, 0.296875); -webkit-composition-fill-color: rgba(130, 98, 83, 0.0976563); -webkit-composition-frame-color: rgba(191, 107, 82, 0.496094); \">En ese contexto, ante habitantes de Villas Opich\u00e9n, Reforma Agraria, Juan Pablo II, Xocl\u00e1n, Mulsay y Plantel M\u00e9xico, el mandatario destac\u00f3 los buenos resultados que se han logrado con los programas que impulsa el Gobierno del Estado para combatir este padecimiento.<\/div>\n<div style=\"font-family: Noteworthy; font-size: 20px; font-weight: bold; line-height: 26px; -webkit-tap-highlight-color: rgba(26, 26, 26, 0.296875); -webkit-composition-fill-color: rgba(130, 98, 83, 0.0976563); -webkit-composition-frame-color: rgba(191, 107, 82, 0.496094); \">\u00abCon actividades como las que se llevan a cabo con esquemas como &#8216;Recicla por tu bienestar&#8217; y las jornadas de fumigaci\u00f3n de las Secretar\u00edas de Desarrollo Social y de Salud se garantizan espacios seguros y saludables para las familias yucatecas\u201d, expres\u00f3.<\/div>\n<div style=\"font-family: Noteworthy; font-size: 20px; font-weight: bold; line-height: 26px; -webkit-tap-highlight-color: rgba(26, 26, 26, 0.296875); -webkit-composition-fill-color: rgba(130, 98, 83, 0.0976563); -webkit-composition-frame-color: rgba(191, 107, 82, 0.496094); \">En este sentido, la se\u00f1ora Adela Aurora Estrada Cant\u00f3n manifest\u00f3 que en su colonia a\u00fan se reciente la presencia del insecto, ya que existen muchos lotes en abandono donde la gente tira basura.<\/div>\n<div style=\"font-family: Noteworthy; font-size: 20px; font-weight: bold; line-height: 26px; -webkit-tap-highlight-color: rgba(26, 26, 26, 0.296875); -webkit-composition-fill-color: rgba(130, 98, 83, 0.0976563); -webkit-composition-frame-color: rgba(191, 107, 82, 0.496094); \">Ante esta preocupaci\u00f3n que comparten las familias del rumbo, Zapata Bello dio respuesta inmediata al se\u00f1alamiento de la ciudadana, girando instrucciones para reforzar la presencia de las brigadas de fumigaci\u00f3n en la zona.<\/div>\n<div style=\"font-family: Noteworthy; font-size: 20px; font-weight: bold; line-height: 26px; -webkit-tap-highlight-color: rgba(26, 26, 26, 0.296875); -webkit-composition-fill-color: rgba(130, 98, 83, 0.0976563); -webkit-composition-frame-color: rgba(191, 107, 82, 0.496094); \">Asimismo, la vecina Gloria D\u00edaz G\u00f3mez agradeci\u00f3 que la petici\u00f3n haya sido tomada en cuenta, pues con estas acciones se contribuye a cuidar la salud de sus tres hijos.<\/div>\n<div style=\"font-family: Noteworthy; font-size: 20px; font-weight: bold; line-height: 26px; -webkit-tap-highlight-color: rgba(26, 26, 26, 0.296875); -webkit-composition-fill-color: rgba(130, 98, 83, 0.0976563); -webkit-composition-frame-color: rgba(191, 107, 82, 0.496094); \">\u00abTengo hijos de 10, siete y cuatro a\u00f1os de edad, que por las tardes salen a jugar a la calle y me preocupa que un d\u00eda de estos se me vayan a enfermar. Tambi\u00e9n tenemos una papeler\u00eda donde llegan muchos ni\u00f1os del fraccionamiento, y por el calor y la humedad no me gustar\u00eda que en mi negocio vayan a contraer el mal\u00bb, se\u00f1al\u00f3.<\/div>\n<div style=\"font-family: Noteworthy; font-size: 20px; font-weight: bold; line-height: 26px; -webkit-tap-highlight-color: rgba(26, 26, 26, 0.296875); -webkit-composition-fill-color: rgba(130, 98, 83, 0.0976563); -webkit-composition-frame-color: rgba(191, 107, 82, 0.496094); \">Por su parte, personal de la Secretar\u00eda de Salud indic\u00f3 que en el 2014 han disminuido considerablemente los casos de dengue en el estado. Para ello, espec\u00edficamente en el Poniente de la ciudad, se realiz\u00f3 una jornada de fumigaci\u00f3n en tres ciclos, y se llevan a cabo de manera continua visitas a los hogares para la eliminaci\u00f3n de criaderos.<\/div>\n<div style=\"font-family: Noteworthy; font-size: 20px; font-weight: bold; line-height: 26px; -webkit-tap-highlight-color: rgba(26, 26, 26, 0.296875); -webkit-composition-fill-color: rgba(130, 98, 83, 0.0976563); -webkit-composition-frame-color: rgba(191, 107, 82, 0.496094); \">Adem\u00e1s, funcionarios de la Secretar\u00eda de Desarrollo Social estatal refirieron que en semanas anteriores obtuvieron resultados positivos en la zona con el programa \u00abRecicla por tu bienestar\u00bb, con el que tambi\u00e9n se trabaja en pro de la educaci\u00f3n ambiental y el h\u00e1bito de clasificar la basura.<\/div>\n<div style=\"font-family: Noteworthy; font-size: 20px; font-weight: bold; line-height: 26px; -webkit-tap-highlight-color: rgba(26, 26, 26, 0.296875); -webkit-composition-fill-color: rgba(130, 98, 83, 0.0976563); -webkit-composition-frame-color: rgba(191, 107, 82, 0.496094); \">Al respecto, se anunci\u00f3 que este domingo 20 de julio el esquema se presentar\u00e1 en la colonia Jardines de Mulsay, y el 14 de agosto, en Nueva Reforma Agraria y Xocl\u00e1n Carmelitas.<\/div>\n<div style=\"font-family: Noteworthy; font-size: 20px; font-weight: bold; line-height: 26px; -webkit-tap-highlight-color: rgba(26, 26, 26, 0.296875); -webkit-composition-fill-color: rgba(130, 98, 83, 0.0976563); -webkit-composition-frame-color: rgba(191, 107, 82, 0.496094); \">Despu\u00e9s de dos horas de escuchar y dar respuesta a las solicitudes comunitarias de los vecinos, el Gobernador permaneci\u00f3 por dos horas m\u00e1s para atender de manera individual las necesidades particulares de los ciudadanos, a fin de brindar las soluciones que requieren para mejorar su calidad de vida. (Comunicado)<\/p>\n<div class=\"separator\" style=\"clear: both;\"><a href=\"https:\/\/lh5.googleusercontent.com\/-VCRIW7dJyqE\/U8xFaPYEUCI\/AAAAAAAAiOU\/gj3FuA0pIMo\/s640\/blogger-image-96532182.jpg\" imageanchor=\"1\" style=\"margin-left: 1em; margin-right: 1em;\"><img decoding=\"async\" border=\"0\" src=\"https:\/\/lh5.googleusercontent.com\/-VCRIW7dJyqE\/U8xFaPYEUCI\/AAAAAAAAiOU\/gj3FuA0pIMo\/s640\/blogger-image-96532182.jpg\"><\/a><\/div>\n<\/div>\n<div><\/div>\n","protected":false},"excerpt":{"rendered":"<p>M\u00e9rida, Yucat\u00e1n, 20 de julio de 2014.- Ante cerca de 500 vecinos del Poniente de esta capital, el Gobernador Rolando Zapata Bello asegur\u00f3 que se han reforzado las campa\u00f1as de<\/p>\n","protected":false},"author":1,"featured_media":15865,"comment_status":"open","ping_status":"open","sticky":false,"template":"","format":"standard","meta":{"jetpack_post_was_ever_published":false,"_jetpack_newsletter_access":"","_jetpack_dont_email_post_to_subs":false,"_jetpack_newsletter_tier_id":0,"_jetpack_memberships_contains_paywalled_content":false,"_jetpack_memberships_contains_paid_content":false,"footnotes":"","jetpack_publicize_message":"","jetpack_publicize_feature_enabled":true,"jetpack_social_post_already_shared":false,"jetpack_social_options":{"image_generator_settings":{"template":"highway","default_image_id":0,"font":"","enabled":false},"version":2}},"categories":[17,1],"tags":[],"class_list":["post-2877","post","type-post","status-publish","format-standard","has-post-thumbnail","hentry","category-politica-y-gobierno","category-sin-categoria"],"jetpack_publicize_connections":[],"jetpack_featured_media_url":"https:\/\/formalprision.com\/wp-content\/uploads\/2014\/07\/blogger-image-96532182.jpg","jetpack_sharing_enabled":true,"jetpack_shortlink":"https:\/\/wp.me\/p6id8p-Kp","_links":{"self":[{"href":"https:\/\/formalprision.com\/index.php?rest_route=\/wp\/v2\/posts\/2877","targetHints":{"allow":["GET"]}}],"collection":[{"href":"https:\/\/formalprision.com\/index.php?rest_route=\/wp\/v2\/posts"}],"about":[{"href":"https:\/\/formalprision.com\/index.php?rest_route=\/wp\/v2\/types\/post"}],"author":[{"embeddable":true,"href":"https:\/\/formalprision.com\/index.php?rest_route=\/wp\/v2\/users\/1"}],"replies":[{"embeddable":true,"href":"https:\/\/formalprision.com\/index.php?rest_route=%2Fwp%2Fv2%2Fcomments&post=2877"}],"version-history":[{"count":0,"href":"https:\/\/formalprision.com\/index.php?rest_route=\/wp\/v2\/posts\/2877\/revisions"}],"wp:featuredmedia":[{"embeddable":true,"href":"https:\/\/formalprision.com\/index.php?rest_route=\/wp\/v2\/media\/15865"}],"wp:attachment":[{"href":"https:\/\/formalprision.com\/index.php?rest_route=%2Fwp%2Fv2%2Fmedia&parent=2877"}],"wp:term":[{"taxonomy":"category","embeddable":true,"href":"https:\/\/formalprision.com\/index.php?rest_route=%2Fwp%2Fv2%2Fcategories&post=2877"},{"taxonomy":"post_tag","embeddable":true,"href":"https:\/\/formalprision.com\/index.php?rest_route=%2Fwp%2Fv2%2Ftags&post=2877"}],"curies":[{"name":"wp","href":"https:\/\/api.w.org\/{rel}","templated":true}]}}