{"id":2878,"date":"2014-07-20T22:36:00","date_gmt":"2014-07-20T22:36:00","guid":{"rendered":"http:\/\/formalprision.info\/2014\/07\/20\/fuerza-obrera-yucateca-orgullo-de-la\/"},"modified":"2015-06-03T08:36:47","modified_gmt":"2015-06-03T08:36:47","slug":"fuerza-obrera-yucateca-orgullo-de-la","status":"publish","type":"post","link":"https:\/\/formalprision.com\/?p=2878","title":{"rendered":"Fuerza obrera yucateca, orgullo de la entidad: RZB"},"content":{"rendered":"<div style=\"font-family: Noteworthy; font-size: 20px; font-weight: bold; line-height: 26px; -webkit-tap-highlight-color: rgba(26, 26, 26, 0.296875); -webkit-composition-fill-color: rgba(130, 98, 83, 0.0976563); -webkit-composition-frame-color: rgba(191, 107, 82, 0.496094); \">M\u00e9rida, Yucat\u00e1n, 20 de julio de 2014.- Estamos orgullos de la fuerza obrera de Yucat\u00e1n; es un capital humano reconocido en todos los \u00e1mbitos, por eso, el Gobierno del Estado hace la parte que le corresponde para ir articulando todos los elementos que permitan el desarrollo y consoliden el despegue de la econom\u00eda, destac\u00f3 el Gobernador Rolando Zapata Bello.<\/div>\n<div style=\"font-family: Noteworthy; font-size: 20px; font-weight: bold; line-height: 26px; -webkit-tap-highlight-color: rgba(26, 26, 26, 0.296875); -webkit-composition-fill-color: rgba(130, 98, 83, 0.0976563); -webkit-composition-frame-color: rgba(191, 107, 82, 0.496094); \">El titular del Poder Ejecutivo particip\u00f3, junto con el secretario General Sustituto del Comit\u00e9 Ejecutivo Nacional de la Confederaci\u00f3n de Trabajadores de M\u00e9xico (CTM), Carlos Aceves del Olmo, en el LXI Consejo Estatal Ordinario de la Federaci\u00f3n de Trabajadores del Estado de Yucat\u00e1n de este organismo obrero.<\/div>\n<div style=\"font-family: Noteworthy; font-size: 20px; font-weight: bold; line-height: 26px; -webkit-tap-highlight-color: rgba(26, 26, 26, 0.296875); -webkit-composition-fill-color: rgba(130, 98, 83, 0.0976563); -webkit-composition-frame-color: rgba(191, 107, 82, 0.496094); \">Durante el evento realizado en el Centro de Convenciones \u201cFrancisco P\u00e9rez R\u00edos\u201d, el mandatario estatal se\u00f1al\u00f3 que la fuerza laboral de la entidad tambi\u00e9n garantiza que el territorio yucateco sea un espacio adecuado para la inversi\u00f3n, el establecimiento de empresas y la generaci\u00f3n de los empleos que se requieren para impulsar la producci\u00f3n y la din\u00e1mica econ\u00f3mica.<\/div>\n<div style=\"font-family: Noteworthy; font-size: 20px; font-weight: bold; line-height: 26px; -webkit-tap-highlight-color: rgba(26, 26, 26, 0.296875); -webkit-composition-fill-color: rgba(130, 98, 83, 0.0976563); -webkit-composition-frame-color: rgba(191, 107, 82, 0.496094); \">Ante trabajadores de diferentes sectores, as\u00ed como autoridades estatales y federales, Zapata Bello a\u00f1adi\u00f3 que la tarea es realizar las acciones necesarias a favor de la creaci\u00f3n de plazas laborales en la cantidad y calidad que demanda una sociedad creciente como la yucateca.<\/div>\n<div style=\"font-family: Noteworthy; font-size: 20px; font-weight: bold; line-height: 26px; -webkit-tap-highlight-color: rgba(26, 26, 26, 0.296875); -webkit-composition-fill-color: rgba(130, 98, 83, 0.0976563); -webkit-composition-frame-color: rgba(191, 107, 82, 0.496094); \">\u201cEsa es la forma de c\u00f3mo estamos conduciendo el Gobierno del Estado, haciendo compromisos y cumpli\u00e9ndolos, porque es la mejor forma de convocar a la fuerza y al trabajo. Mantengamos esa unidad que da fortaleza y el optimismo de que contamos con un Gobierno federal que est\u00e1 transformando a M\u00e9xico y da grandes espacios de oportunidad a Yucat\u00e1n\u201d, finaliz\u00f3.<\/div>\n<div style=\"font-family: Noteworthy; font-size: 20px; font-weight: bold; line-height: 26px; -webkit-tap-highlight-color: rgba(26, 26, 26, 0.296875); -webkit-composition-fill-color: rgba(130, 98, 83, 0.0976563); -webkit-composition-frame-color: rgba(191, 107, 82, 0.496094); \">Al hacer uso de la palabra, Aceves del Olmo reconoci\u00f3 que el Comit\u00e9 de la CTM en Yucat\u00e1n es uno de los mejores del pa\u00eds realizando labores a favor de los trabajadores yucatecos, adem\u00e1s de ir al ritmo de la acci\u00f3n que realiza el Gobierno del Estado para el bienestar de la sociedad.<\/div>\n<div style=\"font-family: Noteworthy; font-size: 20px; font-weight: bold; line-height: 26px; -webkit-tap-highlight-color: rgba(26, 26, 26, 0.296875); -webkit-composition-fill-color: rgba(130, 98, 83, 0.0976563); -webkit-composition-frame-color: rgba(191, 107, 82, 0.496094); \">El tambi\u00e9n representante personal del secretario General &nbsp;de la CTM, Joaqu\u00edn Gamboa Pascoe, inform\u00f3 que en pr\u00f3ximos d\u00edas se firmar\u00e1 un convenio con las autoridades estatales para que m\u00e1s obreros de la entidad tengan la oportunidad de acceder a cr\u00e9ditos de vivienda.<\/div>\n<div style=\"font-family: Noteworthy; font-size: 20px; font-weight: bold; line-height: 26px; -webkit-tap-highlight-color: rgba(26, 26, 26, 0.296875); -webkit-composition-fill-color: rgba(130, 98, 83, 0.0976563); -webkit-composition-frame-color: rgba(191, 107, 82, 0.496094); \">Al rendir el informe del Comit\u00e9 Ejecutivo de la Federaci\u00f3n de Trabajadores del Estado de Yucat\u00e1n &#8211; CTM, su secretario General, Mario Tr\u00e1nsito Chan Chan, coment\u00f3 que el organismo ha estado pendiente de los derechos e intereses de las delegaciones sindicales, adem\u00e1s de participar en actividades del Poder Ejecutivo.<\/div>\n<div style=\"font-family: Noteworthy; font-size: 20px; font-weight: bold; line-height: 26px; -webkit-tap-highlight-color: rgba(26, 26, 26, 0.296875); -webkit-composition-fill-color: rgba(130, 98, 83, 0.0976563); -webkit-composition-frame-color: rgba(191, 107, 82, 0.496094); \">El l\u00edder obrero asegur\u00f3 que Yucat\u00e1n vive una etapa de transformaciones y cambios a favor de los ciudadanos y los trabajadores, orientada a que existan mejores ingresos, salud y educaci\u00f3n. Asimismo, reconoci\u00f3 la labor que realiza el Gobierno del Estado para mantener a &nbsp;Yucat\u00e1n a la vanguardia del pa\u00eds, en especial, en el rubro de programas laborales.<\/div>\n<div style=\"font-family: Noteworthy; font-size: 20px; font-weight: bold; line-height: 26px; -webkit-tap-highlight-color: rgba(26, 26, 26, 0.296875); -webkit-composition-fill-color: rgba(130, 98, 83, 0.0976563); -webkit-composition-frame-color: rgba(191, 107, 82, 0.496094); \">Posterior a la ceremonia, el Gobernador visit\u00f3 una feria de salud instalada en la sede del evento para que los afiliados a la CTM puedan acceder a servicios de podolog\u00eda, quiropr\u00e1ctica, oftalmolog\u00eda, dentales y de PrevenIMSS.<\/div>\n<div style=\"font-family: Noteworthy; font-size: 20px; font-weight: bold; line-height: 26px; -webkit-tap-highlight-color: rgba(26, 26, 26, 0.296875); -webkit-composition-fill-color: rgba(130, 98, 83, 0.0976563); -webkit-composition-frame-color: rgba(191, 107, 82, 0.496094); \">Al evento asistieron los secretarios General de Gobierno, V\u00edctor Caballero Dur\u00e1n, y del Trabajo y Previsi\u00f3n Social, Enrique Castillo Ruz; el subprocurador Especializado en Investigaci\u00f3n de Delitos Federales de la Procuradur\u00eda General de la Rep\u00fablica, Cleominio Zoreda Novelo; adem\u00e1s de los diputados federal Mauricio Sahu\u00ed Rivero y locales Pedro Oxt\u00e9 Conrado y Luis Echeverr\u00eda Navarro.<\/div>\n<div style=\"font-family: Noteworthy; font-size: 20px; font-weight: bold; line-height: 26px; -webkit-tap-highlight-color: rgba(26, 26, 26, 0.296875); -webkit-composition-fill-color: rgba(130, 98, 83, 0.0976563); -webkit-composition-frame-color: rgba(191, 107, 82, 0.496094); \">Tambi\u00e9n, el secretario de Organizaci\u00f3n, Estad\u00edstica y Promoci\u00f3n Sindical del Comit\u00e9 Ejecutivo de la Federaci\u00f3n de Trabajadores del Estado, Ariel Escalante Canto, y el presidente del Congreso del Trabajo, Ernesto Sonda Castro. &nbsp;(Comunicado)<\/p>\n<div class=\"separator\" style=\"clear: both;\"><a href=\"https:\/\/lh3.googleusercontent.com\/-myVlgJwFnkM\/U8xEcbOpZRI\/AAAAAAAAiOM\/hqUvUHjSBnQ\/s640\/blogger-image--722175564.jpg\" imageanchor=\"1\" style=\"margin-left: 1em; margin-right: 1em;\"><img decoding=\"async\" border=\"0\" src=\"https:\/\/lh3.googleusercontent.com\/-myVlgJwFnkM\/U8xEcbOpZRI\/AAAAAAAAiOM\/hqUvUHjSBnQ\/s640\/blogger-image--722175564.jpg\"><\/a><\/div>\n<\/div>\n","protected":false},"excerpt":{"rendered":"<p>M\u00e9rida, Yucat\u00e1n, 20 de julio de 2014.- Estamos orgullos de la fuerza obrera de Yucat\u00e1n; es un capital humano reconocido en todos los \u00e1mbitos, por eso, el Gobierno del Estado<\/p>\n","protected":false},"author":1,"featured_media":15867,"comment_status":"open","ping_status":"open","sticky":false,"template":"","format":"standard","meta":{"jetpack_post_was_ever_published":false,"_jetpack_newsletter_access":"","_jetpack_dont_email_post_to_subs":false,"_jetpack_newsletter_tier_id":0,"_jetpack_memberships_contains_paywalled_content":false,"_jetpack_memberships_contains_paid_content":false,"footnotes":"","jetpack_publicize_message":"","jetpack_publicize_feature_enabled":true,"jetpack_social_post_already_shared":false,"jetpack_social_options":{"image_generator_settings":{"template":"highway","default_image_id":0,"font":"","enabled":false},"version":2}},"categories":[17,1],"tags":[],"class_list":["post-2878","post","type-post","status-publish","format-standard","has-post-thumbnail","hentry","category-politica-y-gobierno","category-sin-categoria"],"jetpack_publicize_connections":[],"jetpack_featured_media_url":"https:\/\/formalprision.com\/wp-content\/uploads\/2014\/07\/blogger-image-722175564.jpg","jetpack_sharing_enabled":true,"jetpack_shortlink":"https:\/\/wp.me\/p6id8p-Kq","_links":{"self":[{"href":"https:\/\/formalprision.com\/index.php?rest_route=\/wp\/v2\/posts\/2878","targetHints":{"allow":["GET"]}}],"collection":[{"href":"https:\/\/formalprision.com\/index.php?rest_route=\/wp\/v2\/posts"}],"about":[{"href":"https:\/\/formalprision.com\/index.php?rest_route=\/wp\/v2\/types\/post"}],"author":[{"embeddable":true,"href":"https:\/\/formalprision.com\/index.php?rest_route=\/wp\/v2\/users\/1"}],"replies":[{"embeddable":true,"href":"https:\/\/formalprision.com\/index.php?rest_route=%2Fwp%2Fv2%2Fcomments&post=2878"}],"version-history":[{"count":0,"href":"https:\/\/formalprision.com\/index.php?rest_route=\/wp\/v2\/posts\/2878\/revisions"}],"wp:featuredmedia":[{"embeddable":true,"href":"https:\/\/formalprision.com\/index.php?rest_route=\/wp\/v2\/media\/15867"}],"wp:attachment":[{"href":"https:\/\/formalprision.com\/index.php?rest_route=%2Fwp%2Fv2%2Fmedia&parent=2878"}],"wp:term":[{"taxonomy":"category","embeddable":true,"href":"https:\/\/formalprision.com\/index.php?rest_route=%2Fwp%2Fv2%2Fcategories&post=2878"},{"taxonomy":"post_tag","embeddable":true,"href":"https:\/\/formalprision.com\/index.php?rest_route=%2Fwp%2Fv2%2Ftags&post=2878"}],"curies":[{"name":"wp","href":"https:\/\/api.w.org\/{rel}","templated":true}]}}