{"id":2882,"date":"2014-07-20T15:40:00","date_gmt":"2014-07-20T15:40:00","guid":{"rendered":"http:\/\/formalprision.info\/2014\/07\/20\/inauguran-primera-oficina-regional-de\/"},"modified":"2015-06-03T08:36:48","modified_gmt":"2015-06-03T08:36:48","slug":"inauguran-primera-oficina-regional-de","status":"publish","type":"post","link":"https:\/\/formalprision.com\/?p=2882","title":{"rendered":"Inauguran primera Oficina Regional del Gobierno del Estado en Motul"},"content":{"rendered":"<div style=\"font-family: Noteworthy; font-size: 20px; font-weight: bold; line-height: 26px; -webkit-tap-highlight-color: rgba(26, 26, 26, 0.296875); -webkit-composition-fill-color: rgba(130, 98, 83, 0.0976563); -webkit-composition-frame-color: rgba(191, 107, 82, 0.496094); \">Con el objetivo de acercar programas y servicios a todos los habitantes, el Gobernador Rolando Zapata Bello inaugur\u00f3 la primera Oficina Regional del Gobierno del Estado en Motul, la cual albergar\u00e1 m\u00f3dulos de la Secretar\u00edas de Desarrollo Rural (Seder), y Social (Sedesol), y del Instituto de Desarrollo Regional y Municipal (Inderm).<\/div>\n<div style=\"font-family: Noteworthy; font-size: 20px; font-weight: bold; line-height: 26px; -webkit-tap-highlight-color: rgba(26, 26, 26, 0.296875); -webkit-composition-fill-color: rgba(130, 98, 83, 0.0976563); -webkit-composition-frame-color: rgba(191, 107, 82, 0.496094); \">Estas instancias son encabezadas por el Gabinete Yucat\u00e1n Incluyente y tambi\u00e9n se incorporar\u00e1n los servicios del Sistema para el Desarrollo Integral de la Familia (DIF), la Secretar\u00edas de la Juventud (Sejuve) y del Trabajo y Previsi\u00f3n Social (STPS), y los Institutos para el Desarrollo de la Cultura Maya (Indemaya), y para la Equidad de G\u00e9nero en Yucat\u00e1n (IEGY), entre otros.<\/div>\n<div style=\"font-family: Noteworthy; font-size: 20px; font-weight: bold; line-height: 26px; -webkit-tap-highlight-color: rgba(26, 26, 26, 0.296875); -webkit-composition-fill-color: rgba(130, 98, 83, 0.0976563); -webkit-composition-frame-color: rgba(191, 107, 82, 0.496094); \">El titular del Poder Ejecutivo se\u00f1al\u00f3 que una inversi\u00f3n de m\u00e1s de 1.5 millones de pesos, se abre dicho recinto del Gobierno estatal, el cual atender\u00e1 con esquemas y tr\u00e1mites de dichas dependencias a los habitantes de 23 municipios, adem\u00e1s de Motul.<\/div>\n<div style=\"font-family: Noteworthy; font-size: 20px; font-weight: bold; line-height: 26px; -webkit-tap-highlight-color: rgba(26, 26, 26, 0.296875); -webkit-composition-fill-color: rgba(130, 98, 83, 0.0976563); -webkit-composition-frame-color: rgba(191, 107, 82, 0.496094); \">Indic\u00f3 que con estas acci\u00f3n se abaten las desigualdades regionales, ya que la poblaci\u00f3n de la zona ya no tendr\u00e1 que trasladarse a M\u00e9rida para solicitar y tramitar apoyos de planes como Bienestar Escolar o Digital, para los productores, para la generaci\u00f3n de empleos, entre otros.<\/div>\n<div style=\"font-family: Noteworthy; font-size: 20px; font-weight: bold; line-height: 26px; -webkit-tap-highlight-color: rgba(26, 26, 26, 0.296875); -webkit-composition-fill-color: rgba(130, 98, 83, 0.0976563); -webkit-composition-frame-color: rgba(191, 107, 82, 0.496094); \">\u00abY para que a la brevedad posible empecemos a cosechar buenos resultados, en este momento instruyo al secretario de Desarrollo Social, para que 25 de los folios de cr\u00e9ditos sociales se pongan a disposici\u00f3n de esta unidad, destinados a los proyectos productivos\u00bb, indic\u00f3 en presencia del alcalde de Motul, Jos\u00e9 Juli\u00e1n Pech Aguilar.<\/div>\n<div style=\"font-family: Noteworthy; font-size: 20px; font-weight: bold; line-height: 26px; -webkit-tap-highlight-color: rgba(26, 26, 26, 0.296875); -webkit-composition-fill-color: rgba(130, 98, 83, 0.0976563); -webkit-composition-frame-color: rgba(191, 107, 82, 0.496094); \">Por su parte, el titular de la Sedesol, Nerio Torres Arcila, subray\u00f3 que la apertura de la ventanilla regional significa un ahorro en tiempo y dinero para los ciudadanos, pues con la descentralizaci\u00f3n de servicios ya no tendr\u00e1n que viajar a la capital de la entidad para informarse de convocatorias y programas sociales, cumpli\u00e9ndose de este modo el compromiso 218 del Plan Estatal de Desarrollo.<\/div>\n<div style=\"font-family: Noteworthy; font-size: 20px; font-weight: bold; line-height: 26px; -webkit-tap-highlight-color: rgba(26, 26, 26, 0.296875); -webkit-composition-fill-color: rgba(130, 98, 83, 0.0976563); -webkit-composition-frame-color: rgba(191, 107, 82, 0.496094); \">Mientras, el director de la Seder, Felipe Cervera Hern\u00e1ndez, asever\u00f3 que en la unidad no s\u00f3lo se recibir\u00e1n solicitudes de apoyo, sino que habr\u00e1 resoluciones, es decir, se contar\u00e1 con atenci\u00f3n personalizada de seis elementos con acceso a Internet e interconexi\u00f3n para hacer \u00e1giles los tr\u00e1mites y la comunicaci\u00f3n con la dependencia estatal.<\/div>\n<div style=\"font-family: Noteworthy; font-size: 20px; font-weight: bold; line-height: 26px; -webkit-tap-highlight-color: rgba(26, 26, 26, 0.296875); -webkit-composition-fill-color: rgba(130, 98, 83, 0.0976563); -webkit-composition-frame-color: rgba(191, 107, 82, 0.496094); \">El recinto que atender\u00e1 desde este lunes est\u00e1 ubicado en el terreno del Instituto Tecnol\u00f3gico Superior de Motul y ofrecer\u00e1 atenci\u00f3n de 8:00 a 13:00 horas. Posteriormente se planea habilitar Oficinas Regionales en Valladolid, Yaxcab\u00e1 y Tekax para la cobertura de los 106 municipios.<\/div>\n<div style=\"font-family: Noteworthy; font-size: 20px; font-weight: bold; line-height: 26px; -webkit-tap-highlight-color: rgba(26, 26, 26, 0.296875); -webkit-composition-fill-color: rgba(130, 98, 83, 0.0976563); -webkit-composition-frame-color: rgba(191, 107, 82, 0.496094); \">Las demarcaciones que atiende el m\u00f3dulo inaugurado adem\u00e1s de Motul son Baca, Bokob\u00e1, Buctzotz, Cacalch\u00e9n, Cansahcab, Chicxulub Pueblo, Dzemul, Dzidzant\u00fan, Dzilam Bravo, Dzilam Gonz\u00e1lez, Dzoncahuich, Ixil, Mococh\u00e1, Muxupip, Sinanch\u00e9, Suma de Hidalgo, Telchac Pueblo, Telchac Puerto, Tekant\u00f3, Temax, Teya, Yoba\u00edn y Yaxkukul.<\/div>\n<div style=\"font-family: Noteworthy; font-size: 20px; font-weight: bold; line-height: 26px; -webkit-tap-highlight-color: rgba(26, 26, 26, 0.296875); -webkit-composition-fill-color: rgba(130, 98, 83, 0.0976563); -webkit-composition-frame-color: rgba(191, 107, 82, 0.496094); \">Durante esta gira de trabajo, Zapata Bello tambi\u00e9n entreg\u00f3 la cancha de usos m\u00faltiples de la comisar\u00eda Santa Cruz Pach\u00f3n, para fomentar espacios de convivencia y h\u00e1bitos saludables entre la ni\u00f1ez y juventud motule\u00f1a.<\/div>\n<div style=\"font-family: Noteworthy; font-size: 20px; font-weight: bold; line-height: 26px; -webkit-tap-highlight-color: rgba(26, 26, 26, 0.296875); -webkit-composition-fill-color: rgba(130, 98, 83, 0.0976563); -webkit-composition-frame-color: rgba(191, 107, 82, 0.496094); \">Al respecto, el secretario de Obras P\u00fablicas, Daniel Quintal Ic, mencion\u00f3 que el espacio deportivo cuenta con canchas de basquetbol, f\u00fatbol r\u00e1pido y voleibol. En \u00e9ste se invirti\u00f3 m\u00e1s de dos millones de pesos<\/div>\n<div style=\"font-family: Noteworthy; font-size: 20px; font-weight: bold; line-height: 26px; -webkit-tap-highlight-color: rgba(26, 26, 26, 0.296875); -webkit-composition-fill-color: rgba(130, 98, 83, 0.0976563); -webkit-composition-frame-color: rgba(191, 107, 82, 0.496094); \">\u00abEs un \u00e1rea en la que se previenen enfermedades y se combate la obesidad. Es tambi\u00e9n un potencial escenario de entrenamiento para futuros deportistas de alto rendimiento\u00bb, se\u00f1al\u00f3 Zapata Bello.<\/div>\n<div style=\"font-family: Noteworthy; font-size: 20px; font-weight: bold; line-height: 26px; -webkit-tap-highlight-color: rgba(26, 26, 26, 0.296875); -webkit-composition-fill-color: rgba(130, 98, 83, 0.0976563); -webkit-composition-frame-color: rgba(191, 107, 82, 0.496094); \">En su intervenci\u00f3n, Pech Aguilar asever\u00f3 que este tipo de obras mejoran la calidad de vida y fortalecen la uni\u00f3n familiar. Refrend\u00f3 su agradecimiento al Gobierno del Estado por la instalaci\u00f3n de los m\u00f3dulos de vinculaci\u00f3n en Motul, lo que beneficia a numerosas personas.<\/div>\n<div style=\"font-family: Noteworthy; font-size: 20px; font-weight: bold; line-height: 26px; -webkit-tap-highlight-color: rgba(26, 26, 26, 0.296875); -webkit-composition-fill-color: rgba(130, 98, 83, 0.0976563); -webkit-composition-frame-color: rgba(191, 107, 82, 0.496094); \">En representaci\u00f3n de sus compa\u00f1eros deportistas, Wilberth S\u00e1nchez Chuc, hizo uso de la palabra para expresar la satisfacci\u00f3n de contar con un \u00e1rea de calidad, a la cual podr\u00e1n acudir en cualquier horario, pues cuenta con techo y amplias gradas para resguardo del sol, adem\u00e1s de ba\u00f1os.<\/div>\n<div style=\"font-family: Noteworthy; font-size: 20px; font-weight: bold; line-height: 26px; -webkit-tap-highlight-color: rgba(26, 26, 26, 0.296875); -webkit-composition-fill-color: rgba(130, 98, 83, 0.0976563); -webkit-composition-frame-color: rgba(191, 107, 82, 0.496094); \">Tras la entrega de material deportivo a j\u00f3venes atletas de la comunidad, el Gobernador, acompa\u00f1ado de funcionarios estatales y municipales, procedi\u00f3 a dar la patada inicial hacia la porter\u00eda de f\u00fatbol, declarando inaugurado el espacio.<\/div>\n<div style=\"font-family: Noteworthy; font-size: 20px; font-weight: bold; line-height: 26px; -webkit-tap-highlight-color: rgba(26, 26, 26, 0.296875); -webkit-composition-fill-color: rgba(130, 98, 83, 0.0976563); -webkit-composition-frame-color: rgba(191, 107, 82, 0.496094); \">En el evento estuvieron los directores generales del Inderm, Juan Jos\u00e9 Canul P\u00e9rez, as\u00ed como de los Institutos para la Construcci\u00f3n y Conservaci\u00f3n de Obra P\u00fablica en Yucat\u00e1n, Jos\u00e9 Enrique Alpuche Avil\u00e9s, y del Deporte del Estado, Juan Manuel Sosa Puerto.<\/div>\n<div style=\"font-family: Noteworthy; font-size: 20px; font-weight: bold; line-height: 26px; -webkit-tap-highlight-color: rgba(26, 26, 26, 0.296875); -webkit-composition-fill-color: rgba(130, 98, 83, 0.0976563); -webkit-composition-frame-color: rgba(191, 107, 82, 0.496094); \">Adem\u00e1s, las diputadas federal, Mar\u00eda del Carmen Ordaz Mart\u00ednez, y local, Leandra Moguel Lizama.<\/p>\n<div class=\"separator\" style=\"clear: both;\"><a href=\"https:\/\/lh5.googleusercontent.com\/-Waosw47XOFQ\/U8vi9jBjEDI\/AAAAAAAAiNc\/FKXzdl7V_0k\/s640\/blogger-image-1901624340.jpg\" imageanchor=\"1\" style=\"margin-left: 1em; margin-right: 1em;\"><img decoding=\"async\" border=\"0\" src=\"https:\/\/lh5.googleusercontent.com\/-Waosw47XOFQ\/U8vi9jBjEDI\/AAAAAAAAiNc\/FKXzdl7V_0k\/s640\/blogger-image-1901624340.jpg\"><\/a><\/div>\n<\/div>\n","protected":false},"excerpt":{"rendered":"<p>Con el objetivo de acercar programas y servicios a todos los habitantes, el Gobernador Rolando Zapata Bello inaugur\u00f3 la primera Oficina Regional del Gobierno del Estado en Motul, la cual<\/p>\n","protected":false},"author":1,"featured_media":15875,"comment_status":"open","ping_status":"open","sticky":false,"template":"","format":"standard","meta":{"jetpack_post_was_ever_published":false,"_jetpack_newsletter_access":"","_jetpack_dont_email_post_to_subs":false,"_jetpack_newsletter_tier_id":0,"_jetpack_memberships_contains_paywalled_content":false,"_jetpack_memberships_contains_paid_content":false,"footnotes":"","jetpack_publicize_message":"","jetpack_publicize_feature_enabled":true,"jetpack_social_post_already_shared":false,"jetpack_social_options":{"image_generator_settings":{"template":"highway","default_image_id":0,"font":"","enabled":false},"version":2}},"categories":[17,1],"tags":[],"class_list":["post-2882","post","type-post","status-publish","format-standard","has-post-thumbnail","hentry","category-politica-y-gobierno","category-sin-categoria"],"jetpack_publicize_connections":[],"jetpack_featured_media_url":"https:\/\/formalprision.com\/wp-content\/uploads\/2014\/07\/blogger-image-1901624340.jpg","jetpack_sharing_enabled":true,"jetpack_shortlink":"https:\/\/wp.me\/p6id8p-Ku","_links":{"self":[{"href":"https:\/\/formalprision.com\/index.php?rest_route=\/wp\/v2\/posts\/2882","targetHints":{"allow":["GET"]}}],"collection":[{"href":"https:\/\/formalprision.com\/index.php?rest_route=\/wp\/v2\/posts"}],"about":[{"href":"https:\/\/formalprision.com\/index.php?rest_route=\/wp\/v2\/types\/post"}],"author":[{"embeddable":true,"href":"https:\/\/formalprision.com\/index.php?rest_route=\/wp\/v2\/users\/1"}],"replies":[{"embeddable":true,"href":"https:\/\/formalprision.com\/index.php?rest_route=%2Fwp%2Fv2%2Fcomments&post=2882"}],"version-history":[{"count":0,"href":"https:\/\/formalprision.com\/index.php?rest_route=\/wp\/v2\/posts\/2882\/revisions"}],"wp:featuredmedia":[{"embeddable":true,"href":"https:\/\/formalprision.com\/index.php?rest_route=\/wp\/v2\/media\/15875"}],"wp:attachment":[{"href":"https:\/\/formalprision.com\/index.php?rest_route=%2Fwp%2Fv2%2Fmedia&parent=2882"}],"wp:term":[{"taxonomy":"category","embeddable":true,"href":"https:\/\/formalprision.com\/index.php?rest_route=%2Fwp%2Fv2%2Fcategories&post=2882"},{"taxonomy":"post_tag","embeddable":true,"href":"https:\/\/formalprision.com\/index.php?rest_route=%2Fwp%2Fv2%2Ftags&post=2882"}],"curies":[{"name":"wp","href":"https:\/\/api.w.org\/{rel}","templated":true}]}}