{"id":2894,"date":"2014-07-17T17:16:00","date_gmt":"2014-07-17T17:16:00","guid":{"rendered":"http:\/\/formalprision.info\/2014\/07\/17\/asistira-rolando-zapata-bello-la-lxi\/"},"modified":"2015-06-03T08:36:49","modified_gmt":"2015-06-03T08:36:49","slug":"asistira-rolando-zapata-bello-la-lxi","status":"publish","type":"post","link":"https:\/\/formalprision.com\/?p=2894","title":{"rendered":"Asistir\u00e1 Rolando Zapata Bello a la LXI asamblea de la CTM, delegaci\u00f3n\nYucat\u00e1n"},"content":{"rendered":"<div style=\"font-family: Noteworthy; font-size: 20px; font-weight: bold; line-height: 26px; -webkit-tap-highlight-color: rgba(26, 26, 26, 0.296875); -webkit-composition-fill-color: rgba(130, 98, 83, 0.0976563); -webkit-composition-frame-color: rgba(191, 107, 82, 0.496094); \">\n<div>M\u00e9rida, Yucat\u00e1n, 17 de julio de 2014.- Esta ma\u00f1ana el secretario General de la Federaci\u00f3n de Trabajadores del Estado de Yucat\u00e1n, Mario Tr\u00e1nsito Chan Chan, asisti\u00f3 a la sede del Poder Ejecutivo para invitar al Gobernador Rolando Zapata Bello a la celebraci\u00f3n de la LXI asamblea del Consejo Estatal de la organizaci\u00f3n, a realizarse el pr\u00f3ximo domingo.<\/div>\n<div>En el Sal\u00f3n de los Retratos, los asistentes indicaron que en ese evento para el que se espera la participaci\u00f3n de m\u00e1s de mil agremiados, se rendir\u00e1 el informe ejecutivo anual de las actividades realizadas en el periodo 2013 \u2013 2014.<\/div>\n<div>Acompa\u00f1aron a Chan Chan, el diputado estatal, Luis Echeverr\u00eda Navarro; el secretario del Trabajo, Jos\u00e9 Sald\u00edvar Mart\u00edn; y el secretario de Atenci\u00f3n a Grupos Vulnerables, Efra\u00edn Soberanis Pacheco, quienes felicitaron al titular del Poder Ejecutivo por su esfuerzo para generar espacios de empleo en la entidad.<\/p>\n<div class=\"separator\" style=\"clear: both;\"><a href=\"https:\/\/lh6.googleusercontent.com\/-ZVFLbiLl0WY\/U8gF4uCv8sI\/AAAAAAAAiLA\/C7qjqp1F7OY\/s640\/blogger-image-2083382689.jpg\" imageanchor=\"1\" style=\"margin-left: 1em; margin-right: 1em;\"><img decoding=\"async\" border=\"0\" src=\"https:\/\/lh6.googleusercontent.com\/-ZVFLbiLl0WY\/U8gF4uCv8sI\/AAAAAAAAiLA\/C7qjqp1F7OY\/s640\/blogger-image-2083382689.jpg\"><\/a><\/div>\n<\/div>\n<div><\/div>\n<\/div>\n<div style=\"font-family: Noteworthy; font-size: 20px; font-weight: bold; line-height: 26px; -webkit-tap-highlight-color: rgba(26, 26, 26, 0.296875); -webkit-composition-fill-color: rgba(130, 98, 83, 0.0976563); -webkit-composition-frame-color: rgba(191, 107, 82, 0.496094); \"><\/div>\n","protected":false},"excerpt":{"rendered":"<p>M\u00e9rida, Yucat\u00e1n, 17 de julio de 2014.- Esta ma\u00f1ana el secretario General de la Federaci\u00f3n de Trabajadores del Estado de Yucat\u00e1n, Mario Tr\u00e1nsito Chan Chan, asisti\u00f3 a la sede del<\/p>\n","protected":false},"author":1,"featured_media":15899,"comment_status":"open","ping_status":"open","sticky":false,"template":"","format":"standard","meta":{"jetpack_post_was_ever_published":false,"_jetpack_newsletter_access":"","_jetpack_dont_email_post_to_subs":false,"_jetpack_newsletter_tier_id":0,"_jetpack_memberships_contains_paywalled_content":false,"_jetpack_memberships_contains_paid_content":false,"footnotes":"","jetpack_publicize_message":"","jetpack_publicize_feature_enabled":true,"jetpack_social_post_already_shared":false,"jetpack_social_options":{"image_generator_settings":{"template":"highway","default_image_id":0,"font":"","enabled":false},"version":2}},"categories":[17,1],"tags":[],"class_list":["post-2894","post","type-post","status-publish","format-standard","has-post-thumbnail","hentry","category-politica-y-gobierno","category-sin-categoria"],"jetpack_publicize_connections":[],"jetpack_featured_media_url":"https:\/\/formalprision.com\/wp-content\/uploads\/2014\/07\/blogger-image-2083382689.jpg","jetpack_sharing_enabled":true,"jetpack_shortlink":"https:\/\/wp.me\/p6id8p-KG","_links":{"self":[{"href":"https:\/\/formalprision.com\/index.php?rest_route=\/wp\/v2\/posts\/2894","targetHints":{"allow":["GET"]}}],"collection":[{"href":"https:\/\/formalprision.com\/index.php?rest_route=\/wp\/v2\/posts"}],"about":[{"href":"https:\/\/formalprision.com\/index.php?rest_route=\/wp\/v2\/types\/post"}],"author":[{"embeddable":true,"href":"https:\/\/formalprision.com\/index.php?rest_route=\/wp\/v2\/users\/1"}],"replies":[{"embeddable":true,"href":"https:\/\/formalprision.com\/index.php?rest_route=%2Fwp%2Fv2%2Fcomments&post=2894"}],"version-history":[{"count":0,"href":"https:\/\/formalprision.com\/index.php?rest_route=\/wp\/v2\/posts\/2894\/revisions"}],"wp:featuredmedia":[{"embeddable":true,"href":"https:\/\/formalprision.com\/index.php?rest_route=\/wp\/v2\/media\/15899"}],"wp:attachment":[{"href":"https:\/\/formalprision.com\/index.php?rest_route=%2Fwp%2Fv2%2Fmedia&parent=2894"}],"wp:term":[{"taxonomy":"category","embeddable":true,"href":"https:\/\/formalprision.com\/index.php?rest_route=%2Fwp%2Fv2%2Fcategories&post=2894"},{"taxonomy":"post_tag","embeddable":true,"href":"https:\/\/formalprision.com\/index.php?rest_route=%2Fwp%2Fv2%2Ftags&post=2894"}],"curies":[{"name":"wp","href":"https:\/\/api.w.org\/{rel}","templated":true}]}}