{"id":2895,"date":"2014-07-17T16:27:00","date_gmt":"2014-07-17T16:27:00","guid":{"rendered":"http:\/\/formalprision.info\/2014\/07\/17\/jovenes-yucatecos-participan-en\/"},"modified":"2015-06-03T08:36:50","modified_gmt":"2015-06-03T08:36:50","slug":"jovenes-yucatecos-participan-en","status":"publish","type":"post","link":"https:\/\/formalprision.com\/?p=2895","title":{"rendered":"*J\u00f3venes yucatecos participan en Campamento Musical de Verano*"},"content":{"rendered":"<div style=\"font-family: Noteworthy; font-size: 20px; font-weight: bold; line-height: 26px; -webkit-tap-highlight-color: rgba(26, 26, 26, 0.296875); -webkit-composition-fill-color: rgba(130, 98, 83, 0.0976563); -webkit-composition-frame-color: rgba(191, 107, 82, 0.496094); \">Un total de 30 integrantes de las&nbsp;bandas juveniles de Yucat\u00e1n participa en el Campamento Musical de Verano&nbsp;\u201cMuuch xiimbal ko\u00b4ox\u201d (Caminemos juntos\u2026vamos a tocar), que se lleva a cabomen el municipio de Teabo, al Sur de la entidad, y que tendr\u00e1 como invitado&nbsp;al m\u00fasico cubano Humberto Pino Hern\u00e1ndez.<\/div>\n<div style=\"font-family: Noteworthy; font-size: 20px; font-weight: bold; line-height: 26px; -webkit-tap-highlight-color: rgba(26, 26, 26, 0.296875); -webkit-composition-fill-color: rgba(130, 98, 83, 0.0976563); -webkit-composition-frame-color: rgba(191, 107, 82, 0.496094); \">Int\u00e9rpretes de los n\u00facleos de esa demarcaci\u00f3n, as\u00ed como de Progreso, Tex\u00e1n&nbsp;Palomeque, comisar\u00eda de Hunucm\u00e1, Tixkokob y Molas, localidad del municipio&nbsp;de M\u00e9rida, reciben durante una semana clases de instrumento, pr\u00e1cticas&nbsp;seccionales y ensayos, como parte del Programa Estatal de Bandas Sinf\u00f3nicas&nbsp;de la Secretar\u00eda de la Cultura y las Artes (Sedeculta).<\/div>\n<div style=\"font-family: Noteworthy; font-size: 20px; font-weight: bold; line-height: 26px; -webkit-tap-highlight-color: rgba(26, 26, 26, 0.296875); -webkit-composition-fill-color: rgba(130, 98, 83, 0.0976563); -webkit-composition-frame-color: rgba(191, 107, 82, 0.496094); \">El taller, que inici\u00f3 el pasado s\u00e1bado 12 de julio, es dirigido por el&nbsp;tubista Emmanuel Zamora Hoil, anfitri\u00f3n del evento y para este viernes 18&nbsp;de julio, Pino Hern\u00e1ndez dictar\u00e1 una interesante conferencia sobre las&nbsp;actividades y esquemas de agrupaciones municipales de su pa\u00eds.<\/div>\n<div style=\"font-family: Noteworthy; font-size: 20px; font-weight: bold; line-height: 26px; -webkit-tap-highlight-color: rgba(26, 26, 26, 0.296875); -webkit-composition-fill-color: rgba(130, 98, 83, 0.0976563); -webkit-composition-frame-color: rgba(191, 107, 82, 0.496094); \">Adem\u00e1s, este s\u00e1bado 19, a las 20:00 horas, en el municipio sede, el&nbsp;tambi\u00e9n director titular de la Banda Sinf\u00f3nica de Holgu\u00edn, Cuba,&nbsp;conducir\u00e1 a la Banda Sinf\u00f3nica Juvenil de Yucat\u00e1n para clausurar el&nbsp;campamento con el programa Retretas Musicales, en su cuarta edici\u00f3n.<\/div>\n<div style=\"font-family: Noteworthy; font-size: 20px; font-weight: bold; line-height: 26px; -webkit-tap-highlight-color: rgba(26, 26, 26, 0.296875); -webkit-composition-fill-color: rgba(130, 98, 83, 0.0976563); -webkit-composition-frame-color: rgba(191, 107, 82, 0.496094); \">Algunas de las piezas del concierto son \u201cTu danz\u00f3n\u201d, de la autor\u00eda del&nbsp;director invitado; \u201cEl gato mont\u00e9s\u201d, de Manuel Penella; \u201cVals de la suite&nbsp;de jazz 2\u201d, de Dmitri Shostakovitch; \u201cMarcha Radetzky\u201d, de Johann Strauss;&nbsp;y temas favoritos de Disney con arreglos de Bob Lowden.<\/div>\n<div style=\"font-family: Noteworthy; font-size: 20px; font-weight: bold; line-height: 26px; -webkit-tap-highlight-color: rgba(26, 26, 26, 0.296875); -webkit-composition-fill-color: rgba(130, 98, 83, 0.0976563); -webkit-composition-frame-color: rgba(191, 107, 82, 0.496094); \">El concierto tambi\u00e9n estar\u00e1 a cargo del jefe del Departamento de M\u00fasica de&nbsp;la Sedeculta, Luis Luna Guarneros, y del anfitri\u00f3n Emmanuel Zamora Hoil,Mas\u00ed como los directores de los n\u00facleos, Ra\u00fal Alejandro M\u00e9ndez Lara, Luis&nbsp;Antonio Koyoc Canch\u00e9 y Juan Diego Beltr\u00e1n Cetina.<\/div>\n<div style=\"font-family: Noteworthy; font-size: 20px; font-weight: bold; line-height: 26px; -webkit-tap-highlight-color: rgba(26, 26, 26, 0.296875); -webkit-composition-fill-color: rgba(130, 98, 83, 0.0976563); -webkit-composition-frame-color: rgba(191, 107, 82, 0.496094); \">Igualmente, participan como instructores los maestros Adriana del Carmen&nbsp;Brice\u00f1o Pech y Gabriela Loolbej S\u00e1nchez Chan (flauta y oboe); Omar Mart\u00ednez<\/div>\n<div style=\"font-family: Noteworthy; font-size: 20px; font-weight: bold; line-height: 26px; -webkit-tap-highlight-color: rgba(26, 26, 26, 0.296875); -webkit-composition-fill-color: rgba(130, 98, 83, 0.0976563); -webkit-composition-frame-color: rgba(191, 107, 82, 0.496094); \">\u00c1ngeles (clarinete), Mar\u00eda Jos\u00e9 Chi Gonz\u00e1lez (saxof\u00f3n), \u00c1ngel de Jes\u00fas<\/div>\n<div style=\"font-family: Noteworthy; font-size: 20px; font-weight: bold; line-height: 26px; -webkit-tap-highlight-color: rgba(26, 26, 26, 0.296875); -webkit-composition-fill-color: rgba(130, 98, 83, 0.0976563); -webkit-composition-frame-color: rgba(191, 107, 82, 0.496094); \">Tamayo Azc\u00e1rate (trompeta), Jorge Tovar Mart\u00edn (tromb\u00f3n), y Luc\u00eda \u00c1ngeles<\/div>\n<div style=\"font-family: Noteworthy; font-size: 20px; font-weight: bold; line-height: 26px; -webkit-tap-highlight-color: rgba(26, 26, 26, 0.296875); -webkit-composition-fill-color: rgba(130, 98, 83, 0.0976563); -webkit-composition-frame-color: rgba(191, 107, 82, 0.496094); \">P\u00e9rez Trejo (percusi\u00f3n).<\/div>\n<div style=\"font-family: Noteworthy; font-size: 20px; font-weight: bold; line-height: 26px; -webkit-tap-highlight-color: rgba(26, 26, 26, 0.296875); -webkit-composition-fill-color: rgba(130, 98, 83, 0.0976563); -webkit-composition-frame-color: rgba(191, 107, 82, 0.496094); \">En esta nueva modalidad de ofrecer a los conjuntos juveniles clases a&nbsp;trav\u00e9s de expertos, le anteceden los seis Talleres Regionales de&nbsp;Instrumentos de Viento (TRIV) para Banda Sinf\u00f3nica realizados de 2008 a&nbsp;2012 en Yucat\u00e1n y que congregaron a m\u00fasicos de la zona peninsular, la&nbsp;regi\u00f3n Sur-Sureste y el Centro del pa\u00eds.<\/p>\n<div class=\"separator\" style=\"clear: both;\"><a href=\"https:\/\/lh6.googleusercontent.com\/-ILBqrf855Cg\/U8f5UlloJxI\/AAAAAAAAiKo\/6U0cgAlqBrY\/s640\/blogger-image-1550848180.jpg\" imageanchor=\"1\" style=\"margin-left: 1em; margin-right: 1em;\"><img decoding=\"async\" border=\"0\" src=\"https:\/\/lh6.googleusercontent.com\/-ILBqrf855Cg\/U8f5UlloJxI\/AAAAAAAAiKo\/6U0cgAlqBrY\/s640\/blogger-image-1550848180.jpg\"><\/a><\/div>\n<\/div>\n<div><\/div>\n","protected":false},"excerpt":{"rendered":"<p>Un total de 30 integrantes de las&nbsp;bandas juveniles de Yucat\u00e1n participa en el Campamento Musical de Verano&nbsp;\u201cMuuch xiimbal ko\u00b4ox\u201d (Caminemos juntos\u2026vamos a tocar), que se lleva a cabomen el municipio<\/p>\n","protected":false},"author":1,"featured_media":15901,"comment_status":"open","ping_status":"open","sticky":false,"template":"","format":"standard","meta":{"jetpack_post_was_ever_published":false,"_jetpack_newsletter_access":"","_jetpack_dont_email_post_to_subs":false,"_jetpack_newsletter_tier_id":0,"_jetpack_memberships_contains_paywalled_content":false,"_jetpack_memberships_contains_paid_content":false,"footnotes":"","jetpack_publicize_message":"","jetpack_publicize_feature_enabled":true,"jetpack_social_post_already_shared":false,"jetpack_social_options":{"image_generator_settings":{"template":"highway","default_image_id":0,"font":"","enabled":false},"version":2}},"categories":[1,49],"tags":[],"class_list":["post-2895","post","type-post","status-publish","format-standard","has-post-thumbnail","hentry","category-sin-categoria","category-tocho-morocho"],"jetpack_publicize_connections":[],"jetpack_featured_media_url":"https:\/\/formalprision.com\/wp-content\/uploads\/2014\/07\/blogger-image-1550848180.jpg","jetpack_sharing_enabled":true,"jetpack_shortlink":"https:\/\/wp.me\/p6id8p-KH","_links":{"self":[{"href":"https:\/\/formalprision.com\/index.php?rest_route=\/wp\/v2\/posts\/2895","targetHints":{"allow":["GET"]}}],"collection":[{"href":"https:\/\/formalprision.com\/index.php?rest_route=\/wp\/v2\/posts"}],"about":[{"href":"https:\/\/formalprision.com\/index.php?rest_route=\/wp\/v2\/types\/post"}],"author":[{"embeddable":true,"href":"https:\/\/formalprision.com\/index.php?rest_route=\/wp\/v2\/users\/1"}],"replies":[{"embeddable":true,"href":"https:\/\/formalprision.com\/index.php?rest_route=%2Fwp%2Fv2%2Fcomments&post=2895"}],"version-history":[{"count":0,"href":"https:\/\/formalprision.com\/index.php?rest_route=\/wp\/v2\/posts\/2895\/revisions"}],"wp:featuredmedia":[{"embeddable":true,"href":"https:\/\/formalprision.com\/index.php?rest_route=\/wp\/v2\/media\/15901"}],"wp:attachment":[{"href":"https:\/\/formalprision.com\/index.php?rest_route=%2Fwp%2Fv2%2Fmedia&parent=2895"}],"wp:term":[{"taxonomy":"category","embeddable":true,"href":"https:\/\/formalprision.com\/index.php?rest_route=%2Fwp%2Fv2%2Fcategories&post=2895"},{"taxonomy":"post_tag","embeddable":true,"href":"https:\/\/formalprision.com\/index.php?rest_route=%2Fwp%2Fv2%2Ftags&post=2895"}],"curies":[{"name":"wp","href":"https:\/\/api.w.org\/{rel}","templated":true}]}}