{"id":2896,"date":"2014-07-17T16:15:00","date_gmt":"2014-07-17T16:15:00","guid":{"rendered":"http:\/\/formalprision.info\/2014\/07\/17\/inicia-en-yucatan-programa-mis\/"},"modified":"2015-06-03T08:36:50","modified_gmt":"2015-06-03T08:36:50","slug":"inicia-en-yucatan-programa-mis","status":"publish","type":"post","link":"https:\/\/formalprision.com\/?p=2896","title":{"rendered":"Inicia en Yucat\u00e1n programa Mis vacaciones en la biblioteca."},"content":{"rendered":"<div style=\"font-family: Noteworthy; font-size: 20px; font-weight: bold; line-height: 26px; -webkit-tap-highlight-color: rgba(26, 26, 26, 0.296875); -webkit-composition-fill-color: rgba(130, 98, 83, 0.0976563); -webkit-composition-frame-color: rgba(191, 107, 82, 0.496094); \">\n<div>Con la participaci\u00f3n de 83 ni\u00f1os, este d\u00eda inici\u00f3 la 28 edici\u00f3n del programa anual \u201cMis vacaciones en la biblioteca\u201d en la librer\u00eda central \u201cManuel Cepeda Peraza\u201d de esta ciudad, con lo que Yucat\u00e1n se une a los m\u00e1s de ocho mil recintos de este tipo que pusieron en marcha esta actividad en todo el pa\u00eds.<\/div>\n<div>El secretario General de Gobierno, V\u00edctor Caballero Dur\u00e1n, inaugur\u00f3 los talleres de este esquema, cuyo objetivo es fomentar el h\u00e1bito de la lectura entre las nuevas generaciones a trav\u00e9s de juegos y ayudas did\u00e1cticas que incentiven su creatividad, al tiempo que contribuyan a su formaci\u00f3n integral.<\/div>\n<div>\u201cNos complace mucho que estos programas se sigan haciendo con mayor armon\u00eda y participaci\u00f3n. Al final del d\u00eda todo lo que queremos en el Gobierno del Estado es que nuestras familias, nuestros hijos, est\u00e9n en mejores condiciones, tengan habilidades para enfrentar los retos de todos los d\u00edas y puedan enfrentar un buen futuro\u201d, dijo.<\/div>\n<div>Acompa\u00f1ado del titular de la Secretar\u00eda de la Cultura y las Artes (Sedeculta), Roger Metri Duarte, el secretario resalt\u00f3 la importancia de impulsar a los ni\u00f1os para que participen en actividades productivas, que ocupen su tiempo de manera positiva, como la lectura.<\/div>\n<div>En esta edici\u00f3n, el programa, impulsado por el Consejo Nacional para la Cultura y las Artes (Conaculta) en coordinaci\u00f3n con la Sedeculta, estar\u00e1 conformado por dos talleres: \u201cGolpe de calcet\u00edn\u201d, que es un homenaje a los libros del escritor de literatura infantil, Francisco Hinojosa; y \u201cCrearte: el arte y sus invenciones\u201d, en donde se tratar\u00e1n temas relacionados a la m\u00fasica, el cine, el dibujo y la pintura.<\/div>\n<div>Los infantes est\u00e1n organizados en dos turnos. Por la ma\u00f1ana, de 10:00 a 12:30 horas se atender\u00e1n a 45 ni\u00f1os, mientras que por la tarde, de 16 a 18 horas, a 38. Los menores participar\u00e1n en sesiones de lectura, computaci\u00f3n y presenciar\u00e1n la proyecci\u00f3n de una pel\u00edcula did\u00e1ctica. Mis vacaciones en la biblioteca finalizar\u00e1n el pr\u00f3ximo 28 de julio.<\/p>\n<div class=\"separator\" style=\"clear: both;\"><a href=\"https:\/\/lh5.googleusercontent.com\/-3t6fIXFLWCc\/U8f2mAFlEOI\/AAAAAAAAiKc\/ViL038hyX60\/s640\/blogger-image-403527691.jpg\" imageanchor=\"1\" style=\"margin-left: 1em; margin-right: 1em;\"><img decoding=\"async\" border=\"0\" src=\"https:\/\/lh5.googleusercontent.com\/-3t6fIXFLWCc\/U8f2mAFlEOI\/AAAAAAAAiKc\/ViL038hyX60\/s640\/blogger-image-403527691.jpg\"><\/a><\/div>\n<\/div>\n<div><\/div>\n<\/div>\n","protected":false},"excerpt":{"rendered":"<p>Con la participaci\u00f3n de 83 ni\u00f1os, este d\u00eda inici\u00f3 la 28 edici\u00f3n del programa anual \u201cMis vacaciones en la biblioteca\u201d en la librer\u00eda central \u201cManuel Cepeda Peraza\u201d de esta ciudad,<\/p>\n","protected":false},"author":1,"featured_media":15903,"comment_status":"open","ping_status":"open","sticky":false,"template":"","format":"standard","meta":{"jetpack_post_was_ever_published":false,"_jetpack_newsletter_access":"","_jetpack_dont_email_post_to_subs":false,"_jetpack_newsletter_tier_id":0,"_jetpack_memberships_contains_paywalled_content":false,"_jetpack_memberships_contains_paid_content":false,"footnotes":"","jetpack_publicize_message":"","jetpack_publicize_feature_enabled":true,"jetpack_social_post_already_shared":false,"jetpack_social_options":{"image_generator_settings":{"template":"highway","default_image_id":0,"font":"","enabled":false},"version":2}},"categories":[17,1],"tags":[],"class_list":["post-2896","post","type-post","status-publish","format-standard","has-post-thumbnail","hentry","category-politica-y-gobierno","category-sin-categoria"],"jetpack_publicize_connections":[],"jetpack_featured_media_url":"https:\/\/formalprision.com\/wp-content\/uploads\/2014\/07\/blogger-image-403527691.jpg","jetpack_sharing_enabled":true,"jetpack_shortlink":"https:\/\/wp.me\/p6id8p-KI","_links":{"self":[{"href":"https:\/\/formalprision.com\/index.php?rest_route=\/wp\/v2\/posts\/2896","targetHints":{"allow":["GET"]}}],"collection":[{"href":"https:\/\/formalprision.com\/index.php?rest_route=\/wp\/v2\/posts"}],"about":[{"href":"https:\/\/formalprision.com\/index.php?rest_route=\/wp\/v2\/types\/post"}],"author":[{"embeddable":true,"href":"https:\/\/formalprision.com\/index.php?rest_route=\/wp\/v2\/users\/1"}],"replies":[{"embeddable":true,"href":"https:\/\/formalprision.com\/index.php?rest_route=%2Fwp%2Fv2%2Fcomments&post=2896"}],"version-history":[{"count":0,"href":"https:\/\/formalprision.com\/index.php?rest_route=\/wp\/v2\/posts\/2896\/revisions"}],"wp:featuredmedia":[{"embeddable":true,"href":"https:\/\/formalprision.com\/index.php?rest_route=\/wp\/v2\/media\/15903"}],"wp:attachment":[{"href":"https:\/\/formalprision.com\/index.php?rest_route=%2Fwp%2Fv2%2Fmedia&parent=2896"}],"wp:term":[{"taxonomy":"category","embeddable":true,"href":"https:\/\/formalprision.com\/index.php?rest_route=%2Fwp%2Fv2%2Fcategories&post=2896"},{"taxonomy":"post_tag","embeddable":true,"href":"https:\/\/formalprision.com\/index.php?rest_route=%2Fwp%2Fv2%2Ftags&post=2896"}],"curies":[{"name":"wp","href":"https:\/\/api.w.org\/{rel}","templated":true}]}}