{"id":2899,"date":"2014-07-16T19:56:00","date_gmt":"2014-07-16T19:56:00","guid":{"rendered":"http:\/\/formalprision.info\/2014\/07\/16\/incrementan-el-presupuesto-de-la-stps\/"},"modified":"2015-06-03T08:36:50","modified_gmt":"2015-06-03T08:36:50","slug":"incrementan-el-presupuesto-de-la-stps","status":"publish","type":"post","link":"https:\/\/formalprision.com\/?p=2899","title":{"rendered":"Incrementan el presupuesto de la STPS en cuatro millones de pesos"},"content":{"rendered":"<div style=\"font-family: Noteworthy; font-size: 20px; font-weight: bold; line-height: 26px; -webkit-tap-highlight-color: rgba(26, 26, 26, 0.296875); -webkit-composition-fill-color: rgba(130, 98, 83, 0.0976563); -webkit-composition-frame-color: rgba(191, 107, 82, 0.496094); \">M\u00e9rida, Yucat\u00e1n, 16 de julio de 2014.- Debido a la eficiencia que Yucat\u00e1n ha tenido en la aplicaci\u00f3n de esquemas de vinculaci\u00f3n laboral, autoridades federales autorizaron un presupuesto adicional &nbsp;de cuatro millones de pesos para la Secretar\u00eda del Trabajo y Previsi\u00f3n Social del Estado (STPS), a fin de continuar con el impulso y fortalecimiento a las acciones en la materia.<\/div>\n<div style=\"font-family: Noteworthy; font-size: 20px; font-weight: bold; line-height: 26px; -webkit-tap-highlight-color: rgba(26, 26, 26, 0.296875); -webkit-composition-fill-color: rgba(130, 98, 83, 0.0976563); -webkit-composition-frame-color: rgba(191, 107, 82, 0.496094); \">Durante la inauguraci\u00f3n de la Expo Empleo 2014, el Gobernador Rolando Zapata Bello y la subsecretaria de Empleo y Productividad de la STPS federal, Flora Patricia Mart\u00ednez Cranss, &nbsp;entregaron apoyos por m\u00e1s de 11.6 millones de pesos a trav\u00e9s de los programas B\u00e9cate y de Fomento al Autoempleo, adem\u00e1s de motos adaptadas para personas con discapacidad; todos ellos, beneficios que impactar\u00e1n positivamente en la vida de m\u00e1s de tres mil personas.<\/div>\n<div style=\"font-family: Noteworthy; font-size: 20px; font-weight: bold; line-height: 26px; -webkit-tap-highlight-color: rgba(26, 26, 26, 0.296875); -webkit-composition-fill-color: rgba(130, 98, 83, 0.0976563); -webkit-composition-frame-color: rgba(191, 107, 82, 0.496094); \">En evento celebrado en el Centro de Convenciones Yucat\u00e1n Siglo XXI, el titular del Ejecutivo asegur\u00f3 que con los cuatro millones de pesos adicionales al presupuesto inicial de la Secretar\u00eda, que es 37 millones, se podr\u00e1 continuar el trabajo y con ello, lograr que al igual que en 2013, el estado sea declarado este a\u00f1o como la entidad con mayor eficiencia en programas de vinculaci\u00f3n laboral y fomento al autoempleo.<\/div>\n<div style=\"font-family: Noteworthy; font-size: 20px; font-weight: bold; line-height: 26px; -webkit-tap-highlight-color: rgba(26, 26, 26, 0.296875); -webkit-composition-fill-color: rgba(130, 98, 83, 0.0976563); -webkit-composition-frame-color: rgba(191, 107, 82, 0.496094); \">Acompa\u00f1ado del delegado estatal de la STPS, Ricardo B\u00e9jar Herrera, destac\u00f3 que con las acciones realizadas este d\u00eda se ofrece la posibilidad de que los yucatecos que en estos momentos est\u00e1n en busca de una oportunidad laboral, encuentren un empleo formal y digno, que les permita dar cauce a su capacidad, talento y a su aspiraci\u00f3n de tener una mejor condici\u00f3n de vida junto a su familia.<\/div>\n<div style=\"font-family: Noteworthy; font-size: 20px; font-weight: bold; line-height: 26px; -webkit-tap-highlight-color: rgba(26, 26, 26, 0.296875); -webkit-composition-fill-color: rgba(130, 98, 83, 0.0976563); -webkit-composition-frame-color: rgba(191, 107, 82, 0.496094); \">\u201cEl apoyo que se le da de igual manera para la inclusi\u00f3n laboral a las personas que tienen alguna discapacidad y que sabemos que tienen ese gran esfuerzo, ese gran esp\u00edritu para trabajar, pero definitivamente su condici\u00f3n los limita para la transportaci\u00f3n, para los desplazamientos. Verdaderamente estas motocicletas les garantizan la posibilidad de desplazarse por s\u00ed mismos y de poder tener un ingreso, un empleo y llevar bienestar a sus familias\u201d, subray\u00f3.<\/div>\n<div style=\"font-family: Noteworthy; font-size: 20px; font-weight: bold; line-height: 26px; -webkit-tap-highlight-color: rgba(26, 26, 26, 0.296875); -webkit-composition-fill-color: rgba(130, 98, 83, 0.0976563); -webkit-composition-frame-color: rgba(191, 107, 82, 0.496094); \">En su intervenci\u00f3n, Mart\u00ednez Cranss record\u00f3, ante beneficiarios, alcaldes, legisladores y funcionarios estatales y federales, que la pol\u00edtica laboral en el pa\u00eds para 2014, busca beneficiar principalmente a mujeres, j\u00f3venes, adultos mayores y personas con discapacidad, acciones en las que Yucat\u00e1n ha demostrado su compromiso, pues la mayor parte de sus programas est\u00e1 enfocada &nbsp;a beneficiar a estos sectore<\/div>\n<div style=\"font-family: Noteworthy; font-size: 20px; font-weight: bold; line-height: 26px; -webkit-tap-highlight-color: rgba(26, 26, 26, 0.296875); -webkit-composition-fill-color: rgba(130, 98, 83, 0.0976563); -webkit-composition-frame-color: rgba(191, 107, 82, 0.496094); \">En materia de vinculaci\u00f3n laboral, la funcionaria federal inform\u00f3 que a trav\u00e9s del Servicio Nacional de Empleo (SNE), m\u00e1s de 20 mil yucatecos han logrado encontrar una oportunidad para mejorar su nivel de vida y el de sus familias.<\/div>\n<div style=\"font-family: Noteworthy; font-size: 20px; font-weight: bold; line-height: 26px; -webkit-tap-highlight-color: rgba(26, 26, 26, 0.296875); -webkit-composition-fill-color: rgba(130, 98, 83, 0.0976563); -webkit-composition-frame-color: rgba(191, 107, 82, 0.496094); \">Por su parte, el titular de la STPS estatal, Enrique Castillo Ruz, explic\u00f3 que en lo que respecta a la Expo Feria 2014, en la que se participaron 74 empresas locales, se ofertaron m\u00e1s de dos mil vacantes.<\/div>\n<div style=\"font-family: Noteworthy; font-size: 20px; font-weight: bold; line-height: 26px; -webkit-tap-highlight-color: rgba(26, 26, 26, 0.296875); -webkit-composition-fill-color: rgba(130, 98, 83, 0.0976563); -webkit-composition-frame-color: rgba(191, 107, 82, 0.496094); \">Igualmente, dijo, se pusieron en marcha &nbsp;48 cursos de Capacitaci\u00f3n para el Autoempleo en Artes y Oficios con la asistencia de mil 200 personas y una inversi\u00f3n superior a los 7.6 millones de pesos. En ellos se brindaron talleres de bordado, tallado de madera, urdido de hamacas, hoja de elote, costurado de henequ\u00e9n y elaboraci\u00f3n de artesan\u00edas con j\u00edcaras, entre otros.<\/div>\n<div style=\"font-family: Noteworthy; font-size: 20px; font-weight: bold; line-height: 26px; -webkit-tap-highlight-color: rgba(26, 26, 26, 0.296875); -webkit-composition-fill-color: rgba(130, 98, 83, 0.0976563); -webkit-composition-frame-color: rgba(191, 107, 82, 0.496094); \">Tambi\u00e9n se ofreci\u00f3 asistencia a 425 personas en 17 cursos de Capacitaci\u00f3n en la Pr\u00e1ctica Laboral con una inversi\u00f3n de dos millones 381 mil 880 pesos. Igualmente se entreg\u00f3 maquinaria y equipo de 54 proyectos del Subprograma de Fomento al Autoempleo, que beneficia a 116 personas con una inversi\u00f3n de un mill\u00f3n 91 mil 471 pesos; 21 Actas de Bienes en Propiedad y 20 motocicletas adaptadas para igual n\u00famero de personas con discapacidad motriz, con una inversi\u00f3n de 433 mil 471 pesos.<\/p>\n<div class=\"separator\" style=\"clear: both;\"><a href=\"https:\/\/lh5.googleusercontent.com\/-t83kqT1ElR8\/U8bZBOHKVKI\/AAAAAAAAiJg\/iZMftK2UMo0\/s640\/blogger-image--1215995025.jpg\" imageanchor=\"1\" style=\"margin-left: 1em; margin-right: 1em;\"><img decoding=\"async\" border=\"0\" src=\"https:\/\/lh5.googleusercontent.com\/-t83kqT1ElR8\/U8bZBOHKVKI\/AAAAAAAAiJg\/iZMftK2UMo0\/s640\/blogger-image--1215995025.jpg\"><\/a><\/div>\n<\/div>\n","protected":false},"excerpt":{"rendered":"<p>M\u00e9rida, Yucat\u00e1n, 16 de julio de 2014.- Debido a la eficiencia que Yucat\u00e1n ha tenido en la aplicaci\u00f3n de esquemas de vinculaci\u00f3n laboral, autoridades federales autorizaron un presupuesto adicional &nbsp;de<\/p>\n","protected":false},"author":1,"featured_media":15909,"comment_status":"open","ping_status":"open","sticky":false,"template":"","format":"standard","meta":{"jetpack_post_was_ever_published":false,"_jetpack_newsletter_access":"","_jetpack_dont_email_post_to_subs":false,"_jetpack_newsletter_tier_id":0,"_jetpack_memberships_contains_paywalled_content":false,"_jetpack_memberships_contains_paid_content":false,"footnotes":"","jetpack_publicize_message":"","jetpack_publicize_feature_enabled":true,"jetpack_social_post_already_shared":false,"jetpack_social_options":{"image_generator_settings":{"template":"highway","default_image_id":0,"font":"","enabled":false},"version":2}},"categories":[17,1],"tags":[],"class_list":["post-2899","post","type-post","status-publish","format-standard","has-post-thumbnail","hentry","category-politica-y-gobierno","category-sin-categoria"],"jetpack_publicize_connections":[],"jetpack_featured_media_url":"https:\/\/formalprision.com\/wp-content\/uploads\/2014\/07\/blogger-image-1215995025.jpg","jetpack_sharing_enabled":true,"jetpack_shortlink":"https:\/\/wp.me\/p6id8p-KL","_links":{"self":[{"href":"https:\/\/formalprision.com\/index.php?rest_route=\/wp\/v2\/posts\/2899","targetHints":{"allow":["GET"]}}],"collection":[{"href":"https:\/\/formalprision.com\/index.php?rest_route=\/wp\/v2\/posts"}],"about":[{"href":"https:\/\/formalprision.com\/index.php?rest_route=\/wp\/v2\/types\/post"}],"author":[{"embeddable":true,"href":"https:\/\/formalprision.com\/index.php?rest_route=\/wp\/v2\/users\/1"}],"replies":[{"embeddable":true,"href":"https:\/\/formalprision.com\/index.php?rest_route=%2Fwp%2Fv2%2Fcomments&post=2899"}],"version-history":[{"count":0,"href":"https:\/\/formalprision.com\/index.php?rest_route=\/wp\/v2\/posts\/2899\/revisions"}],"wp:featuredmedia":[{"embeddable":true,"href":"https:\/\/formalprision.com\/index.php?rest_route=\/wp\/v2\/media\/15909"}],"wp:attachment":[{"href":"https:\/\/formalprision.com\/index.php?rest_route=%2Fwp%2Fv2%2Fmedia&parent=2899"}],"wp:term":[{"taxonomy":"category","embeddable":true,"href":"https:\/\/formalprision.com\/index.php?rest_route=%2Fwp%2Fv2%2Fcategories&post=2899"},{"taxonomy":"post_tag","embeddable":true,"href":"https:\/\/formalprision.com\/index.php?rest_route=%2Fwp%2Fv2%2Ftags&post=2899"}],"curies":[{"name":"wp","href":"https:\/\/api.w.org\/{rel}","templated":true}]}}