{"id":2902,"date":"2014-07-15T22:50:00","date_gmt":"2014-07-15T22:50:00","guid":{"rendered":"http:\/\/formalprision.info\/2014\/07\/15\/imparte-patronato-pro-hijo-del-policia\/"},"modified":"2015-06-03T08:36:51","modified_gmt":"2015-06-03T08:36:51","slug":"imparte-patronato-pro-hijo-del-policia","status":"publish","type":"post","link":"https:\/\/formalprision.com\/?p=2902","title":{"rendered":"Imparte Patronato Pro Hijo del Polic\u00eda pl\u00e1tica para identificar bullying"},"content":{"rendered":"<div style=\"font-family: Noteworthy; font-size: 20px; font-weight: bold; line-height: 26px; -webkit-tap-highlight-color: rgba(26, 26, 26, 0.296875); -webkit-composition-fill-color: rgba(130, 98, 83, 0.0976563); -webkit-composition-frame-color: rgba(191, 107, 82, 0.496094); \">M\u00e9rida, Yucat\u00e1n, 15 de julio de 2014.- Con el objetivo de que los padres de familia conozcan a profundidad acerca del bullying o acoso escolar, el Patronato Pro-Hijo del Polic\u00eda organiz\u00f3 una pl\u00e1tica sobre el tema, a la que asisti\u00f3 personal operativo y administrativo de la Secretar\u00eda de Seguridad P\u00fablica (SSP).<\/div>\n<div style=\"font-family: Noteworthy; font-size: 20px; font-weight: bold; line-height: 26px; -webkit-tap-highlight-color: rgba(26, 26, 26, 0.296875); -webkit-composition-fill-color: rgba(130, 98, 83, 0.0976563); -webkit-composition-frame-color: rgba(191, 107, 82, 0.496094); \">La presidenta del Patronato Pro-Hijo del Polic\u00eda, Mar\u00eda Ang\u00e9lica Fern\u00e1ndez de Said\u00e9n, indic\u00f3 que la din\u00e1mica otorga informaci\u00f3n a trav\u00e9s de la cual se puede detectar a tiempo cu\u00e1ndo alg\u00fan peque\u00f1o o familiar sufre de ese tipo de abuso.<\/div>\n<div style=\"font-family: Noteworthy; font-size: 20px; font-weight: bold; line-height: 26px; -webkit-tap-highlight-color: rgba(26, 26, 26, 0.296875); -webkit-composition-fill-color: rgba(130, 98, 83, 0.0976563); -webkit-composition-frame-color: rgba(191, 107, 82, 0.496094); \">Asimismo, mencion\u00f3 que es importante estar pendientes de los hijos, ya que sin la atenci\u00f3n oportuna las consecuencias pueden ser lamentables, sin importar si el involucrado es v\u00edctima o agresor. A\u00f1adi\u00f3 que en ocasiones la ausencia en el hogar impide saber si alguien de la familia atraviesa por un caso de acoso escolar.<\/div>\n<div style=\"font-family: Noteworthy; font-size: 20px; font-weight: bold; line-height: 26px; -webkit-tap-highlight-color: rgba(26, 26, 26, 0.296875); -webkit-composition-fill-color: rgba(130, 98, 83, 0.0976563); -webkit-composition-frame-color: rgba(191, 107, 82, 0.496094); \">Fern\u00e1ndez de Said\u00e9n coment\u00f3 que la instancia que encabeza organiza este tipo de actividades para mantener el acercamiento con el personal, y al mismo tiempo informar sobre temas que contribuyan al desarrollo y fortalecimiento familiar.<\/div>\n<div style=\"font-family: Noteworthy; font-size: 20px; font-weight: bold; line-height: 26px; -webkit-tap-highlight-color: rgba(26, 26, 26, 0.296875); -webkit-composition-fill-color: rgba(130, 98, 83, 0.0976563); -webkit-composition-frame-color: rgba(191, 107, 82, 0.496094); \">Los polic\u00edas terceros Cecilia Robles Agundez y Marco Antonio Chagoya Balam, pertenecientes al Grupo Escudo de la SSP, enfatizaron a los asistentes estar atentos a los cambios de conducta de sus hijos en los diferentes contextos. Al igual insistieron en que es importante acudir a la ayuda psicol\u00f3gica, as\u00ed como no desestimar el problema que enfrenta la v\u00edctima y el victimario.<\/div>\n<div style=\"font-family: Noteworthy; font-size: 20px; font-weight: bold; line-height: 26px; -webkit-tap-highlight-color: rgba(26, 26, 26, 0.296875); -webkit-composition-fill-color: rgba(130, 98, 83, 0.0976563); -webkit-composition-frame-color: rgba(191, 107, 82, 0.496094); \">Algunas de las consecuencias de esta problem\u00e1tica son aislamiento, deserci\u00f3n escolar, disminuci\u00f3n de autoestima y suicidio.&nbsp;<\/div>\n<div style=\"font-family: Noteworthy; font-size: 20px; font-weight: bold; line-height: 26px; -webkit-tap-highlight-color: rgba(26, 26, 26, 0.296875); -webkit-composition-fill-color: rgba(130, 98, 83, 0.0976563); -webkit-composition-frame-color: rgba(191, 107, 82, 0.496094); \">Por tal raz\u00f3n, mencionaron que es de suma importancia reconocer los cambios significativos &nbsp;de comportamiento, que en el sujeto se refleja al volverse introvertido, aislado, con bajo rendimiento en los estudios, excesiva o pocas ganas de ingerir alimentos, somnolencia o falta de sue\u00f1o.&nbsp;<\/div>\n<div style=\"font-family: Noteworthy; font-size: 20px; font-weight: bold; line-height: 26px; -webkit-tap-highlight-color: rgba(26, 26, 26, 0.296875); -webkit-composition-fill-color: rgba(130, 98, 83, 0.0976563); -webkit-composition-frame-color: rgba(191, 107, 82, 0.496094); \">En el evento que se realiz\u00f3 en el auditorio de la SSP, los psic\u00f3logos reforzaron su pl\u00e1tica proyectando videos, diapositivas y haciendo que los asistentes participaran en diversas din\u00e1micas.<\/div>\n<div style=\"font-family: Noteworthy; font-size: 20px; font-weight: bold; line-height: 26px; -webkit-tap-highlight-color: rgba(26, 26, 26, 0.296875); -webkit-composition-fill-color: rgba(130, 98, 83, 0.0976563); -webkit-composition-frame-color: rgba(191, 107, 82, 0.496094); \">Sobre las caracter\u00edsticas del bullying dijeron que existe un agredido, un agresor y un testigo, hay desequilibrio y la v\u00edctima est\u00e1 expuesta a acciones negativas. &nbsp;Mencionaron que los tipos son f\u00edsico, psicol\u00f3gico, sexual, ciberbullying y econ\u00f3mico.<\/div>\n<div style=\"font-family: Noteworthy; font-size: 20px; font-weight: bold; line-height: 26px; -webkit-tap-highlight-color: rgba(26, 26, 26, 0.296875); -webkit-composition-fill-color: rgba(130, 98, 83, 0.0976563); -webkit-composition-frame-color: rgba(191, 107, 82, 0.496094); \">Asimismo, se\u00f1alaron que algunas de las caracter\u00edsticas del generador del bullying son &nbsp;fracaso escolar, rechazo para asistir a la escuela, agresividad f\u00edsica y verbal hacia sus compa\u00f1eros, as\u00ed como dificultad para cumplir indicaciones.(comunicado de prensa)<\/p>\n<div class=\"separator\" style=\"clear: both;\"><a href=\"https:\/\/lh6.googleusercontent.com\/-512cHQvtQJo\/U8WwK9_lH4I\/AAAAAAAAiI0\/ZWzGrZcGPfI\/s640\/blogger-image--1784728434.jpg\" imageanchor=\"1\" style=\"margin-left: 1em; margin-right: 1em;\"><img decoding=\"async\" border=\"0\" src=\"https:\/\/lh6.googleusercontent.com\/-512cHQvtQJo\/U8WwK9_lH4I\/AAAAAAAAiI0\/ZWzGrZcGPfI\/s640\/blogger-image--1784728434.jpg\"><\/a><\/div>\n<\/div>\n<div style=\"font-family: Noteworthy; font-size: 20px; font-weight: bold; line-height: 26px; -webkit-tap-highlight-color: rgba(26, 26, 26, 0.296875); -webkit-composition-fill-color: rgba(130, 98, 83, 0.0976563); -webkit-composition-frame-color: rgba(191, 107, 82, 0.496094); \"><\/div>\n<div style=\"font-family: Noteworthy; font-size: 20px; font-weight: bold; line-height: 26px; -webkit-tap-highlight-color: rgba(26, 26, 26, 0.296875); -webkit-composition-fill-color: rgba(130, 98, 83, 0.0976563); -webkit-composition-frame-color: rgba(191, 107, 82, 0.496094); \">&#8212;&nbsp;<\/div>\n","protected":false},"excerpt":{"rendered":"<p>M\u00e9rida, Yucat\u00e1n, 15 de julio de 2014.- Con el objetivo de que los padres de familia conozcan a profundidad acerca del bullying o acoso escolar, el Patronato Pro-Hijo del Polic\u00eda<\/p>\n","protected":false},"author":1,"featured_media":15915,"comment_status":"open","ping_status":"open","sticky":false,"template":"","format":"standard","meta":{"jetpack_post_was_ever_published":false,"_jetpack_newsletter_access":"","_jetpack_dont_email_post_to_subs":false,"_jetpack_newsletter_tier_id":0,"_jetpack_memberships_contains_paywalled_content":false,"_jetpack_memberships_contains_paid_content":false,"footnotes":"","jetpack_publicize_message":"","jetpack_publicize_feature_enabled":true,"jetpack_social_post_already_shared":false,"jetpack_social_options":{"image_generator_settings":{"template":"highway","default_image_id":0,"font":"","enabled":false},"version":2}},"categories":[1,49],"tags":[],"class_list":["post-2902","post","type-post","status-publish","format-standard","has-post-thumbnail","hentry","category-sin-categoria","category-tocho-morocho"],"jetpack_publicize_connections":[],"jetpack_featured_media_url":"https:\/\/formalprision.com\/wp-content\/uploads\/2014\/07\/blogger-image-1784728434.jpg","jetpack_sharing_enabled":true,"jetpack_shortlink":"https:\/\/wp.me\/p6id8p-KO","_links":{"self":[{"href":"https:\/\/formalprision.com\/index.php?rest_route=\/wp\/v2\/posts\/2902","targetHints":{"allow":["GET"]}}],"collection":[{"href":"https:\/\/formalprision.com\/index.php?rest_route=\/wp\/v2\/posts"}],"about":[{"href":"https:\/\/formalprision.com\/index.php?rest_route=\/wp\/v2\/types\/post"}],"author":[{"embeddable":true,"href":"https:\/\/formalprision.com\/index.php?rest_route=\/wp\/v2\/users\/1"}],"replies":[{"embeddable":true,"href":"https:\/\/formalprision.com\/index.php?rest_route=%2Fwp%2Fv2%2Fcomments&post=2902"}],"version-history":[{"count":0,"href":"https:\/\/formalprision.com\/index.php?rest_route=\/wp\/v2\/posts\/2902\/revisions"}],"wp:featuredmedia":[{"embeddable":true,"href":"https:\/\/formalprision.com\/index.php?rest_route=\/wp\/v2\/media\/15915"}],"wp:attachment":[{"href":"https:\/\/formalprision.com\/index.php?rest_route=%2Fwp%2Fv2%2Fmedia&parent=2902"}],"wp:term":[{"taxonomy":"category","embeddable":true,"href":"https:\/\/formalprision.com\/index.php?rest_route=%2Fwp%2Fv2%2Fcategories&post=2902"},{"taxonomy":"post_tag","embeddable":true,"href":"https:\/\/formalprision.com\/index.php?rest_route=%2Fwp%2Fv2%2Ftags&post=2902"}],"curies":[{"name":"wp","href":"https:\/\/api.w.org\/{rel}","templated":true}]}}