{"id":2904,"date":"2014-07-15T22:05:00","date_gmt":"2014-07-15T22:05:00","guid":{"rendered":"http:\/\/formalprision.info\/2014\/07\/15\/impulsan-grupo-especial-para-analizar\/"},"modified":"2015-06-03T08:36:54","modified_gmt":"2015-06-03T08:36:54","slug":"impulsan-grupo-especial-para-analizar","status":"publish","type":"post","link":"https:\/\/formalprision.com\/?p=2904","title":{"rendered":"Impulsan grupo especial para analizar predios en riesgo de derrumbe"},"content":{"rendered":"<div style=\"font-family: Noteworthy; font-size: 20px; font-weight: bold; line-height: 26px; -webkit-tap-highlight-color: rgba(26, 26, 26, 0.296875); -webkit-composition-fill-color: rgba(130, 98, 83, 0.0976563); -webkit-composition-frame-color: rgba(191, 107, 82, 0.496094); \">M\u00e9rida, Yucat\u00e1n, 15 de julio 2014.- Autoridades de los tres niveles de gobierno unir\u00e1n esfuerzos en un grupo especializado en resolver la situaci\u00f3n de predios en riesgo de derrumbe en el Centro Hist\u00f3rico de M\u00e9rida, unidad formada como resultado de una reuni\u00f3n convocada por el secretario General de Gobierno, V\u00edctor Caballero Dur\u00e1n, tras un recorrido por algunos de dichos predios el pasado domingo.<\/div>\n<div style=\"font-family: Noteworthy; font-size: 20px; font-weight: bold; line-height: 26px; -webkit-tap-highlight-color: rgba(26, 26, 26, 0.296875); -webkit-composition-fill-color: rgba(130, 98, 83, 0.0976563); -webkit-composition-frame-color: rgba(191, 107, 82, 0.496094); \">En la reuni\u00f3n de trabajo realizada en Palacio de Gobierno, Caballero Dur\u00e1n resalt\u00f3 la necesidad de dar soluci\u00f3n inmediata a la situaci\u00f3n que aqueja a los edificios con mayor da\u00f1o estructural, con lo que se privilegiar\u00e1 la seguridad de las personas que transitan por c\u00e9ntricas calles a toda hora.<\/div>\n<div style=\"font-family: Noteworthy; font-size: 20px; font-weight: bold; line-height: 26px; -webkit-tap-highlight-color: rgba(26, 26, 26, 0.296875); -webkit-composition-fill-color: rgba(130, 98, 83, 0.0976563); -webkit-composition-frame-color: rgba(191, 107, 82, 0.496094); \">El funcionario propuso que en el grupo fuera coordinado por la Unidad de Protecci\u00f3n Civil del Estado de Yucat\u00e1n (PROCIVY), y que en \u00e9ste participaran la delegaci\u00f3n estatal del Instituto Nacional de Antropolog\u00eda e Historia (INAH), el Instituto de Seguridad Jur\u00eddica Patrimonial de Yucat\u00e1n (INSEJUPY) y la Unidad Municipal de Protecci\u00f3n Civil del Ayuntamiento de M\u00e9rida.<\/div>\n<div style=\"font-family: Noteworthy; font-size: 20px; font-weight: bold; line-height: 26px; -webkit-tap-highlight-color: rgba(26, 26, 26, 0.296875); -webkit-composition-fill-color: rgba(130, 98, 83, 0.0976563); -webkit-composition-frame-color: rgba(191, 107, 82, 0.496094); \">Como ya inform\u00f3 con anterioridad, el Ayuntamiento de M\u00e9rida tiene un registro de 500 predios en riesgo de derrumbe divididos en tres categor\u00edas, de los cuales, 29 se encuentran en situaci\u00f3n de riesgo inminente; aunque en la totalidad de estos predios se ha iniciado el proceso para rescate, algunos mantienen situaciones legales indefinidas.<\/div>\n<div style=\"font-family: Noteworthy; font-size: 20px; font-weight: bold; line-height: 26px; -webkit-tap-highlight-color: rgba(26, 26, 26, 0.296875); -webkit-composition-fill-color: rgba(130, 98, 83, 0.0976563); -webkit-composition-frame-color: rgba(191, 107, 82, 0.496094); \">La propuesta de la Secretar\u00eda General de Gobierno (SGG) es que, en su primera reuni\u00f3n, este grupo especializado intercambie informaci\u00f3n sobre esos 500 predios con \u00e9nfasis en los 29 en estado cr\u00edtico y se realizar\u00e1 una nueva divisi\u00f3n entre aquellos con inter\u00e9s hist\u00f3rico y &nbsp;los que ponen en riesgo la vida de los habitantes.<\/div>\n<div style=\"font-family: Noteworthy; font-size: 20px; font-weight: bold; line-height: 26px; -webkit-tap-highlight-color: rgba(26, 26, 26, 0.296875); -webkit-composition-fill-color: rgba(130, 98, 83, 0.0976563); -webkit-composition-frame-color: rgba(191, 107, 82, 0.496094); \">Tambi\u00e9n se revisar\u00e1 la situaci\u00f3n jur\u00eddica de todos los expedientes, as\u00ed, con esa base, se definir\u00e1 en el corto plazo cu\u00e1les ser\u00e1n las soluciones para cada caso.<\/div>\n<div style=\"font-family: Noteworthy; font-size: 20px; font-weight: bold; line-height: 26px; -webkit-tap-highlight-color: rgba(26, 26, 26, 0.296875); -webkit-composition-fill-color: rgba(130, 98, 83, 0.0976563); -webkit-composition-frame-color: rgba(191, 107, 82, 0.496094); \">A la reuni\u00f3n asistieron los directores de PROCIVY, Aar\u00f3n Palomo Eu\u00e1n; del Instituto de Desarrollo Regional y Municipal (INDERM), Juan Jos\u00e9 Canul P\u00e9rez; del Centro INAH Yucat\u00e1n, Eduardo L\u00f3pez Calzada; el secretario de la Comuna de M\u00e9rida, Alejandro Ruz Castro y el jefe de la Unidad de Protecci\u00f3n Civil municipal, Fernando Estrada Novelo.<\/p>\n<div class=\"separator\" style=\"clear: both;\"><a href=\"https:\/\/lh5.googleusercontent.com\/-n1tg8V9MTHg\/U8WlwbuKeoI\/AAAAAAAAiIY\/-GL-DCHhtg0\/s640\/blogger-image-953084569.jpg\" imageanchor=\"1\" style=\"margin-left: 1em; margin-right: 1em;\"><img decoding=\"async\" border=\"0\" src=\"https:\/\/lh5.googleusercontent.com\/-n1tg8V9MTHg\/U8WlwbuKeoI\/AAAAAAAAiIY\/-GL-DCHhtg0\/s640\/blogger-image-953084569.jpg\"><\/a><\/div>\n<\/div>\n","protected":false},"excerpt":{"rendered":"<p>M\u00e9rida, Yucat\u00e1n, 15 de julio 2014.- Autoridades de los tres niveles de gobierno unir\u00e1n esfuerzos en un grupo especializado en resolver la situaci\u00f3n de predios en riesgo de derrumbe en<\/p>\n","protected":false},"author":1,"featured_media":15919,"comment_status":"open","ping_status":"open","sticky":false,"template":"","format":"standard","meta":{"jetpack_post_was_ever_published":false,"_jetpack_newsletter_access":"","_jetpack_dont_email_post_to_subs":false,"_jetpack_newsletter_tier_id":0,"_jetpack_memberships_contains_paywalled_content":false,"_jetpack_memberships_contains_paid_content":false,"footnotes":"","jetpack_publicize_message":"","jetpack_publicize_feature_enabled":true,"jetpack_social_post_already_shared":false,"jetpack_social_options":{"image_generator_settings":{"template":"highway","default_image_id":0,"font":"","enabled":false},"version":2}},"categories":[17,1],"tags":[],"class_list":["post-2904","post","type-post","status-publish","format-standard","has-post-thumbnail","hentry","category-politica-y-gobierno","category-sin-categoria"],"jetpack_publicize_connections":[],"jetpack_featured_media_url":"https:\/\/formalprision.com\/wp-content\/uploads\/2014\/07\/blogger-image-953084569.jpg","jetpack_sharing_enabled":true,"jetpack_shortlink":"https:\/\/wp.me\/p6id8p-KQ","_links":{"self":[{"href":"https:\/\/formalprision.com\/index.php?rest_route=\/wp\/v2\/posts\/2904","targetHints":{"allow":["GET"]}}],"collection":[{"href":"https:\/\/formalprision.com\/index.php?rest_route=\/wp\/v2\/posts"}],"about":[{"href":"https:\/\/formalprision.com\/index.php?rest_route=\/wp\/v2\/types\/post"}],"author":[{"embeddable":true,"href":"https:\/\/formalprision.com\/index.php?rest_route=\/wp\/v2\/users\/1"}],"replies":[{"embeddable":true,"href":"https:\/\/formalprision.com\/index.php?rest_route=%2Fwp%2Fv2%2Fcomments&post=2904"}],"version-history":[{"count":0,"href":"https:\/\/formalprision.com\/index.php?rest_route=\/wp\/v2\/posts\/2904\/revisions"}],"wp:featuredmedia":[{"embeddable":true,"href":"https:\/\/formalprision.com\/index.php?rest_route=\/wp\/v2\/media\/15919"}],"wp:attachment":[{"href":"https:\/\/formalprision.com\/index.php?rest_route=%2Fwp%2Fv2%2Fmedia&parent=2904"}],"wp:term":[{"taxonomy":"category","embeddable":true,"href":"https:\/\/formalprision.com\/index.php?rest_route=%2Fwp%2Fv2%2Fcategories&post=2904"},{"taxonomy":"post_tag","embeddable":true,"href":"https:\/\/formalprision.com\/index.php?rest_route=%2Fwp%2Fv2%2Ftags&post=2904"}],"curies":[{"name":"wp","href":"https:\/\/api.w.org\/{rel}","templated":true}]}}