{"id":2905,"date":"2014-07-15T21:39:00","date_gmt":"2014-07-15T21:39:00","guid":{"rendered":"http:\/\/formalprision.info\/2014\/07\/15\/difundira-canal-13-las-acciones-de\/"},"modified":"2015-06-03T08:36:54","modified_gmt":"2015-06-03T08:36:54","slug":"difundira-canal-13-las-acciones-de","status":"publish","type":"post","link":"https:\/\/formalprision.com\/?p=2905","title":{"rendered":"Difundir\u00e1 Canal 13 las acciones de organizaciones de la sociedad civil"},"content":{"rendered":"<div style=\"font-family: Noteworthy; font-size: 20px; font-weight: bold; line-height: 26px; -webkit-tap-highlight-color: rgba(26, 26, 26, 0.296875); -webkit-composition-fill-color: rgba(130, 98, 83, 0.0976563); -webkit-composition-frame-color: rgba(191, 107, 82, 0.496094); \">M\u00e9rida, Yucat\u00e1n, 15 de julio 2014.- Como parte del Programa de Vinculaci\u00f3n, el titular de la Subsecretar\u00eda de Desarrollo Social y Asuntos Religiosos, Daniel Granja Peniche, convoc\u00f3 a diversas organizaciones de la sociedad civil a una reuni\u00f3n de trabajo en el Estudio C del Canal 13.<\/div>\n<div style=\"font-family: Noteworthy; font-size: 20px; font-weight: bold; line-height: 26px; -webkit-tap-highlight-color: rgba(26, 26, 26, 0.296875); -webkit-composition-fill-color: rgba(130, 98, 83, 0.0976563); -webkit-composition-frame-color: rgba(191, 107, 82, 0.496094); \">Ante m\u00e1s de veinte organizaciones, Granja Peniche explic\u00f3 que la televisora p\u00fablica est\u00e1 abierta para la difusi\u00f3n de las actividades y causas que defienden como parte del inter\u00e9s del Gobierno del Estado por la profesionalizaci\u00f3n del Tercer Sector.<\/div>\n<div style=\"font-family: Noteworthy; font-size: 20px; font-weight: bold; line-height: 26px; -webkit-tap-highlight-color: rgba(26, 26, 26, 0.296875); -webkit-composition-fill-color: rgba(130, 98, 83, 0.0976563); -webkit-composition-frame-color: rgba(191, 107, 82, 0.496094); \">\u201cEl compromiso de nuestro gobernador, Rolando Zapata Bello, es el fortalecimiento de todas aquellas organizaciones que se preocupan por el bienestar de nuestro Estado\u201d, expres\u00f3.<\/div>\n<div style=\"font-family: Noteworthy; font-size: 20px; font-weight: bold; line-height: 26px; -webkit-tap-highlight-color: rgba(26, 26, 26, 0.296875); -webkit-composition-fill-color: rgba(130, 98, 83, 0.0976563); -webkit-composition-frame-color: rgba(191, 107, 82, 0.496094); \">Por su parte, Luis Vela Sosa, director del Sistema Tele Yucat\u00e1n, Canal 13, explic\u00f3 los diversos servicios a los cuales las organizaciones pueden acceder de forma gratuita.<\/div>\n<div style=\"font-family: Noteworthy; font-size: 20px; font-weight: bold; line-height: 26px; -webkit-tap-highlight-color: rgba(26, 26, 26, 0.296875); -webkit-composition-fill-color: rgba(130, 98, 83, 0.0976563); -webkit-composition-frame-color: rgba(191, 107, 82, 0.496094); \">Dicha reuni\u00f3n concluy\u00f3 con el dise\u00f1o de una planeaci\u00f3n estrat\u00e9gica y agenda que permitir\u00e1 a las organizaciones asistentes tener espacio en los distintos programas producidos por Canal 13 y as\u00ed ampliar sus capacidades.<\/div>\n<div style=\"font-family: Noteworthy; font-size: 20px; font-weight: bold; line-height: 26px; -webkit-tap-highlight-color: rgba(26, 26, 26, 0.296875); -webkit-composition-fill-color: rgba(130, 98, 83, 0.0976563); -webkit-composition-frame-color: rgba(191, 107, 82, 0.496094); \">Estuvieron presentes en el evento Limber Sosa Lara, Director General del DIF Yucat\u00e1n y Karen Ibarra Mas, jefa de Informaci\u00f3n Gubernamental de Comunicaci\u00f3n Social del Gobierno del Estado.<\/p>\n<div class=\"separator\" style=\"clear: both;\"><a href=\"https:\/\/lh5.googleusercontent.com\/-MuNYW22lM7k\/U8WfedKC7EI\/AAAAAAAAiII\/quReuhxpsCs\/s640\/blogger-image--731433688.jpg\" imageanchor=\"1\" style=\"margin-left: 1em; margin-right: 1em;\"><img decoding=\"async\" border=\"0\" src=\"https:\/\/lh5.googleusercontent.com\/-MuNYW22lM7k\/U8WfedKC7EI\/AAAAAAAAiII\/quReuhxpsCs\/s640\/blogger-image--731433688.jpg\"><\/a><\/div>\n<\/div>\n","protected":false},"excerpt":{"rendered":"<p>M\u00e9rida, Yucat\u00e1n, 15 de julio 2014.- Como parte del Programa de Vinculaci\u00f3n, el titular de la Subsecretar\u00eda de Desarrollo Social y Asuntos Religiosos, Daniel Granja Peniche, convoc\u00f3 a diversas organizaciones<\/p>\n","protected":false},"author":1,"featured_media":15921,"comment_status":"open","ping_status":"open","sticky":false,"template":"","format":"standard","meta":{"jetpack_post_was_ever_published":false,"_jetpack_newsletter_access":"","_jetpack_dont_email_post_to_subs":false,"_jetpack_newsletter_tier_id":0,"_jetpack_memberships_contains_paywalled_content":false,"_jetpack_memberships_contains_paid_content":false,"footnotes":"","jetpack_publicize_message":"","jetpack_publicize_feature_enabled":true,"jetpack_social_post_already_shared":false,"jetpack_social_options":{"image_generator_settings":{"template":"highway","default_image_id":0,"font":"","enabled":false},"version":2}},"categories":[17,1],"tags":[],"class_list":["post-2905","post","type-post","status-publish","format-standard","has-post-thumbnail","hentry","category-politica-y-gobierno","category-sin-categoria"],"jetpack_publicize_connections":[],"jetpack_featured_media_url":"https:\/\/formalprision.com\/wp-content\/uploads\/2014\/07\/blogger-image-731433688.jpg","jetpack_sharing_enabled":true,"jetpack_shortlink":"https:\/\/wp.me\/p6id8p-KR","_links":{"self":[{"href":"https:\/\/formalprision.com\/index.php?rest_route=\/wp\/v2\/posts\/2905","targetHints":{"allow":["GET"]}}],"collection":[{"href":"https:\/\/formalprision.com\/index.php?rest_route=\/wp\/v2\/posts"}],"about":[{"href":"https:\/\/formalprision.com\/index.php?rest_route=\/wp\/v2\/types\/post"}],"author":[{"embeddable":true,"href":"https:\/\/formalprision.com\/index.php?rest_route=\/wp\/v2\/users\/1"}],"replies":[{"embeddable":true,"href":"https:\/\/formalprision.com\/index.php?rest_route=%2Fwp%2Fv2%2Fcomments&post=2905"}],"version-history":[{"count":0,"href":"https:\/\/formalprision.com\/index.php?rest_route=\/wp\/v2\/posts\/2905\/revisions"}],"wp:featuredmedia":[{"embeddable":true,"href":"https:\/\/formalprision.com\/index.php?rest_route=\/wp\/v2\/media\/15921"}],"wp:attachment":[{"href":"https:\/\/formalprision.com\/index.php?rest_route=%2Fwp%2Fv2%2Fmedia&parent=2905"}],"wp:term":[{"taxonomy":"category","embeddable":true,"href":"https:\/\/formalprision.com\/index.php?rest_route=%2Fwp%2Fv2%2Fcategories&post=2905"},{"taxonomy":"post_tag","embeddable":true,"href":"https:\/\/formalprision.com\/index.php?rest_route=%2Fwp%2Fv2%2Ftags&post=2905"}],"curies":[{"name":"wp","href":"https:\/\/api.w.org\/{rel}","templated":true}]}}