{"id":2909,"date":"2014-07-15T00:30:00","date_gmt":"2014-07-15T00:30:00","guid":{"rendered":"http:\/\/formalprision.info\/2014\/07\/15\/fortalecen-programa-de-servicio-socia\/"},"modified":"2015-06-03T08:36:54","modified_gmt":"2015-06-03T08:36:54","slug":"fortalecen-programa-de-servicio-socia","status":"publish","type":"post","link":"https:\/\/formalprision.com\/?p=2909","title":{"rendered":"Fortalecen programa de servicio social del Gobierno del Estado"},"content":{"rendered":"<div style=\"font-family: Noteworthy; font-size: 20px; font-weight: bold; line-height: 26px; -webkit-tap-highlight-color: rgba(26, 26, 26, 0.296875); -webkit-composition-fill-color: rgba(130, 98, 83, 0.0976563); -webkit-composition-frame-color: rgba(191, 107, 82, 0.496094); \">M\u00e9rida, Yucat\u00e1n, 14 de julio de 2014.- Alumnos de nivel superior de la entidad podr\u00e1n realizar su servicio social en las dependencias del Gobierno del Estado, donde se les dar\u00e1 la oportunidad de interactuar en situaciones reales y congruentes con su formaci\u00f3n profesional.<\/div>\n<div style=\"font-family: Noteworthy; font-size: 20px; font-weight: bold; line-height: 26px; -webkit-tap-highlight-color: rgba(26, 26, 26, 0.296875); -webkit-composition-fill-color: rgba(130, 98, 83, 0.0976563); -webkit-composition-frame-color: rgba(191, 107, 82, 0.496094); \">El Gobernador Rolando Zapata Bello encabez\u00f3 la presentaci\u00f3n del Programa para el Fortalecimiento del Servicio Social, que impulsan de manera conjunta las Secretar\u00edas de la Juventud (Sejuve) y de Educaci\u00f3n del Estado (Segey), con la finalidad de acercar este esquema a 14 mil 447 estudiantes y potenciales participantes.<\/div>\n<div style=\"font-family: Noteworthy; font-size: 20px; font-weight: bold; line-height: 26px; -webkit-tap-highlight-color: rgba(26, 26, 26, 0.296875); -webkit-composition-fill-color: rgba(130, 98, 83, 0.0976563); -webkit-composition-frame-color: rgba(191, 107, 82, 0.496094); \">Al dirigir su mensaje, el titular del Poder Ejecutivo manifest\u00f3 que en las instituciones educativas existe un c\u00famulo de conocimientos, energ\u00eda y activo transformador que se debe capitalizar. Por tal motivo, es importante dise\u00f1ar las plataformas que incorporen a los j\u00f3venes al ejercicio pr\u00e1ctico de las actividades de desarrollo en los sectores p\u00fablico y privado.<\/div>\n<div style=\"font-family: Noteworthy; font-size: 20px; font-weight: bold; line-height: 26px; -webkit-tap-highlight-color: rgba(26, 26, 26, 0.296875); -webkit-composition-fill-color: rgba(130, 98, 83, 0.0976563); -webkit-composition-frame-color: rgba(191, 107, 82, 0.496094); \">En presencia de rectores de universidades, as\u00ed como de autoridades estatales y federales reunidos en el Centro de Convenciones Yucat\u00e1n Siglo XXI, el mandatario llam\u00f3 a las dependencias a identificar \u00e1reas de oportunidad en las cuales se pueda incorporar a estudiantes que est\u00e9n en dicha etapa de su carrera, para que den un nuevo dinamismo a favor de la sociedad.<\/div>\n<div style=\"font-family: Noteworthy; font-size: 20px; font-weight: bold; line-height: 26px; -webkit-tap-highlight-color: rgba(26, 26, 26, 0.296875); -webkit-composition-fill-color: rgba(130, 98, 83, 0.0976563); -webkit-composition-frame-color: rgba(191, 107, 82, 0.496094); \">\u201cVamos a aprovechar las bondades del servicio social para transformar a Yucat\u00e1n y consolidar su despegue. As\u00ed nos aseguraremos que el bienestar tenga una visi\u00f3n de largo plazo y redunde en mayores y mejores beneficios para toda la poblaci\u00f3n\u201d, apunt\u00f3 Zapata Bello.<\/div>\n<div style=\"font-family: Noteworthy; font-size: 20px; font-weight: bold; line-height: 26px; -webkit-tap-highlight-color: rgba(26, 26, 26, 0.296875); -webkit-composition-fill-color: rgba(130, 98, 83, 0.0976563); -webkit-composition-frame-color: rgba(191, 107, 82, 0.496094); \">Al dar detalles del proyecto, el secretario de Educaci\u00f3n, Ra\u00fal Godoy Monta\u00f1ez, explic\u00f3 que el objetivo es acercar a los alumnos a las funciones de la administraci\u00f3n estatal para incrementar su participaci\u00f3n en las actividades de este sector, as\u00ed como contribuir al fomento de la responsabilidad social en los participantes a trav\u00e9s del ejercicio de la funci\u00f3n p\u00fablica.&nbsp;<\/div>\n<div style=\"font-family: Noteworthy; font-size: 20px; font-weight: bold; line-height: 26px; -webkit-tap-highlight-color: rgba(26, 26, 26, 0.296875); -webkit-composition-fill-color: rgba(130, 98, 83, 0.0976563); -webkit-composition-frame-color: rgba(191, 107, 82, 0.496094); \">Adem\u00e1s, se\u00f1al\u00f3 que el plan abarca 50 \u00e1reas profesionales y 449 esquemas formativos de licenciatura e ingenier\u00eda en 70 instituciones de nivel superior. &nbsp;Godoy Monta\u00f1ez tambi\u00e9n inform\u00f3 que en agosto de este a\u00f1o, como parte de las actividades que se llevar\u00e1n a cabo en el marco del \u201cMes de la juventud\u201d, se publicar\u00e1 y dar\u00e1 inicio a la difusi\u00f3n de la convocatoria y reglas de operaci\u00f3n.<\/div>\n<div style=\"font-family: Noteworthy; font-size: 20px; font-weight: bold; line-height: 26px; -webkit-tap-highlight-color: rgba(26, 26, 26, 0.296875); -webkit-composition-fill-color: rgba(130, 98, 83, 0.0976563); -webkit-composition-frame-color: rgba(191, 107, 82, 0.496094); \">Por su parte, la titular de la Sejuve, Alaine L\u00f3pez Brice\u00f1o, reconoci\u00f3 el trabajo conjunto de las instituciones de educaci\u00f3n superior con la dependencia a su cargo y asegur\u00f3 que el impulso del esquema es una buena oportunidad para seguir estableciendo puentes a favor de los futuros profesionistas.<\/div>\n<div style=\"font-family: Noteworthy; font-size: 20px; font-weight: bold; line-height: 26px; -webkit-tap-highlight-color: rgba(26, 26, 26, 0.296875); -webkit-composition-fill-color: rgba(130, 98, 83, 0.0976563); -webkit-composition-frame-color: rgba(191, 107, 82, 0.496094); \">Indic\u00f3 que el Programa para el Fortalecimiento del Servicio Social es parte de los resultados del Diagn\u00f3stico Situacional de la Juventud de Yucat\u00e1n, a partir del cual se identific\u00f3 que era necesario reforzar las etapas formativa y de mejora integral que les permita adquirir habilidades y destrezas para salir adelante en la vida.&nbsp;<\/div>\n<div style=\"font-family: Noteworthy; font-size: 20px; font-weight: bold; line-height: 26px; -webkit-tap-highlight-color: rgba(26, 26, 26, 0.296875); -webkit-composition-fill-color: rgba(130, 98, 83, 0.0976563); -webkit-composition-frame-color: rgba(191, 107, 82, 0.496094); \">Al evento asistieron el secretario de Desarrollo Social, Nerio Torres Arcila; el delegado de la Secretar\u00eda de Educaci\u00f3n P\u00fablica (SEP) en el estado, Wilberth Chi G\u00f3ngora; el diputado federal Mauricio Sahu\u00ed Rivero, y la legisladora local Flor D\u00edaz Castillo, adem\u00e1s del director de Planeaci\u00f3n y Estrategia de la Sejuve, Josu\u00e9 Sosa C\u00e1mara.<\/p>\n<div class=\"separator\" style=\"clear: both;\"><a href=\"https:\/\/lh4.googleusercontent.com\/-qNiMeg_gyUc\/U8R2LEnXbNI\/AAAAAAAAiHU\/wooZOUht3Y4\/s640\/blogger-image--476064139.jpg\" imageanchor=\"1\" style=\"margin-left: 1em; margin-right: 1em;\"><img decoding=\"async\" border=\"0\" src=\"https:\/\/lh4.googleusercontent.com\/-qNiMeg_gyUc\/U8R2LEnXbNI\/AAAAAAAAiHU\/wooZOUht3Y4\/s640\/blogger-image--476064139.jpg\"><\/a><\/div>\n<\/div>\n","protected":false},"excerpt":{"rendered":"<p>M\u00e9rida, Yucat\u00e1n, 14 de julio de 2014.- Alumnos de nivel superior de la entidad podr\u00e1n realizar su servicio social en las dependencias del Gobierno del Estado, donde se les dar\u00e1<\/p>\n","protected":false},"author":1,"featured_media":15929,"comment_status":"open","ping_status":"open","sticky":false,"template":"","format":"standard","meta":{"jetpack_post_was_ever_published":false,"_jetpack_newsletter_access":"","_jetpack_dont_email_post_to_subs":false,"_jetpack_newsletter_tier_id":0,"_jetpack_memberships_contains_paywalled_content":false,"_jetpack_memberships_contains_paid_content":false,"footnotes":"","jetpack_publicize_message":"","jetpack_publicize_feature_enabled":true,"jetpack_social_post_already_shared":false,"jetpack_social_options":{"image_generator_settings":{"template":"highway","default_image_id":0,"font":"","enabled":false},"version":2}},"categories":[17,1],"tags":[],"class_list":["post-2909","post","type-post","status-publish","format-standard","has-post-thumbnail","hentry","category-politica-y-gobierno","category-sin-categoria"],"jetpack_publicize_connections":[],"jetpack_featured_media_url":"https:\/\/formalprision.com\/wp-content\/uploads\/2014\/07\/blogger-image-476064139.jpg","jetpack_sharing_enabled":true,"jetpack_shortlink":"https:\/\/wp.me\/p6id8p-KV","_links":{"self":[{"href":"https:\/\/formalprision.com\/index.php?rest_route=\/wp\/v2\/posts\/2909","targetHints":{"allow":["GET"]}}],"collection":[{"href":"https:\/\/formalprision.com\/index.php?rest_route=\/wp\/v2\/posts"}],"about":[{"href":"https:\/\/formalprision.com\/index.php?rest_route=\/wp\/v2\/types\/post"}],"author":[{"embeddable":true,"href":"https:\/\/formalprision.com\/index.php?rest_route=\/wp\/v2\/users\/1"}],"replies":[{"embeddable":true,"href":"https:\/\/formalprision.com\/index.php?rest_route=%2Fwp%2Fv2%2Fcomments&post=2909"}],"version-history":[{"count":0,"href":"https:\/\/formalprision.com\/index.php?rest_route=\/wp\/v2\/posts\/2909\/revisions"}],"wp:featuredmedia":[{"embeddable":true,"href":"https:\/\/formalprision.com\/index.php?rest_route=\/wp\/v2\/media\/15929"}],"wp:attachment":[{"href":"https:\/\/formalprision.com\/index.php?rest_route=%2Fwp%2Fv2%2Fmedia&parent=2909"}],"wp:term":[{"taxonomy":"category","embeddable":true,"href":"https:\/\/formalprision.com\/index.php?rest_route=%2Fwp%2Fv2%2Fcategories&post=2909"},{"taxonomy":"post_tag","embeddable":true,"href":"https:\/\/formalprision.com\/index.php?rest_route=%2Fwp%2Fv2%2Ftags&post=2909"}],"curies":[{"name":"wp","href":"https:\/\/api.w.org\/{rel}","templated":true}]}}