{"id":2911,"date":"2014-07-14T20:41:00","date_gmt":"2014-07-14T20:41:00","guid":{"rendered":"http:\/\/formalprision.info\/2014\/07\/14\/reconocen-medallistas-de-olimpiada-y\/"},"modified":"2015-06-03T08:36:55","modified_gmt":"2015-06-03T08:36:55","slug":"reconocen-medallistas-de-olimpiada-y","status":"publish","type":"post","link":"https:\/\/formalprision.com\/?p=2911","title":{"rendered":"Reconocen a medallistas de Olimpiada y Paralimpiada Nacionales 2014"},"content":{"rendered":"<div style=\"font-family: Noteworthy; font-size: 20px; font-weight: bold; line-height: 26px; -webkit-tap-highlight-color: rgba(26, 26, 26, 0.296875); -webkit-composition-fill-color: rgba(130, 98, 83, 0.0976563); -webkit-composition-frame-color: rgba(191, 107, 82, 0.496094); \">M\u00e9rida, Yucat\u00e1n, 14 de julio de 2014.- Un total de 326 personas, entre deportistas y entrenadores, recibieron est\u00edmulos econ\u00f3micos que sumaron m\u00e1s de 1.5 millones de pesos como reconocimiento que el Gobierno del Estado les otorg\u00f3 por ganar 238 preseas en la Olimpiada y Paralimpiada Nacionales 2014, con las cuales, Yucat\u00e1n obtuvo el sexto lugar en el medallero general de las competencias.<\/div>\n<div style=\"font-family: Noteworthy; font-size: 20px; font-weight: bold; line-height: 26px; -webkit-tap-highlight-color: rgba(26, 26, 26, 0.296875); -webkit-composition-fill-color: rgba(130, 98, 83, 0.0976563); -webkit-composition-frame-color: rgba(191, 107, 82, 0.496094); \">En el evento, realizado en el Centro de Convenciones Yucat\u00e1n Siglo XXI, el titular del Poder Ejecutivo, Rolando Zapata Bello, afirm\u00f3 que es compromiso permanente de la administraci\u00f3n estatal el apoyar e impulsar el desarrollo del deporte entre la ni\u00f1ez, juventud y la poblaci\u00f3n en general, como pieza fundamental en la construcci\u00f3n de una sociedad sana y exitosa.<\/div>\n<div style=\"font-family: Noteworthy; font-size: 20px; font-weight: bold; line-height: 26px; -webkit-tap-highlight-color: rgba(26, 26, 26, 0.296875); -webkit-composition-fill-color: rgba(130, 98, 83, 0.0976563); -webkit-composition-frame-color: rgba(191, 107, 82, 0.496094); \">\u201cSabemos que las competencias nacionales son cada vez m\u00e1s intensas, por ello, continuaremos fortaleciendo las acciones para que Yucat\u00e1n cuente con instalaciones adecuadas. Pr\u00f3ximamente contaremos con la renovada Unidad Deportiva Kukulc\u00e1n &nbsp;que nos permitir\u00e1 contar con nuevos espacios dignos y condiciones adecuadas para alcanzar los \u00e9xitos en las competencias\u201d, asever\u00f3.<\/div>\n<div style=\"font-family: Noteworthy; font-size: 20px; font-weight: bold; line-height: 26px; -webkit-tap-highlight-color: rgba(26, 26, 26, 0.296875); -webkit-composition-fill-color: rgba(130, 98, 83, 0.0976563); -webkit-composition-frame-color: rgba(191, 107, 82, 0.496094); \">Acompa\u00f1ado por la Presidenta del Sistema para el Desarrollo Integral de la Familia (DIF) Yucat\u00e1n, Sarita Blancarte de Zapata, se\u00f1al\u00f3 que estos ni\u00f1os y j\u00f3venes constituyen un ejemplo para todos los yucatecos, pues con su determinaci\u00f3n y esfuerzo no s\u00f3lo en los entrenamientos o en competencia, sino en la escuela y en su vida en familia, han logrado poner muy en alto el nombre de la entidad.<\/div>\n<div style=\"font-family: Noteworthy; font-size: 20px; font-weight: bold; line-height: 26px; -webkit-tap-highlight-color: rgba(26, 26, 26, 0.296875); -webkit-composition-fill-color: rgba(130, 98, 83, 0.0976563); -webkit-composition-frame-color: rgba(191, 107, 82, 0.496094); \">En su intervenci\u00f3n, el director General del Instituto del Deporte de Yucat\u00e1n (IDEY), Juan Sosa Puerto, inform\u00f3 que en la Olimpiada y Paralimpiada Nacionales 2014, que se celebraron en Veracruz, Jalisco, Puebla, Ciudad de M\u00e9xico, Estado de M\u00e9xico y Morelos, Yucat\u00e1n obtuvo 238 preseas de las cuales, 72 fueron de oro, 68 de plata y 98 de bronce, superando las 212 medallas obtenidas en 2013.<\/div>\n<div style=\"font-family: Noteworthy; font-size: 20px; font-weight: bold; line-height: 26px; -webkit-tap-highlight-color: rgba(26, 26, 26, 0.296875); -webkit-composition-fill-color: rgba(130, 98, 83, 0.0976563); -webkit-composition-frame-color: rgba(191, 107, 82, 0.496094); \">\u201cMenci\u00f3n especial merecen los deportistas de tiro con arco que consiguieron 20 medallas de oro, cuatro de plata y seis de bronce, as\u00ed como halterofilia que destacaron con 11 de oro y seis de plata\u201d, a\u00f1adi\u00f3.<\/div>\n<div style=\"font-family: Noteworthy; font-size: 20px; font-weight: bold; line-height: 26px; -webkit-tap-highlight-color: rgba(26, 26, 26, 0.296875); -webkit-composition-fill-color: rgba(130, 98, 83, 0.0976563); -webkit-composition-frame-color: rgba(191, 107, 82, 0.496094); \">Otras disciplinas en las cuales destac\u00f3 el estado fueron ajedrez, gimnasia r\u00edtmica, esgrima, gimnasia en trampol\u00edn, judo, tenis de mesa, atletismo, gimnasia art\u00edstica, tabla vela, karate, luchas asociadas y patines sobre ruedas. En la Paralimpiada, celebrada en Cuernavaca, Morelos, los yucatecos obtuvieron 13 preseas \u00e1ureas, 12 de plata y cinco de bronce.<\/div>\n<div style=\"font-family: Noteworthy; font-size: 20px; font-weight: bold; line-height: 26px; -webkit-tap-highlight-color: rgba(26, 26, 26, 0.296875); -webkit-composition-fill-color: rgba(130, 98, 83, 0.0976563); -webkit-composition-frame-color: rgba(191, 107, 82, 0.496094); \">Despu\u00e9s de haber escuchado las notas de canciones como \u201cYellow submarine\u201d de The Beatles, la \u201cMarcha de Zacatecas\u201d y el tema principal de la pel\u00edcula \u201cRocky\u201d, interpretados por la banda de marcha Muuk Balam del Centro Estatal de Prevenci\u00f3n Social del Delito y Participaci\u00f3n Ciudadana (Cepredey), Pedro Antonio Vivas Alcal\u00e1, ganador de seis metales dorados en tiro con arco, agradeci\u00f3 al mandatario el respaldo recibido para todos los atletas en este proceso.<\/div>\n<div style=\"font-family: Noteworthy; font-size: 20px; font-weight: bold; line-height: 26px; -webkit-tap-highlight-color: rgba(26, 26, 26, 0.296875); -webkit-composition-fill-color: rgba(130, 98, 83, 0.0976563); -webkit-composition-frame-color: rgba(191, 107, 82, 0.496094); \">Acto seguido, se le entreg\u00f3 a Zapata Bello un reconocimiento a nombre de toda la delegaci\u00f3n yucateca por el impulso constante que el Gobierno estatal ha realizado a favor del deporte y a los ni\u00f1os y j\u00f3venes de la entidad.<\/div>\n<div style=\"font-family: Noteworthy; font-size: 20px; font-weight: bold; line-height: 26px; -webkit-tap-highlight-color: rgba(26, 26, 26, 0.296875); -webkit-composition-fill-color: rgba(130, 98, 83, 0.0976563); -webkit-composition-frame-color: rgba(191, 107, 82, 0.496094); \">Estuvieron presentes el director General del DIF Yucat\u00e1n, Limber Sosa Lara; el ganador de tres preseas \u00e1ureas en atletismo de la Paralimpiada, Juan Adonay Poot Uitz; de la Escuela Secundaria General n\u00famero 5, la deportista Carola Regina Echeverr\u00eda S\u00e1nchez, y el entrenador de tiro con arco, Edesio Rodr\u00edguez Herrera.<\/p>\n<div class=\"separator\" style=\"clear: both;\"><a href=\"https:\/\/lh5.googleusercontent.com\/-ASZlpkeKJ60\/U8RAjGn4d7I\/AAAAAAAAiG0\/Q6LOsnpGgBY\/s640\/blogger-image-1982182207.jpg\" imageanchor=\"1\" style=\"margin-left: 1em; margin-right: 1em;\"><img decoding=\"async\" border=\"0\" src=\"https:\/\/lh5.googleusercontent.com\/-ASZlpkeKJ60\/U8RAjGn4d7I\/AAAAAAAAiG0\/Q6LOsnpGgBY\/s640\/blogger-image-1982182207.jpg\"><\/a><\/div>\n<\/div>\n<div><\/div>\n","protected":false},"excerpt":{"rendered":"<p>M\u00e9rida, Yucat\u00e1n, 14 de julio de 2014.- Un total de 326 personas, entre deportistas y entrenadores, recibieron est\u00edmulos econ\u00f3micos que sumaron m\u00e1s de 1.5 millones de pesos como reconocimiento que<\/p>\n","protected":false},"author":1,"featured_media":15933,"comment_status":"open","ping_status":"open","sticky":false,"template":"","format":"standard","meta":{"jetpack_post_was_ever_published":false,"_jetpack_newsletter_access":"","_jetpack_dont_email_post_to_subs":false,"_jetpack_newsletter_tier_id":0,"_jetpack_memberships_contains_paywalled_content":false,"_jetpack_memberships_contains_paid_content":false,"footnotes":"","jetpack_publicize_message":"","jetpack_publicize_feature_enabled":true,"jetpack_social_post_already_shared":false,"jetpack_social_options":{"image_generator_settings":{"template":"highway","default_image_id":0,"font":"","enabled":false},"version":2}},"categories":[17,1],"tags":[],"class_list":["post-2911","post","type-post","status-publish","format-standard","has-post-thumbnail","hentry","category-politica-y-gobierno","category-sin-categoria"],"jetpack_publicize_connections":[],"jetpack_featured_media_url":"https:\/\/formalprision.com\/wp-content\/uploads\/2014\/07\/blogger-image-1982182207.jpg","jetpack_sharing_enabled":true,"jetpack_shortlink":"https:\/\/wp.me\/p6id8p-KX","_links":{"self":[{"href":"https:\/\/formalprision.com\/index.php?rest_route=\/wp\/v2\/posts\/2911","targetHints":{"allow":["GET"]}}],"collection":[{"href":"https:\/\/formalprision.com\/index.php?rest_route=\/wp\/v2\/posts"}],"about":[{"href":"https:\/\/formalprision.com\/index.php?rest_route=\/wp\/v2\/types\/post"}],"author":[{"embeddable":true,"href":"https:\/\/formalprision.com\/index.php?rest_route=\/wp\/v2\/users\/1"}],"replies":[{"embeddable":true,"href":"https:\/\/formalprision.com\/index.php?rest_route=%2Fwp%2Fv2%2Fcomments&post=2911"}],"version-history":[{"count":0,"href":"https:\/\/formalprision.com\/index.php?rest_route=\/wp\/v2\/posts\/2911\/revisions"}],"wp:featuredmedia":[{"embeddable":true,"href":"https:\/\/formalprision.com\/index.php?rest_route=\/wp\/v2\/media\/15933"}],"wp:attachment":[{"href":"https:\/\/formalprision.com\/index.php?rest_route=%2Fwp%2Fv2%2Fmedia&parent=2911"}],"wp:term":[{"taxonomy":"category","embeddable":true,"href":"https:\/\/formalprision.com\/index.php?rest_route=%2Fwp%2Fv2%2Fcategories&post=2911"},{"taxonomy":"post_tag","embeddable":true,"href":"https:\/\/formalprision.com\/index.php?rest_route=%2Fwp%2Fv2%2Ftags&post=2911"}],"curies":[{"name":"wp","href":"https:\/\/api.w.org\/{rel}","templated":true}]}}