{"id":2912,"date":"2014-07-14T20:29:00","date_gmt":"2014-07-14T20:29:00","guid":{"rendered":"http:\/\/formalprision.info\/2014\/07\/14\/entrega-el-gobernador-auxiliares\/"},"modified":"2015-06-03T08:36:55","modified_gmt":"2015-06-03T08:36:55","slug":"entrega-el-gobernador-auxiliares","status":"publish","type":"post","link":"https:\/\/formalprision.com\/?p=2912","title":{"rendered":"Entrega el Gobernador auxiliares auditivos a m\u00e1s de 500 personas"},"content":{"rendered":"<div style=\"font-family: Noteworthy; font-size: 20px; font-weight: bold; line-height: 26px; -webkit-tap-highlight-color: rgba(26, 26, 26, 0.296875); -webkit-composition-fill-color: rgba(130, 98, 83, 0.0976563); -webkit-composition-frame-color: rgba(191, 107, 82, 0.496094); \">M\u00e9rida, Yucat\u00e1n, 14 de julio de 2014. &#8211; M\u00e1s de 500 personas de 69 municipios de la entidad tendr\u00e1n la oportunidad de mejorar su desarrollo social y laboral, tras recibir auxiliares auditivos del programa \u00abRompiendo el silencio juntos\u201d, que contribuyen a su adaptaci\u00f3n y rehabilitaci\u00f3n.&nbsp;<\/div>\n<div style=\"font-family: Noteworthy; font-size: 20px; font-weight: bold; line-height: 26px; -webkit-tap-highlight-color: rgba(26, 26, 26, 0.296875); -webkit-composition-fill-color: rgba(130, 98, 83, 0.0976563); -webkit-composition-frame-color: rgba(191, 107, 82, 0.496094); \">En evento celebrado en el Centro de Convenciones Yucat\u00e1n Siglo XXI, el Gobernador Rolando Zapata Bello otorg\u00f3 los 585 auxiliares a 564 individuos con esta condici\u00f3n, &nbsp;acciones en las que se invirtieron 832 mil pesos, resultado de un esfuerzo conjunto entre el Sistema para el Desarrollo Integral de la Familia (DIF) estatal y la Fundaci\u00f3n Telmex.<\/div>\n<div style=\"font-family: Noteworthy; font-size: 20px; font-weight: bold; line-height: 26px; -webkit-tap-highlight-color: rgba(26, 26, 26, 0.296875); -webkit-composition-fill-color: rgba(130, 98, 83, 0.0976563); -webkit-composition-frame-color: rgba(191, 107, 82, 0.496094); \">Acompa\u00f1ado de la Presidenta del organismo asistencial, Sarita Blancarte de Zapata, el titular del Poder Ejecutivo asegur\u00f3 que para garantizar el despegue del territorio es necesario que todos los habitantes tengan las mismas oportunidades de lograr la inclusi\u00f3n productiva, laboral y en todos los \u00e1mbitos de la vida sin ning\u00fan tipo de limitaci\u00f3n.<\/div>\n<div style=\"font-family: Noteworthy; font-size: 20px; font-weight: bold; line-height: 26px; -webkit-tap-highlight-color: rgba(26, 26, 26, 0.296875); -webkit-composition-fill-color: rgba(130, 98, 83, 0.0976563); -webkit-composition-frame-color: rgba(191, 107, 82, 0.496094); \">\u00abCon estos apoyos se beneficia a todos, a ni\u00f1os y adultos mayores, porque todos lo necesitan y porque todos se lo merecen. &nbsp;Porque para verdaderamente vivir en una sociedad igualitaria es muy importante tener la visi\u00f3n de que todo el que lo necesita, lo merece y para eso est\u00e1 la acci\u00f3n de Gobierno, para un Yucat\u00e1n incluyente\u00bb, subray\u00f3.<\/div>\n<div style=\"font-family: Noteworthy; font-size: 20px; font-weight: bold; line-height: 26px; -webkit-tap-highlight-color: rgba(26, 26, 26, 0.296875); -webkit-composition-fill-color: rgba(130, 98, 83, 0.0976563); -webkit-composition-frame-color: rgba(191, 107, 82, 0.496094); \">Acompa\u00f1ado de beneficiarios, alcaldes, legisladores, y funcionarios estatales y federales, el mandatario asever\u00f3 que se continuar\u00e1 intensificando el trabajo para que los apoyos lleguen a todas las personas que lo requieren.<\/div>\n<div style=\"font-family: Noteworthy; font-size: 20px; font-weight: bold; line-height: 26px; -webkit-tap-highlight-color: rgba(26, 26, 26, 0.296875); -webkit-composition-fill-color: rgba(130, 98, 83, 0.0976563); -webkit-composition-frame-color: rgba(191, 107, 82, 0.496094); \">\u00abPorque el bienestar en Yucat\u00e1n para que se sienta, tambi\u00e9n se debe escuchar\u00bb, expres\u00f3.<\/div>\n<div style=\"font-family: Noteworthy; font-size: 20px; font-weight: bold; line-height: 26px; -webkit-tap-highlight-color: rgba(26, 26, 26, 0.296875); -webkit-composition-fill-color: rgba(130, 98, 83, 0.0976563); -webkit-composition-frame-color: rgba(191, 107, 82, 0.496094); \">Al hacer uso de la palabra, el director General del DIF estatal, Limber Sosa Lara, destac\u00f3 que acciones de esta naturaleza forman parte del compromiso del Gobierno del Estado para hacer de Yucat\u00e1n una entidad incluyente en la que todos tengan las mismas oportunidades de bienestar y desarrollo.<\/div>\n<div style=\"font-family: Noteworthy; font-size: 20px; font-weight: bold; line-height: 26px; -webkit-tap-highlight-color: rgba(26, 26, 26, 0.296875); -webkit-composition-fill-color: rgba(130, 98, 83, 0.0976563); -webkit-composition-frame-color: rgba(191, 107, 82, 0.496094); \">Indic\u00f3 que de acuerdo a datos del Instituto Nacional de Estad\u00edstica y Geograf\u00eda (Inegi), en el pa\u00eds el \u00edndice de sordera es de tres por cada mil reci\u00e9n nacidos, &nbsp;y en el estado la cifra es de 4.4 por cada mil habitantes.<\/div>\n<div style=\"font-family: Noteworthy; font-size: 20px; font-weight: bold; line-height: 26px; -webkit-tap-highlight-color: rgba(26, 26, 26, 0.296875); -webkit-composition-fill-color: rgba(130, 98, 83, 0.0976563); -webkit-composition-frame-color: rgba(191, 107, 82, 0.496094); \">Durante el encuentro tambi\u00e9n se explic\u00f3 que Yucat\u00e1n tiene una poblaci\u00f3n con un alto \u00edndice de discapacidad auditiva, cuya mayor\u00eda no puede adquirir un aparato por cuenta propia a falta de recursos suficientes, por lo que se implement\u00f3 el programa de donaci\u00f3n para apoyar a las familias y de esta manera facilitarles una adecuada rehabilitaci\u00f3n.&nbsp;<\/div>\n<div style=\"font-family: Noteworthy; font-size: 20px; font-weight: bold; line-height: 26px; -webkit-tap-highlight-color: rgba(26, 26, 26, 0.296875); -webkit-composition-fill-color: rgba(130, 98, 83, 0.0976563); -webkit-composition-frame-color: rgba(191, 107, 82, 0.496094); \">Asistieron al evento, &nbsp;el legislador federal, Mauricio Sahu\u00ed Rivero, y la diputada local, Elsy Sarabia Cruz. Asimismo, el secretario de Desarrollo Social, Nerio Torres Arcila, y el gerente de Operaciones de Fundaci\u00f3n Telmex, Adri\u00e1n Ayala Mayorqu\u00edn.<\/p>\n<div class=\"separator\" style=\"clear: both;\"><a href=\"https:\/\/lh4.googleusercontent.com\/-t1O9pl_gScA\/U8Q9qzJQIXI\/AAAAAAAAiGo\/7qmDSE2ST24\/s640\/blogger-image--332355885.jpg\" imageanchor=\"1\" style=\"margin-left: 1em; margin-right: 1em;\"><img decoding=\"async\" border=\"0\" src=\"https:\/\/lh4.googleusercontent.com\/-t1O9pl_gScA\/U8Q9qzJQIXI\/AAAAAAAAiGo\/7qmDSE2ST24\/s640\/blogger-image--332355885.jpg\"><\/a><\/div>\n<\/div>\n<div><\/div>\n","protected":false},"excerpt":{"rendered":"<p>M\u00e9rida, Yucat\u00e1n, 14 de julio de 2014. &#8211; M\u00e1s de 500 personas de 69 municipios de la entidad tendr\u00e1n la oportunidad de mejorar su desarrollo social y laboral, tras recibir<\/p>\n","protected":false},"author":1,"featured_media":15935,"comment_status":"open","ping_status":"open","sticky":false,"template":"","format":"standard","meta":{"jetpack_post_was_ever_published":false,"_jetpack_newsletter_access":"","_jetpack_dont_email_post_to_subs":false,"_jetpack_newsletter_tier_id":0,"_jetpack_memberships_contains_paywalled_content":false,"_jetpack_memberships_contains_paid_content":false,"footnotes":"","jetpack_publicize_message":"","jetpack_publicize_feature_enabled":true,"jetpack_social_post_already_shared":false,"jetpack_social_options":{"image_generator_settings":{"template":"highway","default_image_id":0,"font":"","enabled":false},"version":2}},"categories":[17,1],"tags":[],"class_list":["post-2912","post","type-post","status-publish","format-standard","has-post-thumbnail","hentry","category-politica-y-gobierno","category-sin-categoria"],"jetpack_publicize_connections":[],"jetpack_featured_media_url":"https:\/\/formalprision.com\/wp-content\/uploads\/2014\/07\/blogger-image-332355885.jpg","jetpack_sharing_enabled":true,"jetpack_shortlink":"https:\/\/wp.me\/p6id8p-KY","_links":{"self":[{"href":"https:\/\/formalprision.com\/index.php?rest_route=\/wp\/v2\/posts\/2912","targetHints":{"allow":["GET"]}}],"collection":[{"href":"https:\/\/formalprision.com\/index.php?rest_route=\/wp\/v2\/posts"}],"about":[{"href":"https:\/\/formalprision.com\/index.php?rest_route=\/wp\/v2\/types\/post"}],"author":[{"embeddable":true,"href":"https:\/\/formalprision.com\/index.php?rest_route=\/wp\/v2\/users\/1"}],"replies":[{"embeddable":true,"href":"https:\/\/formalprision.com\/index.php?rest_route=%2Fwp%2Fv2%2Fcomments&post=2912"}],"version-history":[{"count":0,"href":"https:\/\/formalprision.com\/index.php?rest_route=\/wp\/v2\/posts\/2912\/revisions"}],"wp:featuredmedia":[{"embeddable":true,"href":"https:\/\/formalprision.com\/index.php?rest_route=\/wp\/v2\/media\/15935"}],"wp:attachment":[{"href":"https:\/\/formalprision.com\/index.php?rest_route=%2Fwp%2Fv2%2Fmedia&parent=2912"}],"wp:term":[{"taxonomy":"category","embeddable":true,"href":"https:\/\/formalprision.com\/index.php?rest_route=%2Fwp%2Fv2%2Fcategories&post=2912"},{"taxonomy":"post_tag","embeddable":true,"href":"https:\/\/formalprision.com\/index.php?rest_route=%2Fwp%2Fv2%2Ftags&post=2912"}],"curies":[{"name":"wp","href":"https:\/\/api.w.org\/{rel}","templated":true}]}}